{"id":3358,"date":"2026-02-07T11:53:33","date_gmt":"2026-02-07T14:53:33","guid":{"rendered":"https:\/\/oexpressobr.com.br\/?p=3358"},"modified":"2026-02-07T11:53:35","modified_gmt":"2026-02-07T14:53:35","slug":"ctfc-aprova-projeto-de-ciro-nogueira-que-obriga-hoteis-a-reduzir-valor-de-diarias-curtas","status":"publish","type":"post","link":"https:\/\/oexpressobr.com.br\/?p=3358","title":{"rendered":"CTFC aprova projeto de Ciro Nogueira que obriga hot\u00e9is a reduzir valor de di\u00e1rias curtas"},"content":{"rendered":"\n<p class=\"wp-block-paragraph\">Em uma decis\u00e3o que promete impactar diretamente o bolso dos viajantes e a gest\u00e3o do setor hoteleiro, a <strong>Comiss\u00e3o de Fiscaliza\u00e7\u00e3o e Controle e Defesa do Consumidor (CTFC)<\/strong> do Senado aprovou, nesta quarta-feira (4 de fevereiro de 2026), o <strong>Projeto de Lei 2.645\/2019<\/strong>. A proposta, de autoria do senador <strong>Ciro Nogueira (PP-PI)<\/strong>, estabelece que hot\u00e9is e pousadas devem aplicar uma redu\u00e7\u00e3o proporcional no valor da di\u00e1ria caso o per\u00edodo de perman\u00eancia oferecido no primeiro dia seja inferior a <strong>21 horas<\/strong>.<\/p>\n\n\n\n<h3 class=\"wp-block-heading\">\u200bO que muda para o consumidor<\/h3>\n\n\n\n<p class=\"wp-block-paragraph\">\u200bAtualmente, a Lei Geral do Turismo define a di\u00e1ria como um per\u00edodo de 24 horas. No entanto, \u00e9 pr\u00e1tica comum no mercado que estabelecimentos fixem hor\u00e1rios r\u00edgidos \u2014 como entrada (<em>check-in<\/em>) \u00e0s 14h e sa\u00edda (<em>check-out<\/em>) \u00e0s 11h \u2014 resultando em uma estada real de apenas 21 horas, embora o valor cobrado seja referente ao dia inteiro.<\/p>\n\n\n\n<p class=\"wp-block-paragraph\">\u200bCom a nova regulamenta\u00e7\u00e3o:<\/p>\n\n\n\n<ul class=\"wp-block-list\">\n<li>\u200b<strong>Tempo M\u00ednimo:<\/strong> A primeira di\u00e1ria n\u00e3o poder\u00e1 ser menor que 21 horas.<\/li>\n\n\n\n<li>\u200b<strong>Desconto Proporcional:<\/strong> Se o hotel estabelecer um per\u00edodo inferior a esse limite, o valor cobrado do h\u00f3spede dever\u00e1 ser reduzido proporcionalmente.<\/li>\n\n\n\n<li>\u200b<strong>Atrasos na Entrega:<\/strong> Caso o quarto n\u00e3o esteja dispon\u00edvel no hor\u00e1rio contratado por culpa do fornecedor, o estabelecimento ser\u00e1 obrigado a compensar o cliente com abatimento no pre\u00e7o.<\/li>\n<\/ul>\n\n\n\n<h3 class=\"wp-block-heading\">\u200bAjustes e tramita\u00e7\u00e3o<\/h3>\n\n\n\n<p class=\"wp-block-paragraph\">\u200bO texto aprovado \u00e9 um substitutivo do relator, senador <strong>Dr. Hiran (PP-RR)<\/strong>, que acatou parcialmente uma sugest\u00e3o do senador <strong>Efraim Filho (Uni\u00e3o-PB)<\/strong>. Inicialmente, o projeto previa um m\u00ednimo de 22 horas, mas o colegiado optou por fixar em 21 horas para equilibrar os direitos do consumidor com o tempo necess\u00e1rio para a higieniza\u00e7\u00e3o e organiza\u00e7\u00e3o dos quartos pelas camareiras.<\/p>\n\n\n\n<p class=\"wp-block-paragraph\">\u200bOutra mudan\u00e7a importante foi a &#8220;nacionaliza\u00e7\u00e3o&#8221; dos termos t\u00e9cnicos: o projeto substitui oficialmente as express\u00f5es estrangeiras <em>check-in<\/em> e <em>check-out<\/em> pelos termos em portugu\u00eas <strong>entrada<\/strong> e <strong>sa\u00edda<\/strong>.<\/p>\n\n\n\n<blockquote class=\"wp-block-quote is-layout-flow wp-block-quote-is-layout-flow\">\n<p class=\"wp-block-paragraph\">\u200b&#8221;Atualmente, o consumidor \u00e9 prejudicado por hot\u00e9is que fixam o in\u00edcio da di\u00e1ria sem levar em conta a chegada do cliente ou que antecipam a sa\u00edda de forma abusiva&#8221;, justificou Dr. Hiran durante a leitura do relat\u00f3rio.<\/p>\n<\/blockquote>\n\n\n\n<h3 class=\"wp-block-heading\">\u200bPr\u00f3ximos Passos<\/h3>\n\n\n\n<p class=\"wp-block-paragraph\">\u200bComo a decis\u00e3o da CTFC foi em car\u00e1ter <strong>terminativo<\/strong>, o projeto n\u00e3o precisa passar pelo Plen\u00e1rio do Senado, a menos que haja um recurso assinado por senadores. Caso contr\u00e1rio, a mat\u00e9ria segue diretamente para an\u00e1lise da <strong>C\u00e2mara dos Deputados<\/strong>. Se aprovada e sancionada, a medida alterar\u00e1 a Lei 11.771\/2008 (Lei Geral do Turismo).<\/p>\n","protected":false},"excerpt":{"rendered":"<p>Em uma decis\u00e3o que promete impactar diretamente o bolso dos viajantes e a gest\u00e3o do setor hoteleiro, a Comiss\u00e3o de Fiscaliza\u00e7\u00e3o e Controle e Defesa [&#8230;]<\/p>\n","protected":false},"author":1,"featured_media":3359,"comment_status":"open","ping_status":"open","sticky":false,"template":"","format":"standard","meta":{"_crdt_document":"","_jetpack_memberships_contains_paid_content":false,"footnotes":"","jetpack_publicize_message":"","jetpack_publicize_feature_enabled":true,"jetpack_social_post_already_shared":true,"jetpack_social_options":{"image_generator_settings":{"template":"highway","default_image_id":0,"font":"","enabled":false},"version":2}},"categories":[3],"tags":[],"class_list":["post-3358","post","type-post","status-publish","format-standard","has-post-thumbnail","hentry","category-brasil"],"jetpack_publicize_connections":[],"jetpack_featured_media_url":"https:\/\/i0.wp.com\/oexpressobr.com.br\/wp-content\/uploads\/2026\/02\/IMG-20260207-WA0152.jpg?fit=1024%2C1280&ssl=1","jetpack_likes_enabled":true,"jetpack_sharing_enabled":true,"_links":{"self":[{"href":"https:\/\/oexpressobr.com.br\/index.php?rest_route=\/wp\/v2\/posts\/3358","targetHints":{"allow":["GET"]}}],"collection":[{"href":"https:\/\/oexpressobr.com.br\/index.php?rest_route=\/wp\/v2\/posts"}],"about":[{"href":"https:\/\/oexpressobr.com.br\/index.php?rest_route=\/wp\/v2\/types\/post"}],"author":[{"embeddable":true,"href":"https:\/\/oexpressobr.com.br\/index.php?rest_route=\/wp\/v2\/users\/1"}],"replies":[{"embeddable":true,"href":"https:\/\/oexpressobr.com.br\/index.php?rest_route=%2Fwp%2Fv2%2Fcomments&post=3358"}],"version-history":[{"count":1,"href":"https:\/\/oexpressobr.com.br\/index.php?rest_route=\/wp\/v2\/posts\/3358\/revisions"}],"predecessor-version":[{"id":3360,"href":"https:\/\/oexpressobr.com.br\/index.php?rest_route=\/wp\/v2\/posts\/3358\/revisions\/3360"}],"wp:featuredmedia":[{"embeddable":true,"href":"https:\/\/oexpressobr.com.br\/index.php?rest_route=\/wp\/v2\/media\/3359"}],"wp:attachment":[{"href":"https:\/\/oexpressobr.com.br\/index.php?rest_route=%2Fwp%2Fv2%2Fmedia&parent=3358"}],"wp:term":[{"taxonomy":"category","embeddable":true,"href":"https:\/\/oexpressobr.com.br\/index.php?rest_route=%2Fwp%2Fv2%2Fcategories&post=3358"},{"taxonomy":"post_tag","embeddable":true,"href":"https:\/\/oexpressobr.com.br\/index.php?rest_route=%2Fwp%2Fv2%2Ftags&post=3358"}],"curies":[{"name":"wp","href":"https:\/\/api.w.org\/{rel}","templated":true}]}}