{"id":3364,"date":"2026-02-07T12:01:57","date_gmt":"2026-02-07T15:01:57","guid":{"rendered":"https:\/\/oexpressobr.com.br\/?p=3364"},"modified":"2026-02-07T12:01:59","modified_gmt":"2026-02-07T15:01:59","slug":"vozes-silenciosas-mppr-e-sociedade-avancam-na-protecao-juridica-e-bem-estar-dos-animais","status":"publish","type":"post","link":"https:\/\/oexpressobr.com.br\/?p=3364","title":{"rendered":"Vozes silenciosas: MPPR e sociedade avan\u00e7am na prote\u00e7\u00e3o jur\u00eddica e bem-estar dos animais"},"content":{"rendered":"\n<p class=\"wp-block-paragraph\">\u200bA pergunta &#8220;se os animais pudessem dizer o que sentem, o que diriam?&#8221; deixou de ser um exerc\u00edcio filos\u00f3fico para se tornar o pilar de uma transforma\u00e7\u00e3o jur\u00eddica e social no Brasil. Liderada por \u00f3rg\u00e3os como o <strong>Minist\u00e9rio P\u00fablico do Paran\u00e1 (MPPR)<\/strong>, a luta pelo reconhecimento dos direitos animais ganha novos cap\u00edtulos, movida pela ci\u00eancia da senci\u00eancia \u2014 a capacidade comprovada de c\u00e3es, gatos, cavalos e animais silvestres sentirem dor, medo e alegria.<\/p>\n\n\n\n<h3 class=\"wp-block-heading\">\u200bDo objeto ao sujeito: A mudan\u00e7a na lei<\/h3>\n\n\n\n<p class=\"wp-block-paragraph\">\u200bHistoricamente tratados como &#8220;coisas&#8221; ou propriedades pelo C\u00f3digo Civil, os animais est\u00e3o migrando para uma nova categoria jur\u00eddica. No Paran\u00e1, o MPPR tem sido uma das vozes mais ativas atrav\u00e9s de campanhas e canais de den\u00fancia, refor\u00e7ando que maltratar animais n\u00e3o \u00e9 apenas uma falha moral, mas um <strong>crime ambiental grave<\/strong>.<\/p>\n\n\n\n<p class=\"wp-block-paragraph\">\u200bAs &#8220;\u00faltimas novidades&#8221; no cen\u00e1rio jur\u00eddico brasileiro mostram que o Judici\u00e1rio est\u00e1 cada vez mais favor\u00e1vel \u00e0 tese de que animais s\u00e3o <strong>sujeitos de direitos despersonificados<\/strong>. Isso significa que eles podem, em alguns casos, ser autores de a\u00e7\u00f5es judiciais representados por ONGs, buscando repara\u00e7\u00e3o por maus-tratos.<\/p>\n\n\n\n<h3 class=\"wp-block-heading\">\u200bO papel fundamental da den\u00fancia<\/h3>\n\n\n\n<p class=\"wp-block-paragraph\">\u200bA campanha veiculada pelo Minist\u00e9rio P\u00fablico busca conscientizar a popula\u00e7\u00e3o de que a omiss\u00e3o tamb\u00e9m \u00e9 uma forma de viol\u00eancia. Atualmente, os principais avan\u00e7os no setor incluem:<\/p>\n\n\n\n<ul class=\"wp-block-list\">\n<li>\u200b<strong>Lei Sans\u00e3o:<\/strong> Endurecimento das penas para maus-tratos contra c\u00e3es e gatos, com reclus\u00e3o de dois a cinco anos.<\/li>\n\n\n\n<li>\u200b<strong>Delegacias Especializadas:<\/strong> Aumento do suporte policial para casos de abandono e viol\u00eancia f\u00edsica.<\/li>\n\n\n\n<li>\u200b<strong>Fiscaliza\u00e7\u00e3o via Redes Sociais:<\/strong> O monitoramento de v\u00eddeos de crueldade tem permitido o resgate imediato e a puni\u00e7\u00e3o de agressores em tempo recorde.<\/li>\n<\/ul>\n\n\n\n<h3 class=\"wp-block-heading\">\u200bO que eles diriam?<\/h3>\n\n\n\n<p class=\"wp-block-paragraph\">\u200bEspecialistas em comportamento animal afirmam que, se pudessem falar, a mensagem seria de <strong>respeito e autonomia<\/strong>. O direito \u00e0 vida, \u00e0 integridade f\u00edsica e a um ambiente livre de estresse n\u00e3o s\u00e3o &#8220;mimos&#8221;, mas necessidades b\u00e1sicas reconhecidas pela Declara\u00e7\u00e3o Universal dos Direitos dos Animais.<\/p>\n\n\n\n<blockquote class=\"wp-block-quote is-layout-flow wp-block-quote-is-layout-flow\">\n<p class=\"wp-block-paragraph\">\u200b&#8221;A prote\u00e7\u00e3o animal \u00e9 um reflexo do grau de civiliza\u00e7\u00e3o de uma sociedade. Quando protegemos os mais vulner\u00e1veis, protegemos a nossa pr\u00f3pria humanidade.&#8221;<\/p>\n<\/blockquote>\n","protected":false},"excerpt":{"rendered":"<p>\u200bA pergunta &#8220;se os animais pudessem dizer o que sentem, o que diriam?&#8221; deixou de ser um exerc\u00edcio filos\u00f3fico para se tornar o pilar de [&#8230;]<\/p>\n","protected":false},"author":1,"featured_media":3365,"comment_status":"open","ping_status":"open","sticky":false,"template":"","format":"standard","meta":{"_crdt_document":"","_jetpack_memberships_contains_paid_content":false,"footnotes":"","jetpack_publicize_message":"","jetpack_publicize_feature_enabled":true,"jetpack_social_post_already_shared":true,"jetpack_social_options":{"image_generator_settings":{"template":"highway","default_image_id":0,"font":"","enabled":false},"version":2}},"categories":[5],"tags":[],"class_list":["post-3364","post","type-post","status-publish","format-standard","has-post-thumbnail","hentry","category-parana"],"jetpack_publicize_connections":[],"jetpack_featured_media_url":"https:\/\/i0.wp.com\/oexpressobr.com.br\/wp-content\/uploads\/2026\/02\/IMG-20260207-WA0154.jpg?fit=900%2C1600&ssl=1","jetpack_likes_enabled":true,"jetpack_sharing_enabled":true,"_links":{"self":[{"href":"https:\/\/oexpressobr.com.br\/index.php?rest_route=\/wp\/v2\/posts\/3364","targetHints":{"allow":["GET"]}}],"collection":[{"href":"https:\/\/oexpressobr.com.br\/index.php?rest_route=\/wp\/v2\/posts"}],"about":[{"href":"https:\/\/oexpressobr.com.br\/index.php?rest_route=\/wp\/v2\/types\/post"}],"author":[{"embeddable":true,"href":"https:\/\/oexpressobr.com.br\/index.php?rest_route=\/wp\/v2\/users\/1"}],"replies":[{"embeddable":true,"href":"https:\/\/oexpressobr.com.br\/index.php?rest_route=%2Fwp%2Fv2%2Fcomments&post=3364"}],"version-history":[{"count":1,"href":"https:\/\/oexpressobr.com.br\/index.php?rest_route=\/wp\/v2\/posts\/3364\/revisions"}],"predecessor-version":[{"id":3366,"href":"https:\/\/oexpressobr.com.br\/index.php?rest_route=\/wp\/v2\/posts\/3364\/revisions\/3366"}],"wp:featuredmedia":[{"embeddable":true,"href":"https:\/\/oexpressobr.com.br\/index.php?rest_route=\/wp\/v2\/media\/3365"}],"wp:attachment":[{"href":"https:\/\/oexpressobr.com.br\/index.php?rest_route=%2Fwp%2Fv2%2Fmedia&parent=3364"}],"wp:term":[{"taxonomy":"category","embeddable":true,"href":"https:\/\/oexpressobr.com.br\/index.php?rest_route=%2Fwp%2Fv2%2Fcategories&post=3364"},{"taxonomy":"post_tag","embeddable":true,"href":"https:\/\/oexpressobr.com.br\/index.php?rest_route=%2Fwp%2Fv2%2Ftags&post=3364"}],"curies":[{"name":"wp","href":"https:\/\/api.w.org\/{rel}","templated":true}]}}