{"id":3370,"date":"2026-02-07T12:11:50","date_gmt":"2026-02-07T15:11:50","guid":{"rendered":"https:\/\/oexpressobr.com.br\/?p=3370"},"modified":"2026-02-07T12:11:54","modified_gmt":"2026-02-07T15:11:54","slug":"mppr-lanca-campanha-mp-pra-voce-para-aproximar-instituicao-do-cotidiano-dos-paranaenses","status":"publish","type":"post","link":"https:\/\/oexpressobr.com.br\/?p=3370","title":{"rendered":"MPPR lan\u00e7a campanha &#8220;MP pra Voc\u00ea&#8221; para aproximar institui\u00e7\u00e3o do cotidiano dos paranaenses"},"content":{"rendered":"\n<p class=\"wp-block-paragraph\">O <strong>Minist\u00e9rio P\u00fablico do Paran\u00e1 (MPPR)<\/strong> deu in\u00edcio, nesta semana, a uma nova estrat\u00e9gia de comunica\u00e7\u00e3o institucional intitulada <strong>&#8220;MP pra Voc\u00ea&#8221;<\/strong>. O objetivo central da iniciativa \u00e9 desmistificar a atua\u00e7\u00e3o dos promotores e procuradores de Justi\u00e7a, utilizando uma linguagem acess\u00edvel e exemplos pr\u00e1ticos para mostrar como o \u00f3rg\u00e3o impacta diretamente a vida do cidad\u00e3o comum.<\/p>\n\n\n\n<p class=\"wp-block-paragraph\">\u200bA campanha surge em um momento de busca por maior transpar\u00eancia e proximidade com a sociedade. Atrav\u00e9s de v\u00eddeos, artes e conte\u00fados interativos, o MPPR pretende responder \u00e0 pergunta que muitos ainda fazem: <strong>&#8220;O que, de fato, o Minist\u00e9rio P\u00fablico faz por mim?&#8221;<\/strong><\/p>\n\n\n\n<h3 class=\"wp-block-heading\">\u200bFoco em resultados reais e linguagem simples<\/h3>\n\n\n\n<p class=\"wp-block-paragraph\">\u200bDiferente das comunica\u00e7\u00f5es jur\u00eddicas tradicionais, muitas vezes repletas de termos t\u00e9cnicos (o famoso &#8220;juridiqu\u00eas&#8221;), a &#8220;MP pra Voc\u00ea&#8221; aposta no <strong>didatismo<\/strong>. A proposta \u00e9 apresentar casos reais em que a interven\u00e7\u00e3o da institui\u00e7\u00e3o garantiu direitos fundamentais, como:<\/p>\n\n\n\n<ul class=\"wp-block-list\">\n<li>\u200b<strong>Sa\u00fade:<\/strong> Acesso a medicamentos e leitos hospitalares.<\/li>\n\n\n\n<li>\u200b<strong>Educa\u00e7\u00e3o:<\/strong> Garantia de vagas em creches e qualidade no ensino.<\/li>\n\n\n\n<li>\u200b<strong>Seguran\u00e7a e Meio Ambiente:<\/strong> Prote\u00e7\u00e3o contra crimes e preserva\u00e7\u00e3o de \u00e1reas degradadas.<\/li>\n\n\n\n<li>\u200b<strong>Direito do Consumidor:<\/strong> Combate a abusos de empresas e servi\u00e7os p\u00fablicos.<\/li>\n<\/ul>\n\n\n\n<h3 class=\"wp-block-heading\">\u200bO papel do Minist\u00e9rio P\u00fablico no seu dia a dia<\/h3>\n\n\n\n<p class=\"wp-block-paragraph\">\u200bDe acordo com o material divulgado pela institui\u00e7\u00e3o, a ideia \u00e9 que o paranaense entenda que o MP \u00e9 o <strong>&#8220;advogado da sociedade&#8221;<\/strong>. A campanha refor\u00e7a que o \u00f3rg\u00e3o est\u00e1 de portas abertas n\u00e3o apenas para punir irregularidades, mas para prevenir conflitos e transformar realidades sociais.<\/p>\n\n\n\n<blockquote class=\"wp-block-quote is-layout-flow wp-block-quote-is-layout-flow\">\n<p class=\"wp-block-paragraph\">\u200b&#8221;A ideia \u00e9 refor\u00e7ar, de maneira simples e acess\u00edvel, que a popula\u00e7\u00e3o pode contar com o Minist\u00e9rio P\u00fablico para efetivar seus direitos&#8221;, afirma a institui\u00e7\u00e3o em suas redes sociais.<\/p>\n<\/blockquote>\n\n\n\n<h3 class=\"wp-block-heading\">\u200bComo acompanhar<\/h3>\n\n\n\n<p class=\"wp-block-paragraph\">\u200bA campanha ter\u00e1 forte presen\u00e7a digital, especialmente no <strong>Instagram (@mpparana)<\/strong> e no site oficial da institui\u00e7\u00e3o. Os conte\u00fados ser\u00e3o segmentados para atingir diversos p\u00fablicos, desde jovens em idade escolar at\u00e9 idosos que precisam de orienta\u00e7\u00e3o sobre seus direitos espec\u00edficos.<\/p>\n","protected":false},"excerpt":{"rendered":"<p>O Minist\u00e9rio P\u00fablico do Paran\u00e1 (MPPR) deu in\u00edcio, nesta semana, a uma nova estrat\u00e9gia de comunica\u00e7\u00e3o institucional intitulada &#8220;MP pra Voc\u00ea&#8221;. O objetivo central da [&#8230;]<\/p>\n","protected":false},"author":1,"featured_media":3371,"comment_status":"open","ping_status":"open","sticky":false,"template":"","format":"standard","meta":{"_crdt_document":"","_jetpack_memberships_contains_paid_content":false,"footnotes":"","jetpack_publicize_message":"","jetpack_publicize_feature_enabled":true,"jetpack_social_post_already_shared":true,"jetpack_social_options":{"image_generator_settings":{"template":"highway","default_image_id":0,"font":"","enabled":false},"version":2}},"categories":[5],"tags":[],"class_list":["post-3370","post","type-post","status-publish","format-standard","has-post-thumbnail","hentry","category-parana"],"jetpack_publicize_connections":[],"jetpack_featured_media_url":"https:\/\/i0.wp.com\/oexpressobr.com.br\/wp-content\/uploads\/2026\/02\/IMG-20250910-WA0440.jpg?fit=900%2C600&ssl=1","jetpack_likes_enabled":true,"jetpack_sharing_enabled":true,"_links":{"self":[{"href":"https:\/\/oexpressobr.com.br\/index.php?rest_route=\/wp\/v2\/posts\/3370","targetHints":{"allow":["GET"]}}],"collection":[{"href":"https:\/\/oexpressobr.com.br\/index.php?rest_route=\/wp\/v2\/posts"}],"about":[{"href":"https:\/\/oexpressobr.com.br\/index.php?rest_route=\/wp\/v2\/types\/post"}],"author":[{"embeddable":true,"href":"https:\/\/oexpressobr.com.br\/index.php?rest_route=\/wp\/v2\/users\/1"}],"replies":[{"embeddable":true,"href":"https:\/\/oexpressobr.com.br\/index.php?rest_route=%2Fwp%2Fv2%2Fcomments&post=3370"}],"version-history":[{"count":1,"href":"https:\/\/oexpressobr.com.br\/index.php?rest_route=\/wp\/v2\/posts\/3370\/revisions"}],"predecessor-version":[{"id":3372,"href":"https:\/\/oexpressobr.com.br\/index.php?rest_route=\/wp\/v2\/posts\/3370\/revisions\/3372"}],"wp:featuredmedia":[{"embeddable":true,"href":"https:\/\/oexpressobr.com.br\/index.php?rest_route=\/wp\/v2\/media\/3371"}],"wp:attachment":[{"href":"https:\/\/oexpressobr.com.br\/index.php?rest_route=%2Fwp%2Fv2%2Fmedia&parent=3370"}],"wp:term":[{"taxonomy":"category","embeddable":true,"href":"https:\/\/oexpressobr.com.br\/index.php?rest_route=%2Fwp%2Fv2%2Fcategories&post=3370"},{"taxonomy":"post_tag","embeddable":true,"href":"https:\/\/oexpressobr.com.br\/index.php?rest_route=%2Fwp%2Fv2%2Ftags&post=3370"}],"curies":[{"name":"wp","href":"https:\/\/api.w.org\/{rel}","templated":true}]}}