{"id":3373,"date":"2026-02-07T12:16:48","date_gmt":"2026-02-07T15:16:48","guid":{"rendered":"https:\/\/oexpressobr.com.br\/?p=3373"},"modified":"2026-02-07T12:16:50","modified_gmt":"2026-02-07T15:16:50","slug":"eca-35-anos-avancos-e-desafios-na-protecao-integral-de-criancas-e-adolescentes-no-brasil","status":"publish","type":"post","link":"https:\/\/oexpressobr.com.br\/?p=3373","title":{"rendered":"ECA 35 anos: Avan\u00e7os e desafios na prote\u00e7\u00e3o integral de crian\u00e7as e adolescentes no Brasil"},"content":{"rendered":"\n<p class=\"wp-block-paragraph\">Completar <strong>35 anos<\/strong> n\u00e3o \u00e9 apenas um marco cronol\u00f3gico para o <strong>Estatuto da Crian\u00e7a e do Adolescente (ECA)<\/strong>, mas um convite \u00e0 reflex\u00e3o sobre a efic\u00e1cia da prote\u00e7\u00e3o integral no Brasil. Institu\u00edda pela Lei n\u00ba 8.069 em 1990, a legisla\u00e7\u00e3o tirou crian\u00e7as e adolescentes da invisibilidade jur\u00eddica, elevando-os ao status de <strong>sujeitos de direitos<\/strong> com prioridade absoluta.<\/p>\n\n\n\n<h3 class=\"wp-block-heading\">\u200bAfinal, para que serve o ECA?<\/h3>\n\n\n\n<p class=\"wp-block-paragraph\">\u200bDiferente da antiga &#8220;Doutrina da Situa\u00e7\u00e3o Irregular&#8221;, que focava apenas em jovens em conflito com a lei ou em situa\u00e7\u00e3o de abandono, o ECA foi desenhado para ser um escudo para <strong>todos<\/strong>. Ele funciona como um guia para o Estado, a fam\u00edlia e a sociedade, garantindo:<\/p>\n\n\n\n<ul class=\"wp-block-list\">\n<li>\u200b<strong>Direito \u00e0 conviv\u00eancia familiar:<\/strong> Priorizando a manuten\u00e7\u00e3o da crian\u00e7a em sua fam\u00edlia de origem e regulamentando a ado\u00e7\u00e3o de forma segura.<\/li>\n\n\n\n<li>\u200b<strong>Prote\u00e7\u00e3o contra viol\u00eancia:<\/strong> Desde o combate ao castigo f\u00edsico at\u00e9 a estrutura\u00e7\u00e3o da rede de den\u00fancias (Disque 100).<\/li>\n\n\n\n<li>\u200b<strong>Acesso \u00e0 educa\u00e7\u00e3o e sa\u00fade:<\/strong> Garantindo que o desenvolvimento f\u00edsico e mental seja o norte das pol\u00edticas p\u00fablicas.<\/li>\n<\/ul>\n\n\n\n<h3 class=\"wp-block-heading\">\u200bOs novos campos de batalha: O mundo digital<\/h3>\n\n\n\n<p class=\"wp-block-paragraph\">\u200bSe em 1990 a preocupa\u00e7\u00e3o era a erradica\u00e7\u00e3o do trabalho infantil nas ruas, em 2026 o foco se expandiu para o <strong>ambiente virtual<\/strong>. Com a consolida\u00e7\u00e3o de novas diretrizes para a seguran\u00e7a digital, o ECA tem sido a base para combater crimes como o <em>cyberbullying<\/em>, o aliciamento em redes sociais e a exposi\u00e7\u00e3o de dados de menores por intelig\u00eancias artificiais sem consentimento.<\/p>\n\n\n\n<p class=\"wp-block-paragraph\">\u200bEspecialistas do Minist\u00e9rio P\u00fablico refor\u00e7am que a legisla\u00e7\u00e3o \u00e9 &#8220;viva&#8221; e precisa de constante atualiza\u00e7\u00e3o para responder aos algoritmos. A prote\u00e7\u00e3o hoje envolve n\u00e3o apenas o cuidado f\u00edsico, mas a preserva\u00e7\u00e3o da <strong>sa\u00fade mental<\/strong> diante da hiperconectividade.<\/p>\n\n\n\n<h3 class=\"wp-block-heading\">\u200bA &#8220;Prioridade Absoluta&#8221; na pr\u00e1tica<\/h3>\n\n\n\n<p class=\"wp-block-paragraph\">\u200bO conceito de prioridade absoluta, destacado pelo Minist\u00e9rio P\u00fablico do Paran\u00e1 (MPPR), implica que, na formula\u00e7\u00e3o de pol\u00edticas p\u00fablicas e na destina\u00e7\u00e3o de recursos, a inf\u00e2ncia deve estar sempre no topo da lista.<\/p>\n\n\n\n<blockquote class=\"wp-block-quote is-layout-flow wp-block-quote-is-layout-flow\">\n<p class=\"wp-block-paragraph\">\u200b&#8221;O ECA n\u00e3o \u00e9 uma lei apenas para quem &#8216;est\u00e1 em erro&#8217;, mas uma ferramenta de cidadania que garante que o futuro do pa\u00eds receba o melhor investimento poss\u00edvel hoje&#8221;, afirmam juristas da \u00e1rea.<\/p>\n<\/blockquote>\n\n\n\n<h3 class=\"wp-block-heading\">\u200bPrincipais desafios para o futuro<\/h3>\n\n\n\n<p class=\"wp-block-paragraph\">\u200bApesar dos avan\u00e7os, o Brasil ainda enfrenta obst\u00e1culos severos para a plena execu\u00e7\u00e3o do Estatuto:<\/p>\n\n\n\n<ol class=\"wp-block-list\">\n<li>\u200b<strong>Desigualdade Regional:<\/strong> O acesso a Conselhos Tutelares estruturados ainda varia drasticamente entre capitais e o interior.<\/li>\n\n\n\n<li>\u200b<strong>Evas\u00e3o Escolar:<\/strong> Recuperar o ritmo de aprendizado e perman\u00eancia nas escolas p\u00f3s-crises globais.<\/li>\n\n\n\n<li>\u200b<strong>Combate ao Abuso Sexual:<\/strong> Aumentar a efic\u00e1cia das redes de prote\u00e7\u00e3o em casos intradomiciliares.<\/li>\n<\/ol>\n\n\n\n<p class=\"wp-block-paragraph\">\u200bComemorar os 35 anos do ECA \u00e9 celebrar a exist\u00eancia de uma das leis mais avan\u00e7adas do mundo, mas tamb\u00e9m cobrar que o papel saia da teoria e chegue a cada escola, pra\u00e7a e lar brasileiro.<\/p>\n","protected":false},"excerpt":{"rendered":"<p>Completar 35 anos n\u00e3o \u00e9 apenas um marco cronol\u00f3gico para o Estatuto da Crian\u00e7a e do Adolescente (ECA), mas um convite \u00e0 reflex\u00e3o sobre a [&#8230;]<\/p>\n","protected":false},"author":1,"featured_media":3374,"comment_status":"open","ping_status":"open","sticky":false,"template":"","format":"standard","meta":{"_crdt_document":"","_jetpack_memberships_contains_paid_content":false,"footnotes":"","jetpack_publicize_message":"","jetpack_publicize_feature_enabled":true,"jetpack_social_post_already_shared":true,"jetpack_social_options":{"image_generator_settings":{"template":"highway","default_image_id":0,"font":"","enabled":false},"version":2}},"categories":[3],"tags":[],"class_list":["post-3373","post","type-post","status-publish","format-standard","has-post-thumbnail","hentry","category-brasil"],"jetpack_publicize_connections":[],"jetpack_featured_media_url":"https:\/\/i0.wp.com\/oexpressobr.com.br\/wp-content\/uploads\/2026\/02\/IMG-20250718-WA0201.jpg?fit=1080%2C1350&ssl=1","jetpack_likes_enabled":true,"jetpack_sharing_enabled":true,"_links":{"self":[{"href":"https:\/\/oexpressobr.com.br\/index.php?rest_route=\/wp\/v2\/posts\/3373","targetHints":{"allow":["GET"]}}],"collection":[{"href":"https:\/\/oexpressobr.com.br\/index.php?rest_route=\/wp\/v2\/posts"}],"about":[{"href":"https:\/\/oexpressobr.com.br\/index.php?rest_route=\/wp\/v2\/types\/post"}],"author":[{"embeddable":true,"href":"https:\/\/oexpressobr.com.br\/index.php?rest_route=\/wp\/v2\/users\/1"}],"replies":[{"embeddable":true,"href":"https:\/\/oexpressobr.com.br\/index.php?rest_route=%2Fwp%2Fv2%2Fcomments&post=3373"}],"version-history":[{"count":1,"href":"https:\/\/oexpressobr.com.br\/index.php?rest_route=\/wp\/v2\/posts\/3373\/revisions"}],"predecessor-version":[{"id":3375,"href":"https:\/\/oexpressobr.com.br\/index.php?rest_route=\/wp\/v2\/posts\/3373\/revisions\/3375"}],"wp:featuredmedia":[{"embeddable":true,"href":"https:\/\/oexpressobr.com.br\/index.php?rest_route=\/wp\/v2\/media\/3374"}],"wp:attachment":[{"href":"https:\/\/oexpressobr.com.br\/index.php?rest_route=%2Fwp%2Fv2%2Fmedia&parent=3373"}],"wp:term":[{"taxonomy":"category","embeddable":true,"href":"https:\/\/oexpressobr.com.br\/index.php?rest_route=%2Fwp%2Fv2%2Fcategories&post=3373"},{"taxonomy":"post_tag","embeddable":true,"href":"https:\/\/oexpressobr.com.br\/index.php?rest_route=%2Fwp%2Fv2%2Ftags&post=3373"}],"curies":[{"name":"wp","href":"https:\/\/api.w.org\/{rel}","templated":true}]}}