{"id":3376,"date":"2026-02-07T12:21:14","date_gmt":"2026-02-07T15:21:14","guid":{"rendered":"https:\/\/oexpressobr.com.br\/?p=3376"},"modified":"2026-02-07T12:21:16","modified_gmt":"2026-02-07T15:21:16","slug":"flavio-dino-e-stf-definem-data-para-decidir-fim-de-penduricalhos-nos-tres-poderes","status":"publish","type":"post","link":"https:\/\/oexpressobr.com.br\/?p=3376","title":{"rendered":"Fl\u00e1vio Dino e STF definem data para decidir fim de &#8220;penduricalhos&#8221; nos Tr\u00eas Poderes"},"content":{"rendered":"\n<p class=\"wp-block-paragraph\">\u200bO <strong>Supremo Tribunal Federal (STF)<\/strong> marcou para o dia <strong>25 de fevereiro<\/strong> o julgamento presencial que deve selar o destino dos chamados &#8220;penduricalhos&#8221; \u2014 verbas indenizat\u00f3rias que, na pr\u00e1tica, elevam os sal\u00e1rios de servidores e magistrados acima do teto constitucional. O caso ganhou urg\u00eancia ap\u00f3s uma decis\u00e3o liminar do ministro <strong>Fl\u00e1vio Dino<\/strong>, que determinou a suspens\u00e3o imediata de pagamentos sem base legal.<\/p>\n\n\n\n<h2 class=\"wp-block-heading\">\u200bO &#8220;Imp\u00e9rio dos Penduricalhos&#8221; na mira da Corte<\/h2>\n\n\n\n<p class=\"wp-block-paragraph\">\u200bA decis\u00e3o de Dino, que agora ser\u00e1 analisada pelo plen\u00e1rio, atinge os Tr\u00eas Poderes (Judici\u00e1rio, Legislativo e Executivo) em n\u00edveis federal, estadual e municipal. O ministro criticou o que chamou de &#8220;fen\u00f4meno da multiplica\u00e7\u00e3o an\u00f4mala&#8221; de benef\u00edcios, citando exemplos que beiram o aned\u00f3tico, como o <strong>&#8220;aux\u00edlio-peru&#8221;<\/strong> e o <strong>&#8220;aux\u00edlio-panetone&#8221;<\/strong> (gratifica\u00e7\u00f5es natalinas extras).<\/p>\n\n\n\n<h3 class=\"wp-block-heading\">\u200bPrincipais pontos da decis\u00e3o:<\/h3>\n\n\n\n<ul class=\"wp-block-list\">\n<li>\u200b<strong>Prazo de 60 dias:<\/strong> \u00d3rg\u00e3os de todo o pa\u00eds devem revisar suas folhas de pagamento e suspender qualquer verba que n\u00e3o tenha previs\u00e3o expressa em lei.<\/li>\n\n\n\n<li>\u200b<strong>Exig\u00eancia de Lei Nacional:<\/strong> Baseado na <strong>Emenda Constitucional 135\/2024<\/strong>, Dino argumenta que apenas verbas indenizat\u00f3rias regulamentadas por lei nacional podem ficar fora do teto.<\/li>\n\n\n\n<li>\u200b<strong>Transpar\u00eancia:<\/strong> Ap\u00f3s o prazo de revis\u00e3o, chefes de Poder e tribunais dever\u00e3o publicar atos motivados detalhando cada verba paga, seu fundamento legal e crit\u00e9rio de c\u00e1lculo.<\/li>\n<\/ul>\n\n\n\n<h2 class=\"wp-block-heading\">\u200bImpacto financeiro e press\u00e3o institucional<\/h2>\n\n\n\n<p class=\"wp-block-paragraph\">\u200bDados do <strong>Conselho Nacional de Justi\u00e7a (CNJ)<\/strong> revelam que o impacto dessas verbas \u00e9 bilion\u00e1rio. Apenas em 2024, o Judici\u00e1rio gastou cerca de <strong>R$ 6,7 bilh\u00f5es<\/strong> com pagamentos acima do teto. Em alguns casos, a remunera\u00e7\u00e3o m\u00e9dia l\u00edquida de magistrados saltou de R$ 45 mil para mais de R$ 66 mil em menos de dois anos, impulsionada por licen\u00e7as compensat\u00f3rias convertidas em dinheiro.<\/p>\n\n\n\n<h3 class=\"wp-block-heading\">\u200bO papel do Congresso<\/h3>\n\n\n\n<p class=\"wp-block-paragraph\">\u200bAl\u00e9m de barrar os pagamentos, Fl\u00e1vio Dino oficiou o presidente <strong>Lula<\/strong> e os presidentes da C\u00e2mara, <strong>Hugo Motta<\/strong>, e do Senado, <strong>Davi Alcolumbre<\/strong>. O objetivo \u00e9 pressionar o Legislativo a editar a lei nacional que regulamente definitivamente o que pode ou n\u00e3o ser considerado &#8220;indeniza\u00e7\u00e3o&#8221; para fins de teto salarial.<\/p>\n\n\n\n<blockquote class=\"wp-block-quote is-layout-flow wp-block-quote-is-layout-flow\">\n<p class=\"wp-block-paragraph\">\u200b&#8221;A pr\u00e1tica permite que alguns servidores recebam acima do teto do funcionalismo, hoje fixado em <strong>R$ 46.366<\/strong>, o que \u00e9 incompat\u00edvel com a Constitui\u00e7\u00e3o&#8221;, afirmou o ministro em sua decis\u00e3o.<\/p>\n<\/blockquote>\n\n\n\n<h2 class=\"wp-block-heading\">\u200bO que esperar do dia 25 de fevereiro?<\/h2>\n\n\n\n<p class=\"wp-block-paragraph\">\u200bO julgamento no plen\u00e1rio f\u00edsico ser\u00e1 o momento de verificar se o entendimento de Dino ser\u00e1 acompanhado pelos demais ministros. O clima \u00e9 de expectativa nos tribunais estaduais e assembleias legislativas, que s\u00e3o os principais focos das verbas questionadas. Se mantida, a decis\u00e3o representar\u00e1 uma das maiores reformas na folha de pagamento do setor p\u00fablico das \u00faltimas d\u00e9cadas.<\/p>\n","protected":false},"excerpt":{"rendered":"<p>\u200bO Supremo Tribunal Federal (STF) marcou para o dia 25 de fevereiro o julgamento presencial que deve selar o destino dos chamados &#8220;penduricalhos&#8221; \u2014 verbas [&#8230;]<\/p>\n","protected":false},"author":1,"featured_media":3377,"comment_status":"open","ping_status":"open","sticky":false,"template":"","format":"standard","meta":{"_crdt_document":"","_jetpack_memberships_contains_paid_content":false,"footnotes":"","jetpack_publicize_message":"","jetpack_publicize_feature_enabled":true,"jetpack_social_post_already_shared":true,"jetpack_social_options":{"image_generator_settings":{"template":"highway","default_image_id":0,"font":"","enabled":false},"version":2}},"categories":[8],"tags":[],"class_list":["post-3376","post","type-post","status-publish","format-standard","has-post-thumbnail","hentry","category-judiciario"],"jetpack_publicize_connections":[],"jetpack_featured_media_url":"https:\/\/i0.wp.com\/oexpressobr.com.br\/wp-content\/uploads\/2026\/02\/11042023-pzzb9223.webp?fit=1170%2C700&ssl=1","jetpack_likes_enabled":true,"jetpack_sharing_enabled":true,"_links":{"self":[{"href":"https:\/\/oexpressobr.com.br\/index.php?rest_route=\/wp\/v2\/posts\/3376","targetHints":{"allow":["GET"]}}],"collection":[{"href":"https:\/\/oexpressobr.com.br\/index.php?rest_route=\/wp\/v2\/posts"}],"about":[{"href":"https:\/\/oexpressobr.com.br\/index.php?rest_route=\/wp\/v2\/types\/post"}],"author":[{"embeddable":true,"href":"https:\/\/oexpressobr.com.br\/index.php?rest_route=\/wp\/v2\/users\/1"}],"replies":[{"embeddable":true,"href":"https:\/\/oexpressobr.com.br\/index.php?rest_route=%2Fwp%2Fv2%2Fcomments&post=3376"}],"version-history":[{"count":1,"href":"https:\/\/oexpressobr.com.br\/index.php?rest_route=\/wp\/v2\/posts\/3376\/revisions"}],"predecessor-version":[{"id":3378,"href":"https:\/\/oexpressobr.com.br\/index.php?rest_route=\/wp\/v2\/posts\/3376\/revisions\/3378"}],"wp:featuredmedia":[{"embeddable":true,"href":"https:\/\/oexpressobr.com.br\/index.php?rest_route=\/wp\/v2\/media\/3377"}],"wp:attachment":[{"href":"https:\/\/oexpressobr.com.br\/index.php?rest_route=%2Fwp%2Fv2%2Fmedia&parent=3376"}],"wp:term":[{"taxonomy":"category","embeddable":true,"href":"https:\/\/oexpressobr.com.br\/index.php?rest_route=%2Fwp%2Fv2%2Fcategories&post=3376"},{"taxonomy":"post_tag","embeddable":true,"href":"https:\/\/oexpressobr.com.br\/index.php?rest_route=%2Fwp%2Fv2%2Ftags&post=3376"}],"curies":[{"name":"wp","href":"https:\/\/api.w.org\/{rel}","templated":true}]}}