{"id":338,"date":"2025-12-04T21:01:25","date_gmt":"2025-12-05T00:01:25","guid":{"rendered":"https:\/\/oexpressobr.com.br\/?p=338"},"modified":"2025-12-04T21:01:26","modified_gmt":"2025-12-05T00:01:26","slug":"senado-avanca-em-regras-de-guarda-de-pets-em-divorcio-projeto-segue-para-ccj-priorizando-bem-estar-animal-e-familia-multiespecie","status":"publish","type":"post","link":"https:\/\/oexpressobr.com.br\/?p=338","title":{"rendered":"Senado avan\u00e7a em regras de guarda de pets em div\u00f3rcio: Projeto segue para CCJ, priorizando bem-estar animal e fam\u00edlia multiesp\u00e9cie"},"content":{"rendered":"\n<p class=\"wp-block-paragraph\">A <strong>Comiss\u00e3o de Meio Ambiente (CMA)<\/strong> do Senado Federal aprovou, no \u00faltimo dia 2 de dezembro, um projeto de lei que estabelece <strong>regras claras para a guarda de animais de estima\u00e7\u00e3o<\/strong> nos casos de <strong>dissolu\u00e7\u00e3o do casamento ou da uni\u00e3o est\u00e1vel<\/strong>. A proposta, que agora segue para an\u00e1lise da <strong>Comiss\u00e3o de Constitui\u00e7\u00e3o e Justi\u00e7a (CCJ)<\/strong>, busca oferecer seguran\u00e7a jur\u00eddica e, principalmente, colocar o <strong>bem-estar do animal<\/strong> como prioridade nas decis\u00f5es de separa\u00e7\u00e3o.<\/p>\n\n\n\n<h3 class=\"wp-block-heading\">\u200bO que prev\u00ea o projeto de lei?<\/h3>\n\n\n\n<p class=\"wp-block-paragraph\">\u200bO projeto (que tramita sob o n\u00famero <strong>PL 62\/2019<\/strong> na Casa, sendo um substitutivo ao PL 4\/2025 que trata da reforma do C\u00f3digo Civil) visa preencher uma lacuna legal, uma vez que os animais ainda s\u00e3o, em grande parte, tratados como &#8220;coisas&#8221; pela legisla\u00e7\u00e3o atual. A proposta reconhece que os pets s\u00e3o <strong>seres vivos sencientes<\/strong> (capazes de sentir e ter consci\u00eancia), e por isso merecem prote\u00e7\u00e3o jur\u00eddica pr\u00f3pria.<\/p>\n\n\n\n<p class=\"wp-block-paragraph\">\u200bO texto, relatado pelo senador <strong>Wellington Fagundes (PL-MT)<\/strong>, determina que, em caso de div\u00f3rcio ou dissolu\u00e7\u00e3o de uni\u00e3o est\u00e1vel, os ex-c\u00f4njuges ou ex-companheiros dever\u00e3o tentar um <strong>acordo<\/strong> sobre a posse, os custos e a visita\u00e7\u00e3o do animal. Na falta desse entendimento, o <strong>juiz<\/strong> ser\u00e1 acionado e ter\u00e1 poder para fixar os direitos e deveres de cada tutor, com base no <strong>melhor interesse do animal<\/strong>.<\/p>\n\n\n\n<h3 class=\"wp-block-heading\">\u200bCrit\u00e9rios de decis\u00e3o e responsabilidades<\/h3>\n\n\n\n<p class=\"wp-block-paragraph\">\u200bO acordo judicial ou a decis\u00e3o do juiz dever\u00e1 obrigatoriamente definir:<\/p>\n\n\n\n<ul class=\"wp-block-list\">\n<li>\u200b<strong>Condi\u00e7\u00f5es de moradia e cuidados adequados<\/strong> para o animal.<\/li>\n\n\n\n<li>\u200b<strong>Dias e hor\u00e1rios destinados \u00e0s visitas<\/strong>, no caso de guarda compartilhada.<\/li>\n\n\n\n<li>\u200b<strong>Responsabilidade pelo pagamento das despesas<\/strong>, incluindo custos veterin\u00e1rios, alimenta\u00e7\u00e3o e medicamentos.<\/li>\n\n\n\n<li>\u200b<strong>Regras<\/strong> para eventual cruzamento, venda do animal ou de suas crias.<\/li>\n<\/ul>\n\n\n\n<p class=\"wp-block-paragraph\">\u200bO senador Wellington Fagundes defendeu que a legisla\u00e7\u00e3o reconhece a <strong>fam\u00edlia multiesp\u00e9cie<\/strong>. &#8220;Quando a fam\u00edlia briga, se desentende, o animal sente e sofre. [&#8230;] A separa\u00e7\u00e3o da fam\u00edlia causa para o animal um sofrimento terr\u00edvel,&#8221; afirmou o relator, destacando que o projeto \u00e9 fundamental para garantir <strong>dignidade e prote\u00e7\u00e3o<\/strong> aos animais de estima\u00e7\u00e3o.<\/p>\n\n\n\n<h3 class=\"wp-block-heading\">\u200bPr\u00f3ximos passos e contexto de avan\u00e7o na causa animal<\/h3>\n\n\n\n<p class=\"wp-block-paragraph\">\u200bAp\u00f3s a aprova\u00e7\u00e3o na CMA, o projeto seguir\u00e1 para a <strong>CCJ<\/strong>, onde ser\u00e1 analisado quanto \u00e0 sua constitucionalidade, legalidade e juridicidade. Se aprovado, ele poder\u00e1 seguir para a C\u00e2mara dos Deputados ou diretamente para a san\u00e7\u00e3o presidencial, dependendo se houver requerimento para vota\u00e7\u00e3o no Plen\u00e1rio do Senado.<\/p>\n\n\n\n<p class=\"wp-block-paragraph\">\u200bEste avan\u00e7o acompanha uma tend\u00eancia crescente de prote\u00e7\u00e3o animal no pa\u00eds. Em um contexto relacionado, o Senado tamb\u00e9m est\u00e1 debatendo o <strong>Estatuto dos C\u00e3es e Gatos<\/strong>, um projeto que prop\u00f5e uma reforma no C\u00f3digo Civil, tipificando crimes como abandono e maus-tratos, e elevando as penas. Essa medida, assim como a proposta de guarda, reflete um movimento da sociedade para que os pets deixem de ser vistos meramente como <strong>&#8220;mercadorias&#8221;<\/strong> e passem a ter seus direitos e bem-estar respeitados, mesmo nos momentos de ruptura familiar.<\/p>\n\n\n\n<p class=\"wp-block-paragraph\">\u200bA aprova\u00e7\u00e3o na CMA representa um marco significativo, proporcionando um instrumento legal essencial para tratar a quest\u00e3o da guarda de animais de estima\u00e7\u00e3o com a seriedade e a sensibilidade que o v\u00ednculo afetivo entre humanos e pets exige.<\/p>\n","protected":false},"excerpt":{"rendered":"<p>A Comiss\u00e3o de Meio Ambiente (CMA) do Senado Federal aprovou, no \u00faltimo dia 2 de dezembro, um projeto de lei que estabelece regras claras para [&#8230;]<\/p>\n","protected":false},"author":1,"featured_media":339,"comment_status":"open","ping_status":"open","sticky":false,"template":"","format":"standard","meta":{"_crdt_document":"","_jetpack_memberships_contains_paid_content":false,"footnotes":"","jetpack_publicize_message":"","jetpack_publicize_feature_enabled":true,"jetpack_social_post_already_shared":false,"jetpack_social_options":{"image_generator_settings":{"template":"highway","default_image_id":0,"font":"","enabled":false},"version":2}},"categories":[30],"tags":[],"class_list":["post-338","post","type-post","status-publish","format-standard","has-post-thumbnail","hentry","category-bem-estar-animal"],"jetpack_publicize_connections":[],"jetpack_featured_media_url":"https:\/\/i0.wp.com\/oexpressobr.com.br\/wp-content\/uploads\/2025\/12\/IMG-20251204-WA0223.jpg?fit=1024%2C1280&ssl=1","jetpack_likes_enabled":true,"jetpack_sharing_enabled":true,"_links":{"self":[{"href":"https:\/\/oexpressobr.com.br\/index.php?rest_route=\/wp\/v2\/posts\/338","targetHints":{"allow":["GET"]}}],"collection":[{"href":"https:\/\/oexpressobr.com.br\/index.php?rest_route=\/wp\/v2\/posts"}],"about":[{"href":"https:\/\/oexpressobr.com.br\/index.php?rest_route=\/wp\/v2\/types\/post"}],"author":[{"embeddable":true,"href":"https:\/\/oexpressobr.com.br\/index.php?rest_route=\/wp\/v2\/users\/1"}],"replies":[{"embeddable":true,"href":"https:\/\/oexpressobr.com.br\/index.php?rest_route=%2Fwp%2Fv2%2Fcomments&post=338"}],"version-history":[{"count":0,"href":"https:\/\/oexpressobr.com.br\/index.php?rest_route=\/wp\/v2\/posts\/338\/revisions"}],"wp:featuredmedia":[{"embeddable":true,"href":"https:\/\/oexpressobr.com.br\/index.php?rest_route=\/wp\/v2\/media\/339"}],"wp:attachment":[{"href":"https:\/\/oexpressobr.com.br\/index.php?rest_route=%2Fwp%2Fv2%2Fmedia&parent=338"}],"wp:term":[{"taxonomy":"category","embeddable":true,"href":"https:\/\/oexpressobr.com.br\/index.php?rest_route=%2Fwp%2Fv2%2Fcategories&post=338"},{"taxonomy":"post_tag","embeddable":true,"href":"https:\/\/oexpressobr.com.br\/index.php?rest_route=%2Fwp%2Fv2%2Ftags&post=338"}],"curies":[{"name":"wp","href":"https:\/\/api.w.org\/{rel}","templated":true}]}}