{"id":3382,"date":"2026-02-07T12:31:50","date_gmt":"2026-02-07T15:31:50","guid":{"rendered":"https:\/\/oexpressobr.com.br\/?p=3382"},"modified":"2026-02-07T12:31:51","modified_gmt":"2026-02-07T15:31:51","slug":"governo-federal-avalia-edicao-de-decreto-para-regulamentar-novo-marco-do-licenciamento-ambiental","status":"publish","type":"post","link":"https:\/\/oexpressobr.com.br\/?p=3382","title":{"rendered":"Governo federal avalia edi\u00e7\u00e3o de decreto para regulamentar novo marco do licenciamento ambiental"},"content":{"rendered":"\n<p class=\"wp-block-paragraph\"><strong>BRAS\u00cdLIA<\/strong> \u2013 O Minist\u00e9rio do Meio Ambiente e Mudan\u00e7a do Clima (MMA), sob a gest\u00e3o da ministra Marina Silva, confirmou nesta sexta-feira (6) que o governo federal estuda a edi\u00e7\u00e3o de um novo decreto para regulamentar a Lei Geral do Licenciamento Ambiental (Lei 15.190\/2025). A medida busca mitigar pontos cr\u00edticos da legisla\u00e7\u00e3o que entrou em vigor na \u00faltima quarta-feira (4), ap\u00f3s o Congresso Nacional derrubar a maioria dos vetos do presidente Luiz In\u00e1cio Lula da Silva.<\/p>\n\n\n\n<p class=\"wp-block-paragraph\">\u200bA nova lei, que tramitou por quase duas d\u00e9cadas no Legislativo, \u00e9 alvo de intensa disputa entre o setor produtivo e entidades socioambientais. Enquanto o agroneg\u00f3cio e a ind\u00fastria defendem que as regras trazem celeridade e seguran\u00e7a jur\u00eddica, o governo e especialistas alertam para o risco de um &#8220;apag\u00e3o&#8221; na prote\u00e7\u00e3o de ecossistemas e direitos de comunidades tradicionais.<\/p>\n\n\n\n<h3 class=\"wp-block-heading\">\u200bPontos centrais e a estrat\u00e9gia do governo<\/h3>\n\n\n\n<p class=\"wp-block-paragraph\">\u200bO principal objetivo do decreto em estudo \u00e9 padronizar procedimentos que, na vis\u00e3o do MMA, ficaram excessivamente vagos ou permissivos no texto final aprovado pelo Congresso. Entre os t\u00f3picos que devem ser detalhados pela nova regulamenta\u00e7\u00e3o est\u00e3o:<\/p>\n\n\n\n<ul class=\"wp-block-list\">\n<li>\u200b<strong>Licen\u00e7a por Ades\u00e3o e Compromisso (LAC):<\/strong> Tamb\u00e9m chamada de &#8220;autolicenciamento&#8221;, a LAC permite a emiss\u00e3o de licen\u00e7as autom\u00e1ticas mediante declara\u00e7\u00e3o do empreendedor. O governo pretende definir limites claros para evitar que atividades de alto impacto utilizem esse rito simplificado.<\/li>\n\n\n\n<li>\u200b<strong>Licen\u00e7a Ambiental Especial (LAE):<\/strong> Criada para acelerar projetos considerados &#8220;estrat\u00e9gicos&#8221; pelo Conselho de Governo, a LAE tem gerado controv\u00e9rsia por permitir o avan\u00e7o de obras complexas, como a explora\u00e7\u00e3o de petr\u00f3leo na Margem Equatorial, com ritos reduzidos.<\/li>\n\n\n\n<li>\u200b<strong>Regras de Transi\u00e7\u00e3o:<\/strong> O governo busca assegurar que processos de licenciamento j\u00e1 em curso n\u00e3o sofram rupturas bruscas que gerem inseguran\u00e7a jur\u00eddica para os \u00f3rg\u00e3os ambientais.<\/li>\n<\/ul>\n\n\n\n<h3 class=\"wp-block-heading\">\u200bEmbate judicial no STF<\/h3>\n\n\n\n<p class=\"wp-block-paragraph\">\u200bA entrada em vigor da lei n\u00e3o encerrou o conflito. Pelo contr\u00e1rio, o tema j\u00e1 chegou ao Supremo Tribunal Federal (STF). Tr\u00eas A\u00e7\u00f5es Diretas de Inconstitucionalidade (ADIs), relatadas pelo ministro Alexandre de Moraes, questionam a legalidade de diversos dispositivos da nova norma.<\/p>\n\n\n\n<p class=\"wp-block-paragraph\">\u200bAs a\u00e7\u00f5es, movidas por partidos pol\u00edticos e entidades como a Articula\u00e7\u00e3o dos Povos Ind\u00edgenas do Brasil (Apib), argumentam que a lei viola preceitos constitucionais ao dispensar o licenciamento para atividades agropecu\u00e1rias extensivas e ao reduzir o escopo da an\u00e1lise de impactos indiretos, focando apenas no dano direto do empreendimento.<\/p>\n\n\n\n<h3 class=\"wp-block-heading\">\u200bO que dizem os envolvidos<\/h3>\n\n\n\n<p class=\"wp-block-paragraph\">\u200bPara o setor do agroneg\u00f3cio, as novas regras s\u00e3o fundamentais para modernizar o pa\u00eds. Representantes da bancada ruralista afirmam que a simplifica\u00e7\u00e3o elimina a burocracia desnecess\u00e1ria que travava investimentos bilion\u00e1rios.<\/p>\n\n\n\n<p class=\"wp-block-paragraph\">\u200bPor outro lado, a ministra Marina Silva tem destacado que, embora a moderniza\u00e7\u00e3o seja necess\u00e1ria, a integridade do processo de licenciamento n\u00e3o pode ser sacrificada. &#8220;\u00c9 fundamental considerar a judicializa\u00e7\u00e3o&#8221;, alertou a ministra, indicando que o governo utilizar\u00e1 todos os instrumentos infralegais \u2014 como decretos e resolu\u00e7\u00f5es do Conama \u2014 para garantir que a prote\u00e7\u00e3o ambiental seja mantida conforme os compromissos internacionais do Brasil.<\/p>\n\n\n\n<p class=\"wp-block-paragraph\">\u200bO governo federal ainda n\u00e3o divulgou a data oficial para a publica\u00e7\u00e3o do decreto, mas equipes t\u00e9cnicas trabalham em car\u00e1ter de urg\u00eancia para oferecer um balizador que evite o aumento do desmatamento e de conflitos territoriais sob o novo regime legal.<\/p>\n","protected":false},"excerpt":{"rendered":"<p>BRAS\u00cdLIA \u2013 O Minist\u00e9rio do Meio Ambiente e Mudan\u00e7a do Clima (MMA), sob a gest\u00e3o da ministra Marina Silva, confirmou nesta sexta-feira (6) que o [&#8230;]<\/p>\n","protected":false},"author":1,"featured_media":3383,"comment_status":"open","ping_status":"open","sticky":false,"template":"","format":"standard","meta":{"_crdt_document":"","_jetpack_memberships_contains_paid_content":false,"footnotes":"","jetpack_publicize_message":"","jetpack_publicize_feature_enabled":true,"jetpack_social_post_already_shared":true,"jetpack_social_options":{"image_generator_settings":{"template":"highway","default_image_id":0,"font":"","enabled":false},"version":2}},"categories":[32],"tags":[],"class_list":["post-3382","post","type-post","status-publish","format-standard","has-post-thumbnail","hentry","category-meio-ambiente"],"jetpack_publicize_connections":[],"jetpack_featured_media_url":"https:\/\/i0.wp.com\/oexpressobr.com.br\/wp-content\/uploads\/2026\/02\/floresta_amazonica211016ebc0667.webp?fit=1170%2C700&ssl=1","jetpack_likes_enabled":true,"jetpack_sharing_enabled":true,"_links":{"self":[{"href":"https:\/\/oexpressobr.com.br\/index.php?rest_route=\/wp\/v2\/posts\/3382","targetHints":{"allow":["GET"]}}],"collection":[{"href":"https:\/\/oexpressobr.com.br\/index.php?rest_route=\/wp\/v2\/posts"}],"about":[{"href":"https:\/\/oexpressobr.com.br\/index.php?rest_route=\/wp\/v2\/types\/post"}],"author":[{"embeddable":true,"href":"https:\/\/oexpressobr.com.br\/index.php?rest_route=\/wp\/v2\/users\/1"}],"replies":[{"embeddable":true,"href":"https:\/\/oexpressobr.com.br\/index.php?rest_route=%2Fwp%2Fv2%2Fcomments&post=3382"}],"version-history":[{"count":1,"href":"https:\/\/oexpressobr.com.br\/index.php?rest_route=\/wp\/v2\/posts\/3382\/revisions"}],"predecessor-version":[{"id":3384,"href":"https:\/\/oexpressobr.com.br\/index.php?rest_route=\/wp\/v2\/posts\/3382\/revisions\/3384"}],"wp:featuredmedia":[{"embeddable":true,"href":"https:\/\/oexpressobr.com.br\/index.php?rest_route=\/wp\/v2\/media\/3383"}],"wp:attachment":[{"href":"https:\/\/oexpressobr.com.br\/index.php?rest_route=%2Fwp%2Fv2%2Fmedia&parent=3382"}],"wp:term":[{"taxonomy":"category","embeddable":true,"href":"https:\/\/oexpressobr.com.br\/index.php?rest_route=%2Fwp%2Fv2%2Fcategories&post=3382"},{"taxonomy":"post_tag","embeddable":true,"href":"https:\/\/oexpressobr.com.br\/index.php?rest_route=%2Fwp%2Fv2%2Ftags&post=3382"}],"curies":[{"name":"wp","href":"https:\/\/api.w.org\/{rel}","templated":true}]}}