{"id":3385,"date":"2026-02-07T12:36:07","date_gmt":"2026-02-07T15:36:07","guid":{"rendered":"https:\/\/oexpressobr.com.br\/?p=3385"},"modified":"2026-02-07T12:36:08","modified_gmt":"2026-02-07T15:36:08","slug":"trump-e-alvo-de-condenacoes-apos-postar-video-que-retrata-barack-e-michelle-obama-como-macacos","status":"publish","type":"post","link":"https:\/\/oexpressobr.com.br\/?p=3385","title":{"rendered":"Trump \u00e9 alvo de condena\u00e7\u00f5es ap\u00f3s postar v\u00eddeo que retrata Barack e Michelle Obama como macacos"},"content":{"rendered":"\n<p class=\"wp-block-paragraph\">\u200bO presidente dos Estados Unidos, Donald Trump, gerou uma onda de indigna\u00e7\u00e3o global e uma crise interna em Washington ao compartilhar, em sua rede social Truth Social, um v\u00eddeo contendo montagens racistas do ex-presidente Barack Obama e da ex-primeira-dama Michelle Obama. Na publica\u00e7\u00e3o, feita entre a noite de quinta-feira (5) e a madrugada de sexta (6), o casal \u00e9 retratado com os rostos sobrepostos aos corpos de macacos em uma selva, ao som da m\u00fasica &#8220;The Lion Sleeps Tonight&#8221;.<\/p>\n\n\n\n<p class=\"wp-block-paragraph\">\u200bA pe\u00e7a audiovisual, que tem cerca de um minuto de dura\u00e7\u00e3o, foca principalmente em teorias da conspira\u00e7\u00e3o sobre fraudes inexistentes na elei\u00e7\u00e3o de 2020. Contudo, o trecho final de dois segundos utiliza um estere\u00f3tipo racista hist\u00f3rico, frequentemente usado para desumanizar pessoas negras.<\/p>\n\n\n\n<h3 class=\"wp-block-heading\">\u200bRea\u00e7\u00f5es e recuo estrat\u00e9gico<\/h3>\n\n\n\n<p class=\"wp-block-paragraph\">\u200bA repercuss\u00e3o negativa foi imediata, unindo democratas e vozes importantes dentro do pr\u00f3prio Partido Republicano. O senador republicano Tim Scott classificou a postagem como &#8220;a coisa mais racista que j\u00e1 vi sair desta Casa Branca&#8221;. J\u00e1 o gabinete do governador da Calif\u00f3rnia, Gavin Newsom, chamou a atitude de &#8220;comportamento repugnante&#8221; e exigiu den\u00fancias formais de todos os l\u00edderes pol\u00edticos.<\/p>\n\n\n\n<p class=\"wp-block-paragraph\">\u200bAp\u00f3s manter o v\u00eddeo no ar por cerca de 12 horas e a Secretaria de Imprensa da Casa Branca, Karoline Leavitt, inicialmente classificar as cr\u00edticas como &#8220;indigna\u00e7\u00e3o falsa&#8221;, o governo recuou. A publica\u00e7\u00e3o foi deletada e a assessoria de Trump passou a atribuir o erro a um &#8220;funcion\u00e1rio subordinado&#8221; que teria feito a postagem sem o consentimento direto do presidente.<\/p>\n\n\n\n<h3 class=\"wp-block-heading\">\u200bExplica\u00e7\u00f5es de Trump<\/h3>\n\n\n\n<p class=\"wp-block-paragraph\">\u200bApesar da tentativa da Casa Branca de blindar o presidente, o pr\u00f3prio Donald Trump deu declara\u00e7\u00f5es contradit\u00f3rias ao falar com rep\u00f3rteres a bordo do Air Force One na noite de sexta-feira. Ele admitiu ter aprovado a publica\u00e7\u00e3o do v\u00eddeo porque &#8220;gostou do in\u00edcio&#8221;, que falava sobre as elei\u00e7\u00f5es, mas alegou que &#8220;ningu\u00e9m revisou o final&#8221;.<\/p>\n\n\n\n<p class=\"wp-block-paragraph\">\u200b&#8221;Eu vi a primeira parte e passei adiante. Acho que ningu\u00e9m viu o final onde havia uma imagem que as pessoas n\u00e3o gostaram. Eu tamb\u00e9m n\u00e3o gostaria&#8221;, afirmou o presidente, recusando-se, no entanto, a pedir desculpas formais pelo ocorrido.<\/p>\n\n\n\n<h3 class=\"wp-block-heading\">\u200bContexto de tens\u00e3o<\/h3>\n\n\n\n<p class=\"wp-block-paragraph\">\u200bO epis\u00f3dio ocorre justamente na primeira semana do M\u00eas da Hist\u00f3ria Negra nos Estados Unidos, agravando o desgaste da imagem de Trump entre o eleitorado afro-americano. Entidades de direitos humanos e ex-conselheiros de Obama, como Ben Rhodes, reagiram duramente, afirmando que o uso de imagens geradas por intelig\u00eancia artificial para ataques racistas tornou-se uma ferramenta recorrente na comunica\u00e7\u00e3o da atual gest\u00e3o, o que representa uma &#8220;mancha na hist\u00f3ria americana&#8221;.<\/p>\n\n\n\n<p class=\"wp-block-paragraph\">\u200bAt\u00e9 o momento, Barack e Michelle Obama n\u00e3o emitiram coment\u00e1rios oficiais sobre o ataque. O caso segue repercutindo no Congresso, onde congressistas democratas estudam medidas de censura simb\u00f3lica contra a conduta do Executivo.<\/p>\n","protected":false},"excerpt":{"rendered":"<p>\u200bO presidente dos Estados Unidos, Donald Trump, gerou uma onda de indigna\u00e7\u00e3o global e uma crise interna em Washington ao compartilhar, em sua rede social [&#8230;]<\/p>\n","protected":false},"author":1,"featured_media":3386,"comment_status":"open","ping_status":"open","sticky":false,"template":"","format":"standard","meta":{"_crdt_document":"","_jetpack_memberships_contains_paid_content":false,"footnotes":"","jetpack_publicize_message":"","jetpack_publicize_feature_enabled":true,"jetpack_social_post_already_shared":true,"jetpack_social_options":{"image_generator_settings":{"template":"highway","default_image_id":0,"font":"","enabled":false},"version":2}},"categories":[15],"tags":[],"class_list":["post-3385","post","type-post","status-publish","format-standard","has-post-thumbnail","hentry","category-internacional"],"jetpack_publicize_connections":[],"jetpack_featured_media_url":"https:\/\/i0.wp.com\/oexpressobr.com.br\/wp-content\/uploads\/2026\/02\/donald_trumpeuacasa_branca_em_washington1705200344.webp?fit=1170%2C700&ssl=1","jetpack_likes_enabled":true,"jetpack_sharing_enabled":true,"_links":{"self":[{"href":"https:\/\/oexpressobr.com.br\/index.php?rest_route=\/wp\/v2\/posts\/3385","targetHints":{"allow":["GET"]}}],"collection":[{"href":"https:\/\/oexpressobr.com.br\/index.php?rest_route=\/wp\/v2\/posts"}],"about":[{"href":"https:\/\/oexpressobr.com.br\/index.php?rest_route=\/wp\/v2\/types\/post"}],"author":[{"embeddable":true,"href":"https:\/\/oexpressobr.com.br\/index.php?rest_route=\/wp\/v2\/users\/1"}],"replies":[{"embeddable":true,"href":"https:\/\/oexpressobr.com.br\/index.php?rest_route=%2Fwp%2Fv2%2Fcomments&post=3385"}],"version-history":[{"count":1,"href":"https:\/\/oexpressobr.com.br\/index.php?rest_route=\/wp\/v2\/posts\/3385\/revisions"}],"predecessor-version":[{"id":3387,"href":"https:\/\/oexpressobr.com.br\/index.php?rest_route=\/wp\/v2\/posts\/3385\/revisions\/3387"}],"wp:featuredmedia":[{"embeddable":true,"href":"https:\/\/oexpressobr.com.br\/index.php?rest_route=\/wp\/v2\/media\/3386"}],"wp:attachment":[{"href":"https:\/\/oexpressobr.com.br\/index.php?rest_route=%2Fwp%2Fv2%2Fmedia&parent=3385"}],"wp:term":[{"taxonomy":"category","embeddable":true,"href":"https:\/\/oexpressobr.com.br\/index.php?rest_route=%2Fwp%2Fv2%2Fcategories&post=3385"},{"taxonomy":"post_tag","embeddable":true,"href":"https:\/\/oexpressobr.com.br\/index.php?rest_route=%2Fwp%2Fv2%2Ftags&post=3385"}],"curies":[{"name":"wp","href":"https:\/\/api.w.org\/{rel}","templated":true}]}}