{"id":3388,"date":"2026-02-07T12:41:02","date_gmt":"2026-02-07T15:41:02","guid":{"rendered":"https:\/\/oexpressobr.com.br\/?p=3388"},"modified":"2026-02-07T12:44:10","modified_gmt":"2026-02-07T15:44:10","slug":"governo-federal-publica-plano-clima-como-guia-para-economia-de-baixo-carbono","status":"publish","type":"post","link":"https:\/\/oexpressobr.com.br\/?p=3388","title":{"rendered":"GOVERNO FEDERAL PUBLICA Plano Clima como guia para economia de baixo carbono"},"content":{"rendered":"\n<p class=\"wp-block-paragraph\"><strong>BRAS\u00cdLIA<\/strong> \u2013 O governo federal oficializou nesta semana a publica\u00e7\u00e3o do sum\u00e1rio executivo do Plano Clima, um documento estrat\u00e9gico de 90 p\u00e1ginas que estabelece as diretrizes para a pol\u00edtica clim\u00e1tica brasileira at\u00e9 2035. Sob a lideran\u00e7a do Minist\u00e9rio do Meio Ambiente e Mudan\u00e7a do Clima, comandado por Marina Silva, e da Casa Civil, sob Rui Costa, o guia busca consolidar o caminho para que o Brasil cumpra suas metas internacionais e lidere a transi\u00e7\u00e3o para uma economia de baixo carbono.<\/p>\n\n\n\n<h3 class=\"wp-block-heading\">\u200bUm mapa para a descarboniza\u00e7\u00e3o<\/h3>\n\n\n\n<p class=\"wp-block-paragraph\">\u200bAprovado pelo Comit\u00ea Interministerial sobre Mudan\u00e7a do Clima (CIM) em dezembro de 2025, o plano surge como um &#8220;mapa do caminho&#8221; para reduzir as emiss\u00f5es l\u00edquidas de gases de efeito estufa em at\u00e9 67% at\u00e9 2035, em conformidade com o Acordo de Paris. O texto divide as a\u00e7\u00f5es em dois pilares centrais:<\/p>\n\n\n\n<ul class=\"wp-block-list\">\n<li>\u200b<strong>Mitiga\u00e7\u00e3o:<\/strong> Foco na redu\u00e7\u00e3o de emiss\u00f5es em sete setores cruciais, incluindo energia, ind\u00fastria, transportes e agropecu\u00e1ria.<\/li>\n\n\n\n<li>\u200b<strong>Adapta\u00e7\u00e3o:<\/strong> Estrat\u00e9gias para tornar as cidades, a infraestrutura e os sistemas produtivos mais resilientes aos eventos clim\u00e1ticos extremos, como secas e inunda\u00e7\u00f5es.<\/li>\n<\/ul>\n\n\n\n<h3 class=\"wp-block-heading\">\u200bNovidades e Transi\u00e7\u00e3o Justa<\/h3>\n\n\n\n<p class=\"wp-block-paragraph\">\u200bEntre as principais novidades integradas ao documento final est\u00e3o as chamadas <strong>Estrat\u00e9gias Transversais<\/strong>. O governo incluiu mecanismos para garantir uma &#8220;transi\u00e7\u00e3o justa&#8221;, assegurando que o custo da descarboniza\u00e7\u00e3o n\u00e3o recaia sobre as popula\u00e7\u00f5es mais vulner\u00e1veis. Al\u00e9m disso, o plano prev\u00ea novos instrumentos de financiamento clim\u00e1tico para atrair investimentos privados em tecnologias limpas e inova\u00e7\u00e3o tecnol\u00f3gica.<\/p>\n\n\n\n<p class=\"wp-block-paragraph\">\u200bUm ponto de destaque \u00e9 o compromisso com a <strong>recupera\u00e7\u00e3o de res\u00edduos s\u00f3lidos<\/strong> \u2014 com a meta de encerrar todos os lix\u00f5es do pa\u00eds \u2014 e a descarboniza\u00e7\u00e3o dos modais de transporte, incentivando a eletrifica\u00e7\u00e3o de frotas e o uso de biocombust\u00edveis.<\/p>\n\n\n\n<h3 class=\"wp-block-heading\">\u200bRepercuss\u00f5es e Desafios<\/h3>\n\n\n\n<p class=\"wp-block-paragraph\">\u200bEmbora o governo celebre a publica\u00e7\u00e3o como um marco decisivo ap\u00f3s 17 anos da primeira edi\u00e7\u00e3o do plano, o documento j\u00e1 enfrenta cr\u00edticas de entidades do setor ambiental. Organiza\u00e7\u00f5es como o Observat\u00f3rio do Clima classificaram o texto como &#8220;t\u00edmido&#8221; em rela\u00e7\u00e3o \u00e0 explora\u00e7\u00e3o de combust\u00edveis f\u00f3sseis, apontando que a aus\u00eancia de um cronograma claro para a redu\u00e7\u00e3o da produ\u00e7\u00e3o de petr\u00f3leo pode comprometer as metas de longo prazo.<\/p>\n\n\n\n<p class=\"wp-block-paragraph\">\u200bPara o ministro Rui Costa, a publica\u00e7\u00e3o representa a maturidade da governan\u00e7a clim\u00e1tica no Brasil, oferecendo previsibilidade para o mercado e seguran\u00e7a para a implementa\u00e7\u00e3o de pol\u00edticas p\u00fablicas. As estrat\u00e9gias transversais de justi\u00e7a clim\u00e1tica e igualdade de g\u00eanero devem ser detalhadas e finalizadas ainda no primeiro semestre de 2026, consolidando o Brasil como um dos protagonistas da agenda ambiental global rumo \u00e0 COP30.<\/p>\n\n\n\n<p class=\"wp-block-paragraph\"><\/p>\n","protected":false},"excerpt":{"rendered":"<p>BRAS\u00cdLIA \u2013 O governo federal oficializou nesta semana a publica\u00e7\u00e3o do sum\u00e1rio executivo do Plano Clima, um documento estrat\u00e9gico de 90 p\u00e1ginas que estabelece as [&#8230;]<\/p>\n","protected":false},"author":1,"featured_media":3389,"comment_status":"open","ping_status":"open","sticky":false,"template":"","format":"standard","meta":{"_crdt_document":"","_jetpack_memberships_contains_paid_content":false,"footnotes":"","jetpack_publicize_message":"","jetpack_publicize_feature_enabled":true,"jetpack_social_post_already_shared":true,"jetpack_social_options":{"image_generator_settings":{"template":"highway","default_image_id":0,"font":"","enabled":false},"version":2}},"categories":[32],"tags":[],"class_list":["post-3388","post","type-post","status-publish","format-standard","has-post-thumbnail","hentry","category-meio-ambiente"],"jetpack_publicize_connections":[],"jetpack_featured_media_url":"https:\/\/i0.wp.com\/oexpressobr.com.br\/wp-content\/uploads\/2026\/02\/combate-prevfogo_mcamgo_abr_28062024.webp?fit=1170%2C700&ssl=1","jetpack_likes_enabled":true,"jetpack_sharing_enabled":true,"_links":{"self":[{"href":"https:\/\/oexpressobr.com.br\/index.php?rest_route=\/wp\/v2\/posts\/3388","targetHints":{"allow":["GET"]}}],"collection":[{"href":"https:\/\/oexpressobr.com.br\/index.php?rest_route=\/wp\/v2\/posts"}],"about":[{"href":"https:\/\/oexpressobr.com.br\/index.php?rest_route=\/wp\/v2\/types\/post"}],"author":[{"embeddable":true,"href":"https:\/\/oexpressobr.com.br\/index.php?rest_route=\/wp\/v2\/users\/1"}],"replies":[{"embeddable":true,"href":"https:\/\/oexpressobr.com.br\/index.php?rest_route=%2Fwp%2Fv2%2Fcomments&post=3388"}],"version-history":[{"count":1,"href":"https:\/\/oexpressobr.com.br\/index.php?rest_route=\/wp\/v2\/posts\/3388\/revisions"}],"predecessor-version":[{"id":3390,"href":"https:\/\/oexpressobr.com.br\/index.php?rest_route=\/wp\/v2\/posts\/3388\/revisions\/3390"}],"wp:featuredmedia":[{"embeddable":true,"href":"https:\/\/oexpressobr.com.br\/index.php?rest_route=\/wp\/v2\/media\/3389"}],"wp:attachment":[{"href":"https:\/\/oexpressobr.com.br\/index.php?rest_route=%2Fwp%2Fv2%2Fmedia&parent=3388"}],"wp:term":[{"taxonomy":"category","embeddable":true,"href":"https:\/\/oexpressobr.com.br\/index.php?rest_route=%2Fwp%2Fv2%2Fcategories&post=3388"},{"taxonomy":"post_tag","embeddable":true,"href":"https:\/\/oexpressobr.com.br\/index.php?rest_route=%2Fwp%2Fv2%2Ftags&post=3388"}],"curies":[{"name":"wp","href":"https:\/\/api.w.org\/{rel}","templated":true}]}}