{"id":3391,"date":"2026-02-07T12:48:31","date_gmt":"2026-02-07T15:48:31","guid":{"rendered":"https:\/\/oexpressobr.com.br\/?p=3391"},"modified":"2026-02-07T12:48:32","modified_gmt":"2026-02-07T15:48:32","slug":"tv-brasil-e-luiz-eduardo-soares-debatem-crise-de-seguranca-e-o-avanco-do-crime-organizado-na-america-latina","status":"publish","type":"post","link":"https:\/\/oexpressobr.com.br\/?p=3391","title":{"rendered":"TV BRASIL e Luiz Eduardo Soares debatem crise de seguran\u00e7a e o avan\u00e7o do crime organizado na Am\u00e9rica Latina"},"content":{"rendered":"\n<p class=\"wp-block-paragraph\">\u200bO programa &#8220;Brasil no Mundo&#8221;, da TV Brasil, dedica sua edi\u00e7\u00e3o deste domingo (8\/02\/2026) a um dos temas mais cr\u00edticos da geopol\u00edtica regional: a escalada da viol\u00eancia e o impacto do narcotr\u00e1fico na Am\u00e9rica Latina. O convidado central \u00e9 o renomado especialista Luiz Eduardo Soares, antrop\u00f3logo e ex-secret\u00e1rio nacional de Seguran\u00e7a P\u00fablica, conhecido por sua an\u00e1lise profunda sobre as estruturas policiais e a din\u00e2mica da criminalidade urbana.<\/p>\n\n\n\n<p class=\"wp-block-paragraph\">\u200bA discuss\u00e3o ocorre em um momento em que a regi\u00e3o enfrenta desafios sem precedentes. Recentemente, pa\u00edses como o Equador voltaram a decretar estado de exce\u00e7\u00e3o para conter o avan\u00e7o de fac\u00e7\u00f5es transnacionais, evidenciando que a crise de seguran\u00e7a ultrapassa fronteiras nacionais e exige uma resposta coordenada entre os vizinhos sul-americanos.<\/p>\n\n\n\n<h3 class=\"wp-block-heading\">\u200b<strong>Fronteiras em alerta e o &#8220;modelo Equador&#8221;<\/strong><\/h3>\n\n\n\n<p class=\"wp-block-paragraph\">\u200bA pauta do programa, conduzida pelos jornalistas Cristina Serra, Jamil Chade e Yan Boechat, contextualiza como o crime organizado tem se aproveitado da porosidade das fronteiras e da globaliza\u00e7\u00e3o para consolidar rotas de tr\u00e1fico que ligam a Am\u00e9rica do Sul \u00e0 Europa e aos Estados Unidos.<\/p>\n\n\n\n<p class=\"wp-block-paragraph\">\u200bEntre as \u00faltimas novidades que fundamentam o debate, destacam-se:<\/p>\n\n\n\n<ul class=\"wp-block-list\">\n<li>\u200b<strong>O recrudescimento no Equador:<\/strong> No in\u00edcio de 2026, o presidente Daniel Noboa renovou medidas de emerg\u00eancia em diversas prov\u00edncias ap\u00f3s novos picos de homic\u00eddios ligados ao narcotr\u00e1fico, um cen\u00e1rio que serve de alerta para o Brasil e outros pa\u00edses da regi\u00e3o.<\/li>\n\n\n\n<li>\u200b<strong>Dolariza\u00e7\u00e3o e Crime:<\/strong> Analistas apontam que economias fragilizadas ou dolarizadas na regi\u00e3o t\u00eam facilitado a lavagem de dinheiro por m\u00e1fias internacionais, incluindo grupos da Europa Oriental (como a m\u00e1fia albanesa) que agora operam diretamente em portos latino-americanos.<\/li>\n\n\n\n<li>\u200b<strong>Desafio das Pol\u00edcias:<\/strong> Luiz Eduardo Soares, autor de &#8220;Elite da Tropa&#8221;, traz ao debate a necessidade de reformas estruturais nas for\u00e7as de seguran\u00e7a. Ele defende que &#8220;nenhum governador tem poder pleno sobre as pol\u00edcias&#8221; sem uma pol\u00edtica de Estado integrada que foque na intelig\u00eancia e na redu\u00e7\u00e3o da letalidade, em vez do confronto direto que muitas vezes alimenta o ciclo de viol\u00eancia.<\/li>\n<\/ul>\n\n\n\n<h3 class=\"wp-block-heading\">\u200b<strong>Geopol\u00edtica em foco na TV aberta<\/strong><\/h3>\n\n\n\n<p class=\"wp-block-paragraph\">\u200bCom apenas tr\u00eas meses no ar, o &#8220;Brasil no Mundo&#8221; consolidou-se como um espa\u00e7o raro na TV aberta para a an\u00e1lise de temas globais sob a perspectiva brasileira. Al\u00e9m da seguran\u00e7a, o programa tem monitorado a nova din\u00e2mica das rela\u00e7\u00f5es com os Estados Unidos sob a administra\u00e7\u00e3o Trump e as tens\u00f5es na Venezuela, elementos que influenciam diretamente a estabilidade regional.<\/p>\n\n\n\n<p class=\"wp-block-paragraph\">\u200bA edi\u00e7\u00e3o com Luiz Eduardo Soares ser\u00e1 transmitida \u00e0s 19h30, com reprises na madrugada de segunda-feira, e tamb\u00e9m estar\u00e1 dispon\u00edvel na plataforma TV Brasil Play. Em um cen\u00e1rio onde a seguran\u00e7a p\u00fablica se tornou a principal preocupa\u00e7\u00e3o dos eleitores latino-americanos, o debate prop\u00f5e caminhos que v\u00e3o al\u00e9m da repress\u00e3o, focando na coopera\u00e7\u00e3o internacional e na compreens\u00e3o da criminalidade como um fen\u00f4meno econ\u00f4mico e transnacional.<\/p>\n","protected":false},"excerpt":{"rendered":"<p>\u200bO programa &#8220;Brasil no Mundo&#8221;, da TV Brasil, dedica sua edi\u00e7\u00e3o deste domingo (8\/02\/2026) a um dos temas mais cr\u00edticos da geopol\u00edtica regional: a escalada [&#8230;]<\/p>\n","protected":false},"author":1,"featured_media":3392,"comment_status":"open","ping_status":"open","sticky":false,"template":"","format":"standard","meta":{"_crdt_document":"","_jetpack_memberships_contains_paid_content":false,"footnotes":"","jetpack_publicize_message":"","jetpack_publicize_feature_enabled":true,"jetpack_social_post_already_shared":true,"jetpack_social_options":{"image_generator_settings":{"template":"highway","default_image_id":0,"font":"","enabled":false},"version":2}},"categories":[31],"tags":[],"class_list":["post-3391","post","type-post","status-publish","format-standard","has-post-thumbnail","hentry","category-entretenimento"],"jetpack_publicize_connections":[],"jetpack_featured_media_url":"https:\/\/i0.wp.com\/oexpressobr.com.br\/wp-content\/uploads\/2026\/02\/trilha-de-letras-luiz-eduardo-soares-02-credito-divulgacao-tv-brasil.webp?fit=1170%2C700&ssl=1","jetpack_likes_enabled":true,"jetpack_sharing_enabled":true,"_links":{"self":[{"href":"https:\/\/oexpressobr.com.br\/index.php?rest_route=\/wp\/v2\/posts\/3391","targetHints":{"allow":["GET"]}}],"collection":[{"href":"https:\/\/oexpressobr.com.br\/index.php?rest_route=\/wp\/v2\/posts"}],"about":[{"href":"https:\/\/oexpressobr.com.br\/index.php?rest_route=\/wp\/v2\/types\/post"}],"author":[{"embeddable":true,"href":"https:\/\/oexpressobr.com.br\/index.php?rest_route=\/wp\/v2\/users\/1"}],"replies":[{"embeddable":true,"href":"https:\/\/oexpressobr.com.br\/index.php?rest_route=%2Fwp%2Fv2%2Fcomments&post=3391"}],"version-history":[{"count":1,"href":"https:\/\/oexpressobr.com.br\/index.php?rest_route=\/wp\/v2\/posts\/3391\/revisions"}],"predecessor-version":[{"id":3393,"href":"https:\/\/oexpressobr.com.br\/index.php?rest_route=\/wp\/v2\/posts\/3391\/revisions\/3393"}],"wp:featuredmedia":[{"embeddable":true,"href":"https:\/\/oexpressobr.com.br\/index.php?rest_route=\/wp\/v2\/media\/3392"}],"wp:attachment":[{"href":"https:\/\/oexpressobr.com.br\/index.php?rest_route=%2Fwp%2Fv2%2Fmedia&parent=3391"}],"wp:term":[{"taxonomy":"category","embeddable":true,"href":"https:\/\/oexpressobr.com.br\/index.php?rest_route=%2Fwp%2Fv2%2Fcategories&post=3391"},{"taxonomy":"post_tag","embeddable":true,"href":"https:\/\/oexpressobr.com.br\/index.php?rest_route=%2Fwp%2Fv2%2Ftags&post=3391"}],"curies":[{"name":"wp","href":"https:\/\/api.w.org\/{rel}","templated":true}]}}