{"id":3394,"date":"2026-02-07T12:55:40","date_gmt":"2026-02-07T15:55:40","guid":{"rendered":"https:\/\/oexpressobr.com.br\/?p=3394"},"modified":"2026-02-07T12:55:41","modified_gmt":"2026-02-07T15:55:41","slug":"moraes-estipula-15-dias-para-governo-do-rj-entregar-imagens-de-operacao-com-121-mortos-a-pf","status":"publish","type":"post","link":"https:\/\/oexpressobr.com.br\/?p=3394","title":{"rendered":"Moraes estipula 15 dias para governo do RJ entregar imagens de opera\u00e7\u00e3o com 121 mortos \u00e0 PF"},"content":{"rendered":"\n<p class=\"wp-block-paragraph\">\u200bO ministro do Supremo Tribunal Federal (STF), <strong>Alexandre de Moraes<\/strong>, estabeleceu um prazo rigoroso de <strong>15 dias<\/strong> para que o Governo do Estado do Rio de Janeiro envie a totalidade das imagens capturadas durante a megaopera\u00e7\u00e3o policial nos complexos da <strong>Penha e do Alem\u00e3o<\/strong>, ocorrida no fim de outubro de 2025.<\/p>\n\n\n\n<p class=\"wp-block-paragraph\">\u200bA decis\u00e3o, assinada na \u00faltima quarta-feira (04), determina que todo o conte\u00fado audiovisual \u2014 incluindo registros de c\u00e2meras corporais dos agentes e de aeronaves \u2014 seja encaminhado diretamente para a per\u00edcia da <strong>Pol\u00edcia Federal<\/strong>.<\/p>\n\n\n\n<h3 class=\"wp-block-heading\">\u200bContexto e Desdobramentos<\/h3>\n\n\n\n<p class=\"wp-block-paragraph\">\u200bA determina\u00e7\u00e3o ocorre no \u00e2mbito da <strong>ADPF 635<\/strong>, conhecida como a <strong>ADPF das Favelas<\/strong>, que visa restringir e monitorar a viol\u00eancia policial em comunidades fluminenses. A opera\u00e7\u00e3o em quest\u00e3o tornou-se uma das mais letais da hist\u00f3ria recente do estado, contabilizando <strong>121 mortos<\/strong> e gerando forte press\u00e3o de \u00f3rg\u00e3os de direitos humanos e da comunidade internacional.<\/p>\n\n\n\n<h3 class=\"wp-block-heading\">\u200bPontos principais da decis\u00e3o:<\/h3>\n\n\n\n<ul class=\"wp-block-list\">\n<li>\u200b<strong>Transpar\u00eancia sob cust\u00f3dia:<\/strong> O envio \u00e0 Pol\u00edcia Federal busca garantir a isen\u00e7\u00e3o na an\u00e1lise das provas, evitando poss\u00edveis interfer\u00eancias locais.<\/li>\n\n\n\n<li>\u200b<strong>C\u00e2meras Corporais:<\/strong> O uso dos equipamentos \u00e9 uma exig\u00eancia do STF, e a aus\u00eancia ou falha nos registros pode acarretar san\u00e7\u00f5es administrativas e jur\u00eddicas aos respons\u00e1veis.<\/li>\n\n\n\n<li>\u200b<strong>Prazo Fatal:<\/strong> Caso o governo fluminense n\u00e3o cumpra os 15 dias estabelecidos, o descumprimento pode ser interpretado como obstru\u00e7\u00e3o de justi\u00e7a.<\/li>\n<\/ul>\n","protected":false},"excerpt":{"rendered":"<p>\u200bO ministro do Supremo Tribunal Federal (STF), Alexandre de Moraes, estabeleceu um prazo rigoroso de 15 dias para que o Governo do Estado do Rio [&#8230;]<\/p>\n","protected":false},"author":1,"featured_media":3396,"comment_status":"open","ping_status":"open","sticky":false,"template":"","format":"standard","meta":{"_crdt_document":"","_jetpack_memberships_contains_paid_content":false,"footnotes":"","jetpack_publicize_message":"","jetpack_publicize_feature_enabled":true,"jetpack_social_post_already_shared":true,"jetpack_social_options":{"image_generator_settings":{"template":"highway","default_image_id":0,"font":"","enabled":false},"version":2}},"categories":[8],"tags":[],"class_list":["post-3394","post","type-post","status-publish","format-standard","has-post-thumbnail","hentry","category-judiciario"],"jetpack_publicize_connections":[],"jetpack_featured_media_url":"https:\/\/i0.wp.com\/oexpressobr.com.br\/wp-content\/uploads\/2026\/02\/IMG-20260205-WA0285.jpg?fit=1080%2C1350&ssl=1","jetpack_likes_enabled":true,"jetpack_sharing_enabled":true,"_links":{"self":[{"href":"https:\/\/oexpressobr.com.br\/index.php?rest_route=\/wp\/v2\/posts\/3394","targetHints":{"allow":["GET"]}}],"collection":[{"href":"https:\/\/oexpressobr.com.br\/index.php?rest_route=\/wp\/v2\/posts"}],"about":[{"href":"https:\/\/oexpressobr.com.br\/index.php?rest_route=\/wp\/v2\/types\/post"}],"author":[{"embeddable":true,"href":"https:\/\/oexpressobr.com.br\/index.php?rest_route=\/wp\/v2\/users\/1"}],"replies":[{"embeddable":true,"href":"https:\/\/oexpressobr.com.br\/index.php?rest_route=%2Fwp%2Fv2%2Fcomments&post=3394"}],"version-history":[{"count":1,"href":"https:\/\/oexpressobr.com.br\/index.php?rest_route=\/wp\/v2\/posts\/3394\/revisions"}],"predecessor-version":[{"id":3397,"href":"https:\/\/oexpressobr.com.br\/index.php?rest_route=\/wp\/v2\/posts\/3394\/revisions\/3397"}],"wp:featuredmedia":[{"embeddable":true,"href":"https:\/\/oexpressobr.com.br\/index.php?rest_route=\/wp\/v2\/media\/3396"}],"wp:attachment":[{"href":"https:\/\/oexpressobr.com.br\/index.php?rest_route=%2Fwp%2Fv2%2Fmedia&parent=3394"}],"wp:term":[{"taxonomy":"category","embeddable":true,"href":"https:\/\/oexpressobr.com.br\/index.php?rest_route=%2Fwp%2Fv2%2Fcategories&post=3394"},{"taxonomy":"post_tag","embeddable":true,"href":"https:\/\/oexpressobr.com.br\/index.php?rest_route=%2Fwp%2Fv2%2Ftags&post=3394"}],"curies":[{"name":"wp","href":"https:\/\/api.w.org\/{rel}","templated":true}]}}