{"id":3398,"date":"2026-02-07T13:00:35","date_gmt":"2026-02-07T16:00:35","guid":{"rendered":"https:\/\/oexpressobr.com.br\/?p=3398"},"modified":"2026-02-07T13:00:37","modified_gmt":"2026-02-07T16:00:37","slug":"medicos-da-pf-atestam-que-bolsonaro-tem-sete-doencas-cronicas-mas-pode-seguir-preso","status":"publish","type":"post","link":"https:\/\/oexpressobr.com.br\/?p=3398","title":{"rendered":"M\u00e9dicos da PF atestam que Bolsonaro tem sete doen\u00e7as cr\u00f4nicas, mas pode seguir preso"},"content":{"rendered":"\n<p class=\"wp-block-paragraph\">Um laudo pericial elaborado por m\u00e9dicos da <strong>Pol\u00edcia Federal<\/strong> e divulgado nesta sexta-feira (6) aponta que o quadro de sa\u00fade do ex-presidente <strong>Jair Bolsonaro<\/strong> demanda cuidados constantes, mas concluiu que as patologias apresentadas podem ser tratadas dentro da unidade prisional. Atualmente, Bolsonaro cumpre pena de <strong>27 anos e 3 meses de pris\u00e3o<\/strong> na &#8220;Papudinha&#8221;, ala destinada a policiais militares no Complexo da Papuda, em Bras\u00edlia, por seu envolvimento na trama golpista de 2022.<\/p>\n\n\n\n<p class=\"wp-block-paragraph\">\u200bA per\u00edcia foi uma determina\u00e7\u00e3o do ministro <strong>Alexandre de Moraes<\/strong>, do Supremo Tribunal Federal (STF), para subsidiar sua decis\u00e3o sobre o pedido de pris\u00e3o domiciliar protocolado pela defesa do ex-presidente por raz\u00f5es humanit\u00e1rias. Os advogados alegam uma &#8220;piora acentuada&#8221; no estado de sa\u00fade do cliente, relatando crises de solu\u00e7os e epis\u00f3dios de v\u00f4mito.<\/p>\n\n\n\n<h3 class=\"wp-block-heading\">\u200bDiagn\u00f3sticos e Recomenda\u00e7\u00f5es<\/h3>\n\n\n\n<p class=\"wp-block-paragraph\">\u200bEmbora os m\u00e9dicos tenham descartado quadros de depress\u00e3o ou pneumonia aspirativa, o laudo identificou <strong>sete doen\u00e7as cr\u00f4nicas<\/strong>:<\/p>\n\n\n\n<ol class=\"wp-block-list\">\n<li>\u200b<strong>Hipertens\u00e3o arterial sist\u00eamica<\/strong>;<\/li>\n\n\n\n<li>\u200b<strong>S\u00edndrome da Apneia Obstrutiva do Sono (SAOS) grave<\/strong>;<\/li>\n\n\n\n<li>\u200b<strong>Obesidade cl\u00ednica<\/strong>;<\/li>\n\n\n\n<li>\u200b<strong>Aterosclerose sist\u00eamica<\/strong>;<\/li>\n\n\n\n<li>\u200b<strong>Doen\u00e7a do refluxo gastroesof\u00e1gico<\/strong>;<\/li>\n\n\n\n<li>\u200b<strong>Queratose act\u00ednica (les\u00f5es de pele)<\/strong>;<\/li>\n\n\n\n<li>\u200b<strong>Ader\u00eancias (bridas) intra-abdominais<\/strong>.<\/li>\n<\/ol>\n\n\n\n<p class=\"wp-block-paragraph\">\u200bApesar da lista extensa, o relat\u00f3rio t\u00e9cnico afirma que a estrutura da Papudinha \u00e9 suficiente para o monitoramento, desde que sejam adotadas adapta\u00e7\u00f5es. Entre as recomenda\u00e7\u00f5es dos peritos est\u00e3o a instala\u00e7\u00e3o de <strong>grades de apoio<\/strong> em corredores e banheiros, a coloca\u00e7\u00e3o de <strong>campainhas de p\u00e2nico<\/strong> no alojamento e a garantia de fisioterapia cont\u00ednua e dieta fracionada.<\/p>\n\n\n\n<h3 class=\"wp-block-heading\">\u200bPr\u00f3ximos Passos Jur\u00eddicos<\/h3>\n\n\n\n<p class=\"wp-block-paragraph\">\u200bCom a entrega do laudo, o ministro Alexandre de Moraes abriu um prazo de cinco dias para que a defesa de Bolsonaro e a <strong>Procuradoria-Geral da Rep\u00fablica (PGR)<\/strong> se manifestem sobre o documento.<\/p>\n\n\n\n<blockquote class=\"wp-block-quote is-layout-flow wp-block-quote-is-layout-flow\">\n<p class=\"wp-block-paragraph\">\u200b&#8221;O laudo se limita a registrar a inexist\u00eancia de indica\u00e7\u00e3o de interna\u00e7\u00e3o hospitalar imediata, mas o quadro exige observ\u00e2ncia rigorosa de medidas assistenciais&#8221;, afirmaram os advogados de Bolsonaro em nota oficial.<\/p>\n<\/blockquote>\n\n\n\n<p class=\"wp-block-paragraph\">\u200bA decis\u00e3o de Moraes ser\u00e1 crucial para definir se o ex-presidente continuar\u00e1 no regime fechado ou se poder\u00e1 migrar para o regime domiciliar com tornozeleira eletr\u00f4nica. Vale lembrar que Bolsonaro foi condenado pelo STF em setembro de 2025 por crimes como tentativa de golpe de Estado e organiza\u00e7\u00e3o criminosa armada.<\/p>\n","protected":false},"excerpt":{"rendered":"<p>Um laudo pericial elaborado por m\u00e9dicos da Pol\u00edcia Federal e divulgado nesta sexta-feira (6) aponta que o quadro de sa\u00fade do ex-presidente Jair Bolsonaro demanda [&#8230;]<\/p>\n","protected":false},"author":1,"featured_media":3399,"comment_status":"open","ping_status":"open","sticky":false,"template":"","format":"standard","meta":{"_crdt_document":"","_jetpack_memberships_contains_paid_content":false,"footnotes":"","jetpack_publicize_message":"","jetpack_publicize_feature_enabled":true,"jetpack_social_post_already_shared":true,"jetpack_social_options":{"image_generator_settings":{"template":"highway","default_image_id":0,"font":"","enabled":false},"version":2}},"categories":[18],"tags":[],"class_list":["post-3398","post","type-post","status-publish","format-standard","has-post-thumbnail","hentry","category-saude"],"jetpack_publicize_connections":[],"jetpack_featured_media_url":"https:\/\/i0.wp.com\/oexpressobr.com.br\/wp-content\/uploads\/2026\/02\/IMG-20260207-WA0198.jpg?fit=1080%2C1350&ssl=1","jetpack_likes_enabled":true,"jetpack_sharing_enabled":true,"_links":{"self":[{"href":"https:\/\/oexpressobr.com.br\/index.php?rest_route=\/wp\/v2\/posts\/3398","targetHints":{"allow":["GET"]}}],"collection":[{"href":"https:\/\/oexpressobr.com.br\/index.php?rest_route=\/wp\/v2\/posts"}],"about":[{"href":"https:\/\/oexpressobr.com.br\/index.php?rest_route=\/wp\/v2\/types\/post"}],"author":[{"embeddable":true,"href":"https:\/\/oexpressobr.com.br\/index.php?rest_route=\/wp\/v2\/users\/1"}],"replies":[{"embeddable":true,"href":"https:\/\/oexpressobr.com.br\/index.php?rest_route=%2Fwp%2Fv2%2Fcomments&post=3398"}],"version-history":[{"count":1,"href":"https:\/\/oexpressobr.com.br\/index.php?rest_route=\/wp\/v2\/posts\/3398\/revisions"}],"predecessor-version":[{"id":3400,"href":"https:\/\/oexpressobr.com.br\/index.php?rest_route=\/wp\/v2\/posts\/3398\/revisions\/3400"}],"wp:featuredmedia":[{"embeddable":true,"href":"https:\/\/oexpressobr.com.br\/index.php?rest_route=\/wp\/v2\/media\/3399"}],"wp:attachment":[{"href":"https:\/\/oexpressobr.com.br\/index.php?rest_route=%2Fwp%2Fv2%2Fmedia&parent=3398"}],"wp:term":[{"taxonomy":"category","embeddable":true,"href":"https:\/\/oexpressobr.com.br\/index.php?rest_route=%2Fwp%2Fv2%2Fcategories&post=3398"},{"taxonomy":"post_tag","embeddable":true,"href":"https:\/\/oexpressobr.com.br\/index.php?rest_route=%2Fwp%2Fv2%2Ftags&post=3398"}],"curies":[{"name":"wp","href":"https:\/\/api.w.org\/{rel}","templated":true}]}}