{"id":341,"date":"2025-12-04T21:09:06","date_gmt":"2025-12-05T00:09:06","guid":{"rendered":"https:\/\/oexpressobr.com.br\/?p=341"},"modified":"2025-12-04T21:09:07","modified_gmt":"2025-12-05T00:09:07","slug":"reinaldo-azevedo-a-nova-fase-do-golpismo-e-o-poder-centralizador-de-alcolumbre-e-maia","status":"publish","type":"post","link":"https:\/\/oexpressobr.com.br\/?p=341","title":{"rendered":"Reinaldo Azevedo: A Nova Fase do Golpismo e o Poder Centralizador de Alcolumbre e Maia"},"content":{"rendered":"\n<p class=\"wp-block-paragraph\"><br>Em uma cr\u00edtica incisiva, o jornalista Reinaldo Azevedo aponta uma &#8220;nova fase do golpismo&#8221; no cen\u00e1rio pol\u00edtico brasileiro, onde a amea\u00e7a \u00e0 democracia viria n\u00e3o mais de um flanco externo, mas sim do pr\u00f3prio cora\u00e7\u00e3o do Congresso Nacional, personificado nas lideran\u00e7as do Senado e da C\u00e2mara dos Deputados, Davi Alcolumbre e Rodrigo Maia.<br>Azevedo utiliza a express\u00e3o &#8220;d\u00e9spotas pouco esclarecidos&#8221; para definir a atua\u00e7\u00e3o dos presidentes das Casas Legislativas, argumentando que a forma como exercem seu poder pode configurar uma usurpa\u00e7\u00e3o das prerrogativas de outros poderes, enfraquecendo a institucionalidade democr\u00e1tica.<br>O Golpismo Metamorfoseado no Legislativo<br>O conceito de &#8220;golpismo&#8221; na vis\u00e3o do colunista, historicamente associado a tentativas de ruptura institucional, ganha uma roupagem mais sutil e interna. O foco da cr\u00edtica recai sobre a centraliza\u00e7\u00e3o de poder e a atua\u00e7\u00e3o monocr\u00e1tica das presid\u00eancias do Congresso, em detrimento do funcionamento colegiado e equilibrado.<br>A men\u00e7\u00e3o ao &#8220;piti de Alcolumbre&#8221; e sua conduta como &#8220;dono da Rep\u00fablica&#8221; reflete o descontentamento com o uso de prerrogativas regimentais e constitucionais para travar ou avan\u00e7ar pautas de interesse, como o engavetamento de CPIs ou a defini\u00e7\u00e3o de calend\u00e1rios de vota\u00e7\u00e3o de mat\u00e9rias cruciais, muitas vezes gerando atritos com o Poder Executivo.<\/p>\n\n\n\n<blockquote class=\"wp-block-quote is-layout-flow wp-block-quote-is-layout-flow\">\n<p class=\"wp-block-paragraph\">\ud83d\udde3\ufe0f &#8220;O piti de Alcolumbre, que tem se comportado como o dono da Rep\u00fablica, \u00e9 compreens\u00edvel. Pensem bem no poder que tem este senhor que, se necess\u00e1rio for, s\u00f3 pode ser julgado e processado no Supremo.&#8221;<\/p>\n\n\n\n<p class=\"wp-block-paragraph\">O Poder Intoc\u00e1vel e a Busca por Imunidade<br>Azevedo n\u00e3o deixa de notar a blindagem institucional que recai sobre essas figuras. A prerrogativa de foro privilegiado \u00e9 um ponto chave: ao serem julgados e processados apenas no Supremo Tribunal Federal (STF), os chefes do Congresso adquirem um grau de imunidade pol\u00edtica e jur\u00eddica que, na vis\u00e3o do jornalista, amplia sua margem para manobras e abusos.<br>Historicamente, as a\u00e7\u00f5es de Maia e Alcolumbre \u00e0 frente de suas Casas foram frequentemente criticadas, sendo alvo de alega\u00e7\u00f5es de tentativa de implantar um &#8220;parlamentarismo branco&#8221; ou de conspirar para enfraquecer o governo, como em momentos de intenso atrito com o ex-presidente Jair Bolsonaro. Tais acusa\u00e7\u00f5es, ainda que negadas, ilustram o alto grau de tens\u00e3o institucional gerado pelas din\u00e2micas de poder no Legislativo.<br>\u00daltimas Novidades e a Persist\u00eancia da Tens\u00e3o<br>As cr\u00edticas de Reinaldo Azevedo se mant\u00eam relevantes em um cen\u00e1rio pol\u00edtico onde as lideran\u00e7as do Congresso continuam a exercer forte influ\u00eancia sobre a agenda nacional.<\/p>\n\n\n\n<ul class=\"wp-block-list\">\n<li>Embates por Indica\u00e7\u00e3o e Pautas: Mais recentemente, Alcolumbre tem sido figura central em embates, como na quest\u00e3o da indica\u00e7\u00e3o de nomes para o STF, onde o Senado, sob sua lideran\u00e7a, exerce um papel de &#8216;filtro&#8217; que se tornou objeto de intenso debate. Azevedo, em an\u00e1lises mais atuais, chegou a pedir que a &#8220;guerra de Alcolumbre&#8221; fosse apurada pelo jornalismo investigativo, questionando a raz\u00e3o da sua &#8220;f\u00faria&#8221; em determinados temas.<\/li>\n\n\n\n<li>O Envolvimento com o STF: A rela\u00e7\u00e3o entre o Congresso e o Supremo, marcada por decis\u00f5es que influenciaram a possibilidade de reelei\u00e7\u00e3o dos presidentes das Casas (como ocorreu com Maia e Alcolumbre em 2020), refor\u00e7a a percep\u00e7\u00e3o de uma interdepend\u00eancia complexa e, por vezes, question\u00e1vel, que contribui para a sensa\u00e7\u00e3o de um poder concentrado.<br>A mat\u00e9ria de Reinaldo Azevedo, portanto, ressoa a preocupa\u00e7\u00e3o de que o excessivo poder nas m\u00e3os dos l\u00edderes do Congresso, somado \u00e0 sua blindagem jur\u00eddica, representa uma forma moderna de desvio institucional, colocando em risco o equil\u00edbrio e a sa\u00fade da democracia brasileira.<br><\/li>\n<\/ul>\n<\/blockquote>\n","protected":false},"excerpt":{"rendered":"<p>Em uma cr\u00edtica incisiva, o jornalista Reinaldo Azevedo aponta uma &#8220;nova fase do golpismo&#8221; no cen\u00e1rio pol\u00edtico brasileiro, onde a amea\u00e7a \u00e0 democracia viria n\u00e3o [&#8230;]<\/p>\n","protected":false},"author":1,"featured_media":342,"comment_status":"open","ping_status":"open","sticky":false,"template":"","format":"standard","meta":{"_crdt_document":"","_jetpack_memberships_contains_paid_content":false,"footnotes":"","jetpack_publicize_message":"","jetpack_publicize_feature_enabled":true,"jetpack_social_post_already_shared":false,"jetpack_social_options":{"image_generator_settings":{"template":"highway","default_image_id":0,"font":"","enabled":false},"version":2}},"categories":[16],"tags":[],"class_list":["post-341","post","type-post","status-publish","format-standard","has-post-thumbnail","hentry","category-denuncia"],"jetpack_publicize_connections":[],"jetpack_featured_media_url":"https:\/\/i0.wp.com\/oexpressobr.com.br\/wp-content\/uploads\/2025\/12\/voadora-no-rosto-num-jogo-de-futebol-1764826874201_v2_900x506.jpg.webp?fit=900%2C506&ssl=1","jetpack_likes_enabled":true,"jetpack_sharing_enabled":true,"_links":{"self":[{"href":"https:\/\/oexpressobr.com.br\/index.php?rest_route=\/wp\/v2\/posts\/341","targetHints":{"allow":["GET"]}}],"collection":[{"href":"https:\/\/oexpressobr.com.br\/index.php?rest_route=\/wp\/v2\/posts"}],"about":[{"href":"https:\/\/oexpressobr.com.br\/index.php?rest_route=\/wp\/v2\/types\/post"}],"author":[{"embeddable":true,"href":"https:\/\/oexpressobr.com.br\/index.php?rest_route=\/wp\/v2\/users\/1"}],"replies":[{"embeddable":true,"href":"https:\/\/oexpressobr.com.br\/index.php?rest_route=%2Fwp%2Fv2%2Fcomments&post=341"}],"version-history":[{"count":0,"href":"https:\/\/oexpressobr.com.br\/index.php?rest_route=\/wp\/v2\/posts\/341\/revisions"}],"wp:featuredmedia":[{"embeddable":true,"href":"https:\/\/oexpressobr.com.br\/index.php?rest_route=\/wp\/v2\/media\/342"}],"wp:attachment":[{"href":"https:\/\/oexpressobr.com.br\/index.php?rest_route=%2Fwp%2Fv2%2Fmedia&parent=341"}],"wp:term":[{"taxonomy":"category","embeddable":true,"href":"https:\/\/oexpressobr.com.br\/index.php?rest_route=%2Fwp%2Fv2%2Fcategories&post=341"},{"taxonomy":"post_tag","embeddable":true,"href":"https:\/\/oexpressobr.com.br\/index.php?rest_route=%2Fwp%2Fv2%2Ftags&post=341"}],"curies":[{"name":"wp","href":"https:\/\/api.w.org\/{rel}","templated":true}]}}