{"id":3424,"date":"2026-02-09T06:06:11","date_gmt":"2026-02-09T09:06:11","guid":{"rendered":"https:\/\/oexpressobr.com.br\/?p=3424"},"modified":"2026-02-09T06:06:12","modified_gmt":"2026-02-09T09:06:12","slug":"padre-bento-se-despede-de-foz-do-iguacu-e-assume-missao-em-nova-laranjeiras","status":"publish","type":"post","link":"https:\/\/oexpressobr.com.br\/?p=3424","title":{"rendered":"Padre Bento se despede de Foz do Igua\u00e7u e assume miss\u00e3o em Nova Laranjeiras"},"content":{"rendered":"\n<p class=\"wp-block-paragraph\">Ap\u00f3s quase quatro anos de dedica\u00e7\u00e3o \u00e0 Matriz S\u00e3o Jo\u00e3o Batista, no centro de Foz do Igua\u00e7u, o <strong>Padre Bento<\/strong> (Benediktus Jemiun) encerrou seu ciclo na fronteira para assumir um novo desafio pastoral. O sacerdote, natural da Indon\u00e9sia, foi transferido para a Par\u00f3quia S\u00e3o Jo\u00e3o Batista em Nova Laranjeiras, pertencente \u00e0 Diocese de Guarapuava.<\/p>\n\n\n\n<p class=\"wp-block-paragraph\">\u200bA despedida, marcada por forte emo\u00e7\u00e3o dos paroquianos, encerra um per\u00edodo que come\u00e7ou em mar\u00e7o de 2022. Conhecido pelo carisma e pela proximidade com a comunidade, Padre Bento destacou que a mudan\u00e7a faz parte da &#8220;miss\u00e3o imposta pela Igreja&#8221; e pelo compromisso com a congrega\u00e7\u00e3o do Verbo Divino (SVD).<\/p>\n\n\n\n<h3 class=\"wp-block-heading\">\u200bSucess\u00e3o indon\u00e9sia na Matriz<\/h3>\n\n\n\n<p class=\"wp-block-paragraph\">\u200bPara manter a continuidade dos trabalhos e o interc\u00e2mbio mission\u00e1rio, o substituto de Padre Bento tamb\u00e9m \u00e9 de origem indon\u00e9sia. O <strong>Padre Rivaldus<\/strong> j\u00e1 chegou a Foz do Igua\u00e7u e iniciou a celebra\u00e7\u00e3o das santas missas na Matriz, sendo acolhido pela comunidade local. Ele trabalhar\u00e1 em conjunto com o P\u00e1roco Willian Alves Paiva, dando sequ\u00eancia ao atendimento espiritual e administrativo da par\u00f3quia.<\/p>\n\n\n\n<h3 class=\"wp-block-heading\">\u200bNova miss\u00e3o em Nova Laranjeiras<\/h3>\n\n\n\n<p class=\"wp-block-paragraph\">\u200bEm sua nova par\u00f3quia, Padre Bento encontrar\u00e1 um cen\u00e1rio de forte atua\u00e7\u00e3o comunit\u00e1ria. A Par\u00f3quia S\u00e3o Jo\u00e3o Batista de Nova Laranjeiras \u00e9 respons\u00e1vel por cerca de 40 comunidades e possui uma atua\u00e7\u00e3o hist\u00f3rica na regi\u00e3o, inclusive com atendimento a popula\u00e7\u00f5es ind\u00edgenas e rurais. Ele se junta a outros mission\u00e1rios da SVD, como os padres Jo\u00e3o Maria Ferreira e Arnoldus Alexandro Tage, para fortalecer a evangeliza\u00e7\u00e3o no Decanato de Laranjeiras.<\/p>\n\n\n\n<p class=\"wp-block-paragraph\">\u200bA transfer\u00eancia ocorre em um momento de diversas movimenta\u00e7\u00f5es no clero da regi\u00e3o para o ano de 2026, conforme anunciado recentemente pela Diocese de Foz do Igua\u00e7u, visando o atendimento das necessidades pastorais e a renova\u00e7\u00e3o das lideran\u00e7as paroquiais.<\/p>\n\n\n\n<p class=\"wp-block-paragraph\"><\/p>\n","protected":false},"excerpt":{"rendered":"<p>Ap\u00f3s quase quatro anos de dedica\u00e7\u00e3o \u00e0 Matriz S\u00e3o Jo\u00e3o Batista, no centro de Foz do Igua\u00e7u, o Padre Bento (Benediktus Jemiun) encerrou seu ciclo [&#8230;]<\/p>\n","protected":false},"author":1,"featured_media":3425,"comment_status":"open","ping_status":"open","sticky":false,"template":"","format":"standard","meta":{"_crdt_document":"","_jetpack_memberships_contains_paid_content":false,"footnotes":"","jetpack_publicize_message":"","jetpack_publicize_feature_enabled":true,"jetpack_social_post_already_shared":true,"jetpack_social_options":{"image_generator_settings":{"template":"highway","default_image_id":0,"font":"","enabled":false},"version":2}},"categories":[46],"tags":[],"class_list":["post-3424","post","type-post","status-publish","format-standard","has-post-thumbnail","hentry","category-cidades"],"jetpack_publicize_connections":[],"jetpack_featured_media_url":"https:\/\/i0.wp.com\/oexpressobr.com.br\/wp-content\/uploads\/2026\/02\/WhatsApp-Image-2026-02-07-at-10.17.57.jpeg?fit=420%2C315&ssl=1","jetpack_likes_enabled":true,"jetpack_sharing_enabled":true,"_links":{"self":[{"href":"https:\/\/oexpressobr.com.br\/index.php?rest_route=\/wp\/v2\/posts\/3424","targetHints":{"allow":["GET"]}}],"collection":[{"href":"https:\/\/oexpressobr.com.br\/index.php?rest_route=\/wp\/v2\/posts"}],"about":[{"href":"https:\/\/oexpressobr.com.br\/index.php?rest_route=\/wp\/v2\/types\/post"}],"author":[{"embeddable":true,"href":"https:\/\/oexpressobr.com.br\/index.php?rest_route=\/wp\/v2\/users\/1"}],"replies":[{"embeddable":true,"href":"https:\/\/oexpressobr.com.br\/index.php?rest_route=%2Fwp%2Fv2%2Fcomments&post=3424"}],"version-history":[{"count":1,"href":"https:\/\/oexpressobr.com.br\/index.php?rest_route=\/wp\/v2\/posts\/3424\/revisions"}],"predecessor-version":[{"id":3426,"href":"https:\/\/oexpressobr.com.br\/index.php?rest_route=\/wp\/v2\/posts\/3424\/revisions\/3426"}],"wp:featuredmedia":[{"embeddable":true,"href":"https:\/\/oexpressobr.com.br\/index.php?rest_route=\/wp\/v2\/media\/3425"}],"wp:attachment":[{"href":"https:\/\/oexpressobr.com.br\/index.php?rest_route=%2Fwp%2Fv2%2Fmedia&parent=3424"}],"wp:term":[{"taxonomy":"category","embeddable":true,"href":"https:\/\/oexpressobr.com.br\/index.php?rest_route=%2Fwp%2Fv2%2Fcategories&post=3424"},{"taxonomy":"post_tag","embeddable":true,"href":"https:\/\/oexpressobr.com.br\/index.php?rest_route=%2Fwp%2Fv2%2Ftags&post=3424"}],"curies":[{"name":"wp","href":"https:\/\/api.w.org\/{rel}","templated":true}]}}