{"id":3427,"date":"2026-02-09T06:15:46","date_gmt":"2026-02-09T09:15:46","guid":{"rendered":"https:\/\/oexpressobr.com.br\/?p=3427"},"modified":"2026-02-09T06:15:49","modified_gmt":"2026-02-09T09:15:49","slug":"flavio-dino-suspende-penduricalhos-nos-tres-poderes-apos-polemica-do-vale-peru-no-tjmt","status":"publish","type":"post","link":"https:\/\/oexpressobr.com.br\/?p=3427","title":{"rendered":"Fl\u00e1vio Dino suspende &#8220;penduricalhos&#8221; nos Tr\u00eas Poderes ap\u00f3s pol\u00eamica do &#8220;vale-peru&#8221; no TJMT"},"content":{"rendered":"\n<p class=\"wp-block-paragraph\">O ministro do Supremo Tribunal Federal (STF), Fl\u00e1vio Dino, determinou na \u00faltima quinta-feira (5 de fevereiro de 2026) a suspens\u00e3o imediata de verbas salariais conhecidas como &#8220;penduricalhos&#8221; em todos os \u00f3rg\u00e3os do Executivo, Legislativo e Judici\u00e1rio do pa\u00eds. A decis\u00e3o liminar ocorre ap\u00f3s epis\u00f3dios que ganharam repercuss\u00e3o nacional, como o pagamento do &#8220;vale-peru&#8221; pelo Tribunal de Justi\u00e7a de Mato Grosso (TJMT), e estabelece um prazo de 60 dias para que todas as esferas de governo revisem seus pagamentos extras.<\/p>\n\n\n\n<h3 class=\"wp-block-heading\">\u200bO estopim: do &#8220;vale-peru&#8221; ao &#8220;vale-tudo&#8221;<\/h3>\n\n\n\n<p class=\"wp-block-paragraph\">\u200bA controv\u00e9rsia em torno do termo &#8220;vale-peru&#8221; surgiu no final de 2024, quando o TJMT aprovou um aumento excepcional do aux\u00edlio-alimenta\u00e7\u00e3o, elevando o valor de R$ 2 mil para R$ 10 mil apenas no m\u00eas de dezembro. \u00c0 \u00e9poca, o presidente do Tribunal de Justi\u00e7a, desembargador Jos\u00e9 Zuquim Nogueira, e a ent\u00e3o presidente Clarice Claudino defenderam a legalidade do pagamento, afirmando que a verba possu\u00eda respaldo normativo e visava cobrir &#8220;necessidades nutricionais com dignidade&#8221;.<\/p>\n\n\n\n<p class=\"wp-block-paragraph\">\u200bContudo, para o ministro Fl\u00e1vio Dino, a prolifera\u00e7\u00e3o desses aux\u00edlios sem previs\u00e3o legal clara em lei nacional configura um &#8220;inaceit\u00e1vel vale-tudo&#8221; e uma &#8220;viola\u00e7\u00e3o massiva&#8221; \u00e0 Constitui\u00e7\u00e3o. Dino ironizou a criatividade na cria\u00e7\u00e3o de gratifica\u00e7\u00f5es, citando exemplos como o &#8220;aux\u00edlio-peru&#8221; e o &#8220;aux\u00edlio-panetone&#8221;, e chegou a declarar que temia a cria\u00e7\u00e3o de uma gratifica\u00e7\u00e3o por &#8220;respirar oxig\u00eanio&#8221;.<\/p>\n\n\n\n<h3 class=\"wp-block-heading\">\u200bDetalhes da decis\u00e3o e impacto nacional<\/h3>\n\n\n\n<p class=\"wp-block-paragraph\">\u200bA decis\u00e3o de Dino, que ser\u00e1 submetida ao plen\u00e1rio do STF no pr\u00f3ximo dia 25 de fevereiro, atinge:<\/p>\n\n\n\n<ul class=\"wp-block-list\">\n<li>\u200b<strong>Abrang\u00eancia:<\/strong> Servidores e membros de Poder municipais, estaduais e federais.<\/li>\n\n\n\n<li>\u200b<strong>Regra do Teto:<\/strong> Nenhuma parcela indenizat\u00f3ria pode ser paga fora do teto constitucional (atualmente em R$ 46,3 mil) a menos que esteja expressamente prevista em lei nacional aprovada pelo Congresso.<\/li>\n\n\n\n<li>\u200b<strong>Prazo de 60 dias:<\/strong> \u00d3rg\u00e3os p\u00fablicos devem publicar atos motivados listando cada verba paga, seu crit\u00e9rio de c\u00e1lculo e o fundamento jur\u00eddico. Caso n\u00e3o haja base legal, o pagamento deve ser cortado imediatamente.<\/li>\n<\/ul>\n\n\n\n<h3 class=\"wp-block-heading\">\u200bRea\u00e7\u00f5es e pr\u00f3ximos passos<\/h3>\n\n\n\n<p class=\"wp-block-paragraph\">\u200bO TJMT, que j\u00e1 havia sido alvo de ordens do Conselho Nacional de Justi\u00e7a (CNJ) para que magistrados e servidores devolvessem os valores recebidos indevidamente em 2024, mant\u00e9m a postura de que seus pagamentos seguem a simetria da carreira jur\u00eddica. No entanto, o STF, sob a relatoria da ministra C\u00e1rmen L\u00facia em processos espec\u00edficos, j\u00e1 havia sinalizado desfavoravelmente \u00e0 manuten\u00e7\u00e3o desses benef\u00edcios por afronta ao princ\u00edpio da moralidade administrativa.<\/p>\n\n\n\n<p class=\"wp-block-paragraph\">\u200bO vice-presidente da Rep\u00fablica, Geraldo Alckmin, elogiou a medida de Dino, classificando-a como importante para o pa\u00eds, uma vez que tais benef\u00edcios s\u00e3o financiados por impostos que recaem sobre o trabalhador. A expectativa agora gira em torno do julgamento presencial no Supremo, que definir\u00e1 se a &#8220;limpeza&#8221; nos contracheques do funcionalismo ter\u00e1 car\u00e1ter definitivo.<\/p>\n\n\n\n<p class=\"wp-block-paragraph\"><\/p>\n","protected":false},"excerpt":{"rendered":"<p>O ministro do Supremo Tribunal Federal (STF), Fl\u00e1vio Dino, determinou na \u00faltima quinta-feira (5 de fevereiro de 2026) a suspens\u00e3o imediata de verbas salariais conhecidas [&#8230;]<\/p>\n","protected":false},"author":1,"featured_media":3428,"comment_status":"open","ping_status":"open","sticky":false,"template":"","format":"standard","meta":{"_crdt_document":"","_jetpack_memberships_contains_paid_content":false,"footnotes":"","jetpack_publicize_message":"","jetpack_publicize_feature_enabled":true,"jetpack_social_post_already_shared":true,"jetpack_social_options":{"image_generator_settings":{"template":"highway","default_image_id":0,"font":"","enabled":false},"version":2}},"categories":[3],"tags":[],"class_list":["post-3427","post","type-post","status-publish","format-standard","has-post-thumbnail","hentry","category-brasil"],"jetpack_publicize_connections":[],"jetpack_featured_media_url":"https:\/\/i0.wp.com\/oexpressobr.com.br\/wp-content\/uploads\/2026\/02\/zuquim-capa1.jpg?fit=960%2C656&ssl=1","jetpack_likes_enabled":true,"jetpack_sharing_enabled":true,"_links":{"self":[{"href":"https:\/\/oexpressobr.com.br\/index.php?rest_route=\/wp\/v2\/posts\/3427","targetHints":{"allow":["GET"]}}],"collection":[{"href":"https:\/\/oexpressobr.com.br\/index.php?rest_route=\/wp\/v2\/posts"}],"about":[{"href":"https:\/\/oexpressobr.com.br\/index.php?rest_route=\/wp\/v2\/types\/post"}],"author":[{"embeddable":true,"href":"https:\/\/oexpressobr.com.br\/index.php?rest_route=\/wp\/v2\/users\/1"}],"replies":[{"embeddable":true,"href":"https:\/\/oexpressobr.com.br\/index.php?rest_route=%2Fwp%2Fv2%2Fcomments&post=3427"}],"version-history":[{"count":1,"href":"https:\/\/oexpressobr.com.br\/index.php?rest_route=\/wp\/v2\/posts\/3427\/revisions"}],"predecessor-version":[{"id":3429,"href":"https:\/\/oexpressobr.com.br\/index.php?rest_route=\/wp\/v2\/posts\/3427\/revisions\/3429"}],"wp:featuredmedia":[{"embeddable":true,"href":"https:\/\/oexpressobr.com.br\/index.php?rest_route=\/wp\/v2\/media\/3428"}],"wp:attachment":[{"href":"https:\/\/oexpressobr.com.br\/index.php?rest_route=%2Fwp%2Fv2%2Fmedia&parent=3427"}],"wp:term":[{"taxonomy":"category","embeddable":true,"href":"https:\/\/oexpressobr.com.br\/index.php?rest_route=%2Fwp%2Fv2%2Fcategories&post=3427"},{"taxonomy":"post_tag","embeddable":true,"href":"https:\/\/oexpressobr.com.br\/index.php?rest_route=%2Fwp%2Fv2%2Ftags&post=3427"}],"curies":[{"name":"wp","href":"https:\/\/api.w.org\/{rel}","templated":true}]}}