{"id":3432,"date":"2026-02-09T06:36:41","date_gmt":"2026-02-09T09:36:41","guid":{"rendered":"https:\/\/oexpressobr.com.br\/?p=3432"},"modified":"2026-02-09T06:36:42","modified_gmt":"2026-02-09T09:36:42","slug":"carnaval-2026-governos-e-empresas-definem-folgas-em-meio-a-duvida-sobre-feriado-nacional","status":"publish","type":"post","link":"https:\/\/oexpressobr.com.br\/?p=3432","title":{"rendered":"Carnaval 2026: Governos e empresas definem folgas em meio \u00e0 d\u00favida sobre feriado nacional"},"content":{"rendered":"\n<p class=\"wp-block-paragraph\">\u200bO <strong>Carnaval de 2026<\/strong>, que oficialmente ocorre entre os dias <strong>14 e 17 de fevereiro<\/strong>, reacende uma d\u00favida anual entre milh\u00f5es de trabalhadores brasileiros: a folga \u00e9 um direito garantido ou uma concess\u00e3o do patr\u00e3o? Apesar da tradi\u00e7\u00e3o cultural, a legisla\u00e7\u00e3o brasileira \u00e9 clara ao n\u00e3o classificar a data como feriado nacional, deixando a decis\u00e3o nas m\u00e3os de estados, munic\u00edpios e empresas.<\/p>\n\n\n\n<h3 class=\"wp-block-heading\">\u200bO que diz a lei para 2026<\/h3>\n\n\n\n<p class=\"wp-block-paragraph\">\u200bDe acordo com o calend\u00e1rio oficial do Governo Federal, os dias <strong>16 (segunda-feira)<\/strong> e <strong>17 (ter\u00e7a-feira)<\/strong> de fevereiro s\u00e3o considerados <strong>pontos facultativos<\/strong>. Na <strong>Quarta-feira de Cinzas (18)<\/strong>, o ponto facultativo \u00e9 v\u00e1lido at\u00e9 as 14h.<\/p>\n\n\n\n<p class=\"wp-block-paragraph\">\u200bIsso significa que:<\/p>\n\n\n\n<ul class=\"wp-block-list\">\n<li>\u200b<strong>Servidores P\u00fablicos:<\/strong> Geralmente t\u00eam a folga garantida por decreto dos governos federal, estaduais ou municipais.<\/li>\n\n\n\n<li>\u200b<strong>Setor Privado:<\/strong> A dispensa n\u00e3o \u00e9 obrigat\u00f3ria. As empresas podem exigir o expediente normal sem o pagamento de horas extras em dobro, a menos que haja um acordo de compensa\u00e7\u00e3o ou conven\u00e7\u00e3o coletiva.<\/li>\n<\/ul>\n\n\n\n<h3 class=\"wp-block-heading\">\u200bExce\u00e7\u00f5es regionais: Onde \u00e9 feriado de verdade?<\/h3>\n\n\n\n<p class=\"wp-block-paragraph\">\u200bEmbora n\u00e3o seja uma regra nacional, algumas localidades possuem leis espec\u00edficas que transformam a folia em descanso obrigat\u00f3rio.<\/p>\n\n\n\n<h3 class=\"wp-block-heading\">Impacto para o trabalhador<\/h3>\n\n\n\n<p class=\"wp-block-paragraph\">\u200bPara quem for escalado para trabalhar em locais onde a data \u00e9 apenas ponto facultativo, o dia \u00e9 considerado <strong>\u00fatil<\/strong>. Faltar sem justificativa ou acordo pr\u00e9vio pode acarretar em descontos no sal\u00e1rio e at\u00e9 san\u00e7\u00f5es administrativas. Por outro lado, muitas empresas adotam o <strong>banco de horas<\/strong>, permitindo que o funcion\u00e1rio folgue no Carnaval e compense o per\u00edodo em datas posteriores.<\/p>\n\n\n\n<blockquote class=\"wp-block-quote is-layout-flow wp-block-quote-is-layout-flow\">\n<p class=\"wp-block-paragraph\">\u200b<strong>Fique atento:<\/strong> No setor banc\u00e1rio, a Federa\u00e7\u00e3o Brasileira de Bancos (FEBRABAN) confirmou que n\u00e3o haver\u00e1 atendimento nas ag\u00eancias na segunda e na ter\u00e7a-feira de Carnaval, com retorno das atividades na quarta-feira ap\u00f3s o meio-dia.<\/p>\n<\/blockquote>\n","protected":false},"excerpt":{"rendered":"<p>\u200bO Carnaval de 2026, que oficialmente ocorre entre os dias 14 e 17 de fevereiro, reacende uma d\u00favida anual entre milh\u00f5es de trabalhadores brasileiros: a [&#8230;]<\/p>\n","protected":false},"author":1,"featured_media":3433,"comment_status":"open","ping_status":"open","sticky":false,"template":"","format":"standard","meta":{"_crdt_document":"","_jetpack_memberships_contains_paid_content":false,"footnotes":"","jetpack_publicize_message":"","jetpack_publicize_feature_enabled":true,"jetpack_social_post_already_shared":true,"jetpack_social_options":{"image_generator_settings":{"template":"highway","default_image_id":0,"font":"","enabled":false},"version":2}},"categories":[3],"tags":[],"class_list":["post-3432","post","type-post","status-publish","format-standard","has-post-thumbnail","hentry","category-brasil"],"jetpack_publicize_connections":[],"jetpack_featured_media_url":"https:\/\/i0.wp.com\/oexpressobr.com.br\/wp-content\/uploads\/2026\/02\/IMG-20260209-WA0042.png?fit=1687%2C1181&ssl=1","jetpack_likes_enabled":true,"jetpack_sharing_enabled":true,"_links":{"self":[{"href":"https:\/\/oexpressobr.com.br\/index.php?rest_route=\/wp\/v2\/posts\/3432","targetHints":{"allow":["GET"]}}],"collection":[{"href":"https:\/\/oexpressobr.com.br\/index.php?rest_route=\/wp\/v2\/posts"}],"about":[{"href":"https:\/\/oexpressobr.com.br\/index.php?rest_route=\/wp\/v2\/types\/post"}],"author":[{"embeddable":true,"href":"https:\/\/oexpressobr.com.br\/index.php?rest_route=\/wp\/v2\/users\/1"}],"replies":[{"embeddable":true,"href":"https:\/\/oexpressobr.com.br\/index.php?rest_route=%2Fwp%2Fv2%2Fcomments&post=3432"}],"version-history":[{"count":1,"href":"https:\/\/oexpressobr.com.br\/index.php?rest_route=\/wp\/v2\/posts\/3432\/revisions"}],"predecessor-version":[{"id":3434,"href":"https:\/\/oexpressobr.com.br\/index.php?rest_route=\/wp\/v2\/posts\/3432\/revisions\/3434"}],"wp:featuredmedia":[{"embeddable":true,"href":"https:\/\/oexpressobr.com.br\/index.php?rest_route=\/wp\/v2\/media\/3433"}],"wp:attachment":[{"href":"https:\/\/oexpressobr.com.br\/index.php?rest_route=%2Fwp%2Fv2%2Fmedia&parent=3432"}],"wp:term":[{"taxonomy":"category","embeddable":true,"href":"https:\/\/oexpressobr.com.br\/index.php?rest_route=%2Fwp%2Fv2%2Fcategories&post=3432"},{"taxonomy":"post_tag","embeddable":true,"href":"https:\/\/oexpressobr.com.br\/index.php?rest_route=%2Fwp%2Fv2%2Ftags&post=3432"}],"curies":[{"name":"wp","href":"https:\/\/api.w.org\/{rel}","templated":true}]}}