{"id":3435,"date":"2026-02-09T06:41:39","date_gmt":"2026-02-09T09:41:39","guid":{"rendered":"https:\/\/oexpressobr.com.br\/?p=3435"},"modified":"2026-02-09T06:41:40","modified_gmt":"2026-02-09T09:41:40","slug":"brasil-e-argentina-formalizam-inicio-das-obras-da-ponte-internacional-entre-porto-xavier-e-san-javier","status":"publish","type":"post","link":"https:\/\/oexpressobr.com.br\/?p=3435","title":{"rendered":"Brasil e Argentina formalizam in\u00edcio das obras da ponte internacional entre Porto Xavier e San Javier"},"content":{"rendered":"\n<p class=\"wp-block-paragraph\">\u200bAp\u00f3s quase um s\u00e9culo de espera \u2014 com os primeiros registros de planejamento datados de 1934 \u2014, a constru\u00e7\u00e3o da ponte internacional que ligar\u00e1 Porto Xavier, no Rio Grande do Sul, a San Javier, na Argentina, entra finalmente em sua fase operacional. O projeto, or\u00e7ado em aproximadamente <strong>R$ 214 milh\u00f5es<\/strong>, \u00e9 apontado como um dos eixos log\u00edsticos mais estrat\u00e9gicos do Mercosul para os pr\u00f3ximos anos.<\/p>\n\n\n\n<h3 class=\"wp-block-heading\">\u200bStatus atual e cronograma<\/h3>\n\n\n\n<p class=\"wp-block-paragraph\">\u200bEm janeiro e fevereiro de 2026, equipes t\u00e9cnicas do cons\u00f3rcio respons\u00e1vel e autoridades dos dois pa\u00edses intensificaram as reuni\u00f5es presenciais para o alinhamento do licenciamento ambiental e a defini\u00e7\u00e3o das \u00e1reas de desapropria\u00e7\u00e3o. O contrato, assinado no final de 2025, prev\u00ea que a constru\u00e7\u00e3o comece efetivamente ainda neste primeiro semestre de 2026, com um prazo de execu\u00e7\u00e3o estimado em quatro anos. A meta \u00e9 que a travessia seja inaugurada at\u00e9 <strong>2030<\/strong>.<\/p>\n\n\n\n<h3 class=\"wp-block-heading\">\u200bDetalhes t\u00e9cnicos da &#8220;Mega Ponte&#8221;<\/h3>\n\n\n\n<p class=\"wp-block-paragraph\">\u200bA estrutura ter\u00e1 <strong>950 metros de extens\u00e3o<\/strong> sobre o Rio Uruguai e contar\u00e1 com:<\/p>\n\n\n\n<ul class=\"wp-block-list\">\n<li>\u200bDuas faixas de rolamento para ve\u00edculos e caminh\u00f5es;<\/li>\n\n\n\n<li>\u200bCiclovia e passeios para pedestres;<\/li>\n\n\n\n<li>\u200bIlumina\u00e7\u00e3o moderna em LED e sistema de monitoramento por c\u00e2meras em tempo real;<\/li>\n\n\n\n<li>\u200bComplexos aduaneiros integrados em ambas as margens para agilizar processos migrat\u00f3rios e de fiscaliza\u00e7\u00e3o.<\/li>\n<\/ul>\n\n\n\n<h3 class=\"wp-block-heading\">\u200bImpacto econ\u00f4mico e integra\u00e7\u00e3o regional<\/h3>\n\n\n\n<p class=\"wp-block-paragraph\">\u200bAtualmente, a travessia entre as duas cidades \u00e9 feita exclusivamente por balsas, servi\u00e7o que \u00e9 interrompido frequentemente em per\u00edodos de cheia do rio. A nova ponte deve transformar a economia da Regi\u00e3o Missioneira, facilitando o escoamento da produ\u00e7\u00e3o agr\u00edcola (especialmente soja) rumo aos portos argentinos e chilenos, al\u00e9m de reduzir drasticamente os custos operacionais de transporte.<\/p>\n\n\n\n<p class=\"wp-block-paragraph\">\u200bNo setor tur\u00edstico, a obra \u00e9 vista como um divisor de \u00e1guas para a <strong>Rota Jesu\u00edtica Internacional<\/strong>. Ao conectar os s\u00edtios hist\u00f3ricos do Brasil, Argentina e Paraguai de forma direta, a expectativa \u00e9 de um aumento significativo no fluxo de visitantes, consolidando Porto Xavier como um port\u00e3o de entrada fundamental para o turismo transfronteiri\u00e7o.<\/p>\n\n\n\n<p class=\"wp-block-paragraph\">\u200bA execu\u00e7\u00e3o est\u00e1 a cargo da <strong>Rivoli Construtora<\/strong>, que venceu a licita\u00e7\u00e3o conduzida pelo DNIT (Departamento Nacional de Infraestrutura de Transportes) sob o regime de contrata\u00e7\u00e3o integrada, que engloba desde os projetos de engenharia at\u00e9 a entrega final da obra.<\/p>\n","protected":false},"excerpt":{"rendered":"<p>\u200bAp\u00f3s quase um s\u00e9culo de espera \u2014 com os primeiros registros de planejamento datados de 1934 \u2014, a constru\u00e7\u00e3o da ponte internacional que ligar\u00e1 Porto [&#8230;]<\/p>\n","protected":false},"author":1,"featured_media":3436,"comment_status":"open","ping_status":"open","sticky":false,"template":"","format":"standard","meta":{"_crdt_document":"","_jetpack_memberships_contains_paid_content":false,"footnotes":"","jetpack_publicize_message":"","jetpack_publicize_feature_enabled":true,"jetpack_social_post_already_shared":true,"jetpack_social_options":{"image_generator_settings":{"template":"highway","default_image_id":0,"font":"","enabled":false},"version":2}},"categories":[3],"tags":[],"class_list":["post-3435","post","type-post","status-publish","format-standard","has-post-thumbnail","hentry","category-brasil"],"jetpack_publicize_connections":[],"jetpack_featured_media_url":"https:\/\/i0.wp.com\/oexpressobr.com.br\/wp-content\/uploads\/2026\/02\/IMG-20260209-WA0040.png?fit=1687%2C1124&ssl=1","jetpack_likes_enabled":true,"jetpack_sharing_enabled":true,"_links":{"self":[{"href":"https:\/\/oexpressobr.com.br\/index.php?rest_route=\/wp\/v2\/posts\/3435","targetHints":{"allow":["GET"]}}],"collection":[{"href":"https:\/\/oexpressobr.com.br\/index.php?rest_route=\/wp\/v2\/posts"}],"about":[{"href":"https:\/\/oexpressobr.com.br\/index.php?rest_route=\/wp\/v2\/types\/post"}],"author":[{"embeddable":true,"href":"https:\/\/oexpressobr.com.br\/index.php?rest_route=\/wp\/v2\/users\/1"}],"replies":[{"embeddable":true,"href":"https:\/\/oexpressobr.com.br\/index.php?rest_route=%2Fwp%2Fv2%2Fcomments&post=3435"}],"version-history":[{"count":1,"href":"https:\/\/oexpressobr.com.br\/index.php?rest_route=\/wp\/v2\/posts\/3435\/revisions"}],"predecessor-version":[{"id":3437,"href":"https:\/\/oexpressobr.com.br\/index.php?rest_route=\/wp\/v2\/posts\/3435\/revisions\/3437"}],"wp:featuredmedia":[{"embeddable":true,"href":"https:\/\/oexpressobr.com.br\/index.php?rest_route=\/wp\/v2\/media\/3436"}],"wp:attachment":[{"href":"https:\/\/oexpressobr.com.br\/index.php?rest_route=%2Fwp%2Fv2%2Fmedia&parent=3435"}],"wp:term":[{"taxonomy":"category","embeddable":true,"href":"https:\/\/oexpressobr.com.br\/index.php?rest_route=%2Fwp%2Fv2%2Fcategories&post=3435"},{"taxonomy":"post_tag","embeddable":true,"href":"https:\/\/oexpressobr.com.br\/index.php?rest_route=%2Fwp%2Fv2%2Ftags&post=3435"}],"curies":[{"name":"wp","href":"https:\/\/api.w.org\/{rel}","templated":true}]}}