{"id":3438,"date":"2026-02-09T06:46:26","date_gmt":"2026-02-09T09:46:26","guid":{"rendered":"https:\/\/oexpressobr.com.br\/?p=3438"},"modified":"2026-02-09T06:46:30","modified_gmt":"2026-02-09T09:46:30","slug":"cordao-do-boitata-estreia-no-circuito-preta-gil-em-desfile-historico-de-30-anos-com-homenagens-a-grandes-nomes-da-musica","status":"publish","type":"post","link":"https:\/\/oexpressobr.com.br\/?p=3438","title":{"rendered":"Cord\u00e3o do Boitat\u00e1 estreia no Circuito Preta Gil em desfile hist\u00f3rico de 30 anos com homenagens a grandes nomes da m\u00fasica"},"content":{"rendered":"\n<p class=\"wp-block-paragraph\">\u200bO Carnaval do Rio de Janeiro testemunha, em 2026, um encontro de gera\u00e7\u00f5es e legados que promete marcar a hist\u00f3ria da folia de rua. O <strong>Cord\u00e3o do Boitat\u00e1<\/strong>, que celebra tr\u00eas d\u00e9cadas de resist\u00eancia cultural e fomento \u00e0 m\u00fasica brasileira, faz sua estreia oficial no <strong>Circuito Preta Gil<\/strong>, no Centro da cidade. O desfile deste ano carrega um simbolismo profundo: a homenagem p\u00f3stuma \u00e0 cantora <strong>Preta Gil<\/strong>, \u00edcone do Carnaval carioca que faleceu no ano passado, e o reconhecimento definitivo do Boitat\u00e1 como um <strong>megabloco<\/strong>.<\/p>\n\n\n\n<h3 class=\"wp-block-heading\">\u200b<strong>Um tributo \u00e0 madrinha da folia<\/strong><\/h3>\n\n\n\n<p class=\"wp-block-paragraph\">\u200bA escolha do trajeto n\u00e3o \u00e9 por acaso. Ao desfilar no circuito que leva o nome de Preta Gil, o Boitat\u00e1 reverencia a artista que transformou o domingo de Carnaval em um evento de massa com o seu <em>Bloco da Preta<\/em>. O cortejo funde a sonoridade tradicional e instrumental do Cord\u00e3o com a energia vibrante deixada pela cantora, unindo o luto e a celebra\u00e7\u00e3o em um manifesto de amor \u00e0 cultura carioca.<\/p>\n\n\n\n<h3 class=\"wp-block-heading\">\u200b<strong>Mestres da m\u00fasica no asfalto<\/strong><\/h3>\n\n\n\n<p class=\"wp-block-paragraph\">\u200bAl\u00e9m da saudade de Preta, o repert\u00f3rio e a est\u00e9tica do desfile este ano foram desenhados para celebrar artistas vivos e fundamentais da nossa identidade:<\/p>\n\n\n\n<ul class=\"wp-block-list\">\n<li>\u200b<strong>Hermeto Pascoal:<\/strong> O &#8220;bruxo&#8221; da m\u00fasica instrumental, cujas harmonias sempre influenciaram a se\u00e7\u00e3o de sopros do bloco.<\/li>\n\n\n\n<li>\u200b<strong>Paulinho da Viola:<\/strong> Representando a eleg\u00e2ncia do samba e a liga\u00e7\u00e3o intr\u00ednseca do Boitat\u00e1 com as ra\u00edzes do Rio.<\/li>\n\n\n\n<li>\u200b<strong>\u00c1urea Martins:<\/strong> A voz de ouro da noite carioca, celebrada por sua trajet\u00f3ria de resist\u00eancia e talento.<\/li>\n\n\n\n<li>\u200b<strong>Odette Ernest Dias:<\/strong> A flautista e educadora, refor\u00e7ando o DNA de excel\u00eancia musical do grupo.<\/li>\n<\/ul>\n\n\n\n<h3 class=\"wp-block-heading\">\u200b<strong>De Cortejo a Megabloco: O Novo Patamar<\/strong><\/h3>\n\n\n\n<p class=\"wp-block-paragraph\">\u200bAp\u00f3s anos ocupando as pra\u00e7as com um formato mais contido e focado em arranjos complexos, o <strong>Cord\u00e3o do Boitat\u00e1<\/strong> foi oficialmente integrado ao grupo dos megablocos pela prefeitura. Isso significa uma infraestrutura de seguran\u00e7a e log\u00edstica ampliada para comportar a multid\u00e3o que, h\u00e1 anos, j\u00e1 transbordava os limites dos seus antigos palcos.<\/p>\n\n\n\n<p class=\"wp-block-paragraph\">\u200bPara os fundadores, completar 30 anos neste novo patamar \u00e9 a prova de que a m\u00fasica de qualidade \u2014 aquela que resgata marchinhas antigas, frevos e choros \u2014 tem f\u00f4lego para arrastar multid\u00f5es t\u00e3o grandes quanto as dos blocos de m\u00fasica pop.<\/p>\n\n\n\n<blockquote class=\"wp-block-quote is-layout-flow wp-block-quote-is-layout-flow\">\n<p class=\"wp-block-paragraph\">\u200b&#8221;O Boitat\u00e1 sempre foi um guardi\u00e3o da mem\u00f3ria. Celebrar 30 anos homenageando a Preta e esses mestres \u00e9 reafirmar que o Carnaval \u00e9 o nosso maior palco de respeito e renova\u00e7\u00e3o&#8221;, afirma a organiza\u00e7\u00e3o do bloco.<\/p>\n<\/blockquote>\n","protected":false},"excerpt":{"rendered":"<p>\u200bO Carnaval do Rio de Janeiro testemunha, em 2026, um encontro de gera\u00e7\u00f5es e legados que promete marcar a hist\u00f3ria da folia de rua. O [&#8230;]<\/p>\n","protected":false},"author":1,"featured_media":3439,"comment_status":"open","ping_status":"open","sticky":false,"template":"","format":"standard","meta":{"_crdt_document":"","_jetpack_memberships_contains_paid_content":false,"footnotes":"","jetpack_publicize_message":"","jetpack_publicize_feature_enabled":true,"jetpack_social_post_already_shared":true,"jetpack_social_options":{"image_generator_settings":{"template":"highway","default_image_id":0,"font":"","enabled":false},"version":2}},"categories":[46],"tags":[],"class_list":["post-3438","post","type-post","status-publish","format-standard","has-post-thumbnail","hentry","category-cidades"],"jetpack_publicize_connections":[],"jetpack_featured_media_url":"https:\/\/i0.wp.com\/oexpressobr.com.br\/wp-content\/uploads\/2026\/02\/IMG-20260209-WA0043.jpg?fit=615%2C300&ssl=1","jetpack_likes_enabled":true,"jetpack_sharing_enabled":true,"_links":{"self":[{"href":"https:\/\/oexpressobr.com.br\/index.php?rest_route=\/wp\/v2\/posts\/3438","targetHints":{"allow":["GET"]}}],"collection":[{"href":"https:\/\/oexpressobr.com.br\/index.php?rest_route=\/wp\/v2\/posts"}],"about":[{"href":"https:\/\/oexpressobr.com.br\/index.php?rest_route=\/wp\/v2\/types\/post"}],"author":[{"embeddable":true,"href":"https:\/\/oexpressobr.com.br\/index.php?rest_route=\/wp\/v2\/users\/1"}],"replies":[{"embeddable":true,"href":"https:\/\/oexpressobr.com.br\/index.php?rest_route=%2Fwp%2Fv2%2Fcomments&post=3438"}],"version-history":[{"count":1,"href":"https:\/\/oexpressobr.com.br\/index.php?rest_route=\/wp\/v2\/posts\/3438\/revisions"}],"predecessor-version":[{"id":3440,"href":"https:\/\/oexpressobr.com.br\/index.php?rest_route=\/wp\/v2\/posts\/3438\/revisions\/3440"}],"wp:featuredmedia":[{"embeddable":true,"href":"https:\/\/oexpressobr.com.br\/index.php?rest_route=\/wp\/v2\/media\/3439"}],"wp:attachment":[{"href":"https:\/\/oexpressobr.com.br\/index.php?rest_route=%2Fwp%2Fv2%2Fmedia&parent=3438"}],"wp:term":[{"taxonomy":"category","embeddable":true,"href":"https:\/\/oexpressobr.com.br\/index.php?rest_route=%2Fwp%2Fv2%2Fcategories&post=3438"},{"taxonomy":"post_tag","embeddable":true,"href":"https:\/\/oexpressobr.com.br\/index.php?rest_route=%2Fwp%2Fv2%2Ftags&post=3438"}],"curies":[{"name":"wp","href":"https:\/\/api.w.org\/{rel}","templated":true}]}}