{"id":344,"date":"2025-12-04T21:17:21","date_gmt":"2025-12-05T00:17:21","guid":{"rendered":"https:\/\/oexpressobr.com.br\/?p=344"},"modified":"2025-12-04T21:17:22","modified_gmt":"2025-12-05T00:17:22","slug":"linha-do-tempo-do-google-revela-suspeito-e-policia-civil-do-parana-conclui-inquerito-da-morte-de-danilo-roger-bido-em-ipora","status":"publish","type":"post","link":"https:\/\/oexpressobr.com.br\/?p=344","title":{"rendered":"Linha do Tempo do Google Revela Suspeito e Pol\u00edcia Civil do Paran\u00e1 Conclui Inqu\u00e9rito da Morte de Danilo Roger Bido em Ipor\u00e3"},"content":{"rendered":"\n<p class=\"wp-block-paragraph\">A tecnologia se confirmou como um elemento crucial na elucida\u00e7\u00e3o do assassinato de <strong>Danilo Roger Bido Ferreira<\/strong>, de 32 anos, ocorrido em Ipor\u00e3, no noroeste do Paran\u00e1, em agosto de 2025. A investiga\u00e7\u00e3o da Pol\u00edcia Civil do Paran\u00e1 (PCPR) utilizou dados da ferramenta &#8220;Linha do Tempo&#8221; do Google para rastrear o suspeito e, recentemente, o inqu\u00e9rito policial foi conclu\u00eddo, encaminhando o caso ao Minist\u00e9rio P\u00fablico.<\/p>\n\n\n\n<h3 class=\"wp-block-heading\">\u200b Pista Digital: A &#8220;Linha do Tempo&#8221;<\/h3>\n\n\n\n<p class=\"wp-block-paragraph\">\u200bO recurso de geolocaliza\u00e7\u00e3o do Google, conhecido como Linha do Tempo, permitiu \u00e0 pol\u00edcia extrair informa\u00e7\u00f5es que confirmaram a presen\u00e7a do suspeito no local e hor\u00e1rio exatos do homic\u00eddio. Danilo Bido foi encontrado morto a facadas, pr\u00f3ximo ao seu carro, a cerca de tr\u00eas quil\u00f4metros da casa de sua m\u00e3e.<\/p>\n\n\n\n<p class=\"wp-block-paragraph\">\u200bO uso desses dados de localiza\u00e7\u00e3o \u00e9 cada vez mais comum em investiga\u00e7\u00f5es criminais no Brasil, sendo uma t\u00e9cnica que, mediante ordem judicial, auxilia na identifica\u00e7\u00e3o de indiv\u00edduos que estavam em uma determinada \u00e1rea durante um intervalo de tempo espec\u00edfico, um m\u00e9todo tamb\u00e9m chamado de <em>geofencing<\/em> (cercamento geogr\u00e1fico).<\/p>\n\n\n\n<h3 class=\"wp-block-heading\">\u200bO Suspeito e a Confiss\u00e3o<\/h3>\n\n\n\n<p class=\"wp-block-paragraph\">\u200bUm homem de 23 anos foi preso temporariamente em outubro de 2025, suspeito de envolvimento no crime. De acordo com o relato policial, o suspeito confessou o assassinato de Danilo Bido e detalhou que o crime ocorreu ap\u00f3s um encontro entre os dois. Ap\u00f3s cometer o homic\u00eddio a facadas, ele teria retornado a p\u00e9 para casa e incinerado as roupas utilizadas.<\/p>\n\n\n\n<p class=\"wp-block-paragraph\">\u200bEm um desdobramento chocante, o preso ainda teria alegado \u00e0 pol\u00edcia ser um <strong>assassino em s\u00e9rie<\/strong>, responsabilizando-se por outras tr\u00eas mortes ocorridas em Ipor\u00e3 no mesmo ano. A PCPR informou que est\u00e1 realizando dilig\u00eancias para apurar a veracidade dessas alega\u00e7\u00f5es adicionais.<\/p>\n\n\n\n<h3 class=\"wp-block-heading\">\u200b O Pr\u00f3ximo Passo<\/h3>\n\n\n\n<p class=\"wp-block-paragraph\">\u200bCom a conclus\u00e3o do inqu\u00e9rito pela Pol\u00edcia Civil do Paran\u00e1, o caso foi remetido ao Minist\u00e9rio P\u00fablico, que agora ser\u00e1 respons\u00e1vel por apresentar a den\u00fancia formal \u00e0 Justi\u00e7a, dando seguimento ao processo criminal. O homem segue detido no sistema penitenci\u00e1rio, \u00e0 disposi\u00e7\u00e3o da Justi\u00e7a.<\/p>\n\n\n\n<blockquote class=\"wp-block-quote is-layout-flow wp-block-quote-is-layout-flow\">\n<p class=\"wp-block-paragraph\">\u200b<strong>Especialistas em seguran\u00e7a p\u00fablica<\/strong> destacam que o sucesso na utiliza\u00e7\u00e3o de dados digitais, como os da Linha do Tempo do Google, \u00e9 fundamental para o combate ao crime em um cen\u00e1rio cada vez mais digital. No entanto, o debate sobre os limites e a precis\u00e3o do uso desses dados, e a preserva\u00e7\u00e3o da privacidade, continua em discuss\u00e3o no meio jur\u00eddico, com inst\u00e2ncias superiores como o Supremo Tribunal Federal (STF) analisando temas relacionados \u00e0 quebra de sigilo de hist\u00f3rico de buscas na internet.<\/p>\n<\/blockquote>\n\n\n\n<p class=\"wp-block-paragraph\"><\/p>\n","protected":false},"excerpt":{"rendered":"<p>A tecnologia se confirmou como um elemento crucial na elucida\u00e7\u00e3o do assassinato de Danilo Roger Bido Ferreira, de 32 anos, ocorrido em Ipor\u00e3, no noroeste [&#8230;]<\/p>\n","protected":false},"author":1,"featured_media":345,"comment_status":"open","ping_status":"open","sticky":false,"template":"","format":"standard","meta":{"_crdt_document":"","_jetpack_memberships_contains_paid_content":false,"footnotes":"","jetpack_publicize_message":"","jetpack_publicize_feature_enabled":true,"jetpack_social_post_already_shared":false,"jetpack_social_options":{"image_generator_settings":{"template":"highway","default_image_id":0,"font":"","enabled":false},"version":2}},"categories":[9],"tags":[],"class_list":["post-344","post","type-post","status-publish","format-standard","has-post-thumbnail","hentry","category-policia"],"jetpack_publicize_connections":[],"jetpack_featured_media_url":"https:\/\/i0.wp.com\/oexpressobr.com.br\/wp-content\/uploads\/2025\/12\/httpsportalnorte.com_.brwp-adminpost.phppost-292629-action-edit-81-.jpeg?fit=984%2C656&ssl=1","jetpack_likes_enabled":true,"jetpack_sharing_enabled":true,"_links":{"self":[{"href":"https:\/\/oexpressobr.com.br\/index.php?rest_route=\/wp\/v2\/posts\/344","targetHints":{"allow":["GET"]}}],"collection":[{"href":"https:\/\/oexpressobr.com.br\/index.php?rest_route=\/wp\/v2\/posts"}],"about":[{"href":"https:\/\/oexpressobr.com.br\/index.php?rest_route=\/wp\/v2\/types\/post"}],"author":[{"embeddable":true,"href":"https:\/\/oexpressobr.com.br\/index.php?rest_route=\/wp\/v2\/users\/1"}],"replies":[{"embeddable":true,"href":"https:\/\/oexpressobr.com.br\/index.php?rest_route=%2Fwp%2Fv2%2Fcomments&post=344"}],"version-history":[{"count":0,"href":"https:\/\/oexpressobr.com.br\/index.php?rest_route=\/wp\/v2\/posts\/344\/revisions"}],"wp:featuredmedia":[{"embeddable":true,"href":"https:\/\/oexpressobr.com.br\/index.php?rest_route=\/wp\/v2\/media\/345"}],"wp:attachment":[{"href":"https:\/\/oexpressobr.com.br\/index.php?rest_route=%2Fwp%2Fv2%2Fmedia&parent=344"}],"wp:term":[{"taxonomy":"category","embeddable":true,"href":"https:\/\/oexpressobr.com.br\/index.php?rest_route=%2Fwp%2Fv2%2Fcategories&post=344"},{"taxonomy":"post_tag","embeddable":true,"href":"https:\/\/oexpressobr.com.br\/index.php?rest_route=%2Fwp%2Fv2%2Ftags&post=344"}],"curies":[{"name":"wp","href":"https:\/\/api.w.org\/{rel}","templated":true}]}}