{"id":3441,"date":"2026-02-09T06:51:13","date_gmt":"2026-02-09T09:51:13","guid":{"rendered":"https:\/\/oexpressobr.com.br\/?p=3441"},"modified":"2026-02-09T06:51:15","modified_gmt":"2026-02-09T09:51:15","slug":"superlotacao-e-tumulto-marcam-encontro-de-calvin-harris-e-baixo-augusta-na-consolacao","status":"publish","type":"post","link":"https:\/\/oexpressobr.com.br\/?p=3441","title":{"rendered":"Superlota\u00e7\u00e3o e tumulto marcam encontro de Calvin Harris e Baixo Augusta na Consola\u00e7\u00e3o"},"content":{"rendered":"\n<p class=\"wp-block-paragraph\"><strong>S\u00c3O PAULO<\/strong> \u2013 O que deveria ser um domingo de celebra\u00e7\u00e3o hist\u00f3rica no pr\u00e9-carnaval paulistano transformou-se em cen\u00e1rio de caos e p\u00e2nico na tarde deste 8 de fevereiro de 2026. A Rua da Consola\u00e7\u00e3o, palco do tradicional desfile do <strong>Acad\u00eamicos do Baixo Augusta<\/strong> e da apresenta\u00e7\u00e3o in\u00e9dita do DJ internacional <strong>Calvin Harris<\/strong>, registrou cenas de superlota\u00e7\u00e3o que for\u00e7aram a derrubada de grades de seguran\u00e7a e o acionamento de um plano de conting\u00eancia pela Prefeitura.<\/p>\n\n\n\n<h3 class=\"wp-block-heading\">\u200bMultid\u00e3o recorde e grades derrubadas<\/h3>\n\n\n\n<p class=\"wp-block-paragraph\">\u200bA concentra\u00e7\u00e3o para o bloco do DJ escoc\u00eas come\u00e7ou cedo, por volta das 11h, atraindo um &#8220;volume absurdo de pessoas&#8221;, nas palavras do prefeito Ricardo Nunes. A press\u00e3o da multid\u00e3o tornou-se insustent\u00e1vel antes mesmo do in\u00edcio oficial da apresenta\u00e7\u00e3o de Harris, prevista para as 14h.<\/p>\n\n\n\n<p class=\"wp-block-paragraph\">\u200bFoli\u00f5es, sentindo-se prensados contra as estruturas met\u00e1licas, derrubaram as grades de conten\u00e7\u00e3o para buscar \u00e1reas de escape. Houve relatos de pessoas subindo em marquises, pontos de \u00f4nibus e at\u00e9 invadindo o p\u00e1tio da Escola Paulista da Magistratura para escapar do esmagamento.<\/p>\n\n\n\n<blockquote class=\"wp-block-quote is-layout-flow wp-block-quote-is-layout-flow\">\n<p class=\"wp-block-paragraph\">\u200b&#8221;Achei que fosse morrer. A grade caiu e os seguran\u00e7as disseram que ser\u00edamos pisoteados&#8221;, relatou a bi\u00f3loga Giselle Meneses, 22, que abandonou o local antes do show principal.<\/p>\n<\/blockquote>\n\n\n\n<h3 class=\"wp-block-heading\">\u200bImpacto nos desfiles e atendimento m\u00e9dico<\/h3>\n\n\n\n<p class=\"wp-block-paragraph\">\u200bO incidente gerou um efeito cascata na programa\u00e7\u00e3o:<\/p>\n\n\n\n<ul class=\"wp-block-list\">\n<li>\u200b<strong>Calvin Harris:<\/strong> A apresenta\u00e7\u00e3o foi interrompida diversas vezes e come\u00e7ou com mais de uma hora de atraso, iniciando apenas ap\u00f3s as 15h.<\/li>\n\n\n\n<li>\u200b<strong>Baixo Augusta:<\/strong> O tradicional bloco, que trazia o cantor P\u00e9ricles e a rainha Alessandra Negrini, teve seu in\u00edcio adiado em duas horas devido \u00e0 impossibilidade de deslocamento do trio na via superlotada.<\/li>\n\n\n\n<li>\u200b<strong>Sa\u00fade:<\/strong> Dezenas de pessoas foram atendidas com crises de p\u00e2nico, desidrata\u00e7\u00e3o e ferimentos leves. Segundo a Secretaria Municipal de Sa\u00fade, n\u00e3o houve registros de feridos graves.<\/li>\n<\/ul>\n\n\n\n<h3 class=\"wp-block-heading\">\u200bResposta oficial e cr\u00edticas<\/h3>\n\n\n\n<p class=\"wp-block-paragraph\">\u200bA organiza\u00e7\u00e3o do <strong>Acad\u00eamicos do Baixo Augusta<\/strong> criticou duramente o planejamento da Prefeitura, citando &#8220;falta de organiza\u00e7\u00e3o&#8221; ao permitir dois eventos de tamanha magnitude simultaneamente em uma via que, embora larga, possui gargalos de sa\u00edda. A estimativa da agremia\u00e7\u00e3o \u00e9 que <strong>1,5 milh\u00e3o de pessoas<\/strong> tenham passado pela regi\u00e3o.<\/p>\n\n\n\n<p class=\"wp-block-paragraph\">\u200bEm nota, a Prefeitura de S\u00e3o Paulo informou que:<\/p>\n\n\n\n<ol class=\"wp-block-list\">\n<li>\u200bBloqueou o acesso de novos foli\u00f5es \u00e0 Rua da Consola\u00e7\u00e3o \u00e0s 14h55.<\/li>\n\n\n\n<li>\u200bAbriu as ruas transversais para facilitar o escoamento.<\/li>\n\n\n\n<li>\u200bA Guarda Civil Metropolitana (GCM) assumiu a condu\u00e7\u00e3o dos trios para garantir a seguran\u00e7a.<\/li>\n<\/ol>\n\n\n\n<p class=\"wp-block-paragraph\">\u200bApesar do susto e do atraso, os desfiles foram retomados sob forte esquema de vigil\u00e2ncia, encerrando-se no final da tarde.<\/p>\n\n\n\n<p class=\"wp-block-paragraph\"><\/p>\n","protected":false},"excerpt":{"rendered":"<p>S\u00c3O PAULO \u2013 O que deveria ser um domingo de celebra\u00e7\u00e3o hist\u00f3rica no pr\u00e9-carnaval paulistano transformou-se em cen\u00e1rio de caos e p\u00e2nico na tarde deste [&#8230;]<\/p>\n","protected":false},"author":1,"featured_media":3442,"comment_status":"open","ping_status":"open","sticky":false,"template":"","format":"standard","meta":{"_crdt_document":"","_jetpack_memberships_contains_paid_content":false,"footnotes":"","jetpack_publicize_message":"","jetpack_publicize_feature_enabled":true,"jetpack_social_post_already_shared":true,"jetpack_social_options":{"image_generator_settings":{"template":"highway","default_image_id":0,"font":"","enabled":false},"version":2}},"categories":[46],"tags":[],"class_list":["post-3441","post","type-post","status-publish","format-standard","has-post-thumbnail","hentry","category-cidades"],"jetpack_publicize_connections":[],"jetpack_featured_media_url":"https:\/\/i0.wp.com\/oexpressobr.com.br\/wp-content\/uploads\/2026\/02\/IMG-20260209-WA0045.jpg?fit=584%2C403&ssl=1","jetpack_likes_enabled":true,"jetpack_sharing_enabled":true,"_links":{"self":[{"href":"https:\/\/oexpressobr.com.br\/index.php?rest_route=\/wp\/v2\/posts\/3441","targetHints":{"allow":["GET"]}}],"collection":[{"href":"https:\/\/oexpressobr.com.br\/index.php?rest_route=\/wp\/v2\/posts"}],"about":[{"href":"https:\/\/oexpressobr.com.br\/index.php?rest_route=\/wp\/v2\/types\/post"}],"author":[{"embeddable":true,"href":"https:\/\/oexpressobr.com.br\/index.php?rest_route=\/wp\/v2\/users\/1"}],"replies":[{"embeddable":true,"href":"https:\/\/oexpressobr.com.br\/index.php?rest_route=%2Fwp%2Fv2%2Fcomments&post=3441"}],"version-history":[{"count":1,"href":"https:\/\/oexpressobr.com.br\/index.php?rest_route=\/wp\/v2\/posts\/3441\/revisions"}],"predecessor-version":[{"id":3443,"href":"https:\/\/oexpressobr.com.br\/index.php?rest_route=\/wp\/v2\/posts\/3441\/revisions\/3443"}],"wp:featuredmedia":[{"embeddable":true,"href":"https:\/\/oexpressobr.com.br\/index.php?rest_route=\/wp\/v2\/media\/3442"}],"wp:attachment":[{"href":"https:\/\/oexpressobr.com.br\/index.php?rest_route=%2Fwp%2Fv2%2Fmedia&parent=3441"}],"wp:term":[{"taxonomy":"category","embeddable":true,"href":"https:\/\/oexpressobr.com.br\/index.php?rest_route=%2Fwp%2Fv2%2Fcategories&post=3441"},{"taxonomy":"post_tag","embeddable":true,"href":"https:\/\/oexpressobr.com.br\/index.php?rest_route=%2Fwp%2Fv2%2Ftags&post=3441"}],"curies":[{"name":"wp","href":"https:\/\/api.w.org\/{rel}","templated":true}]}}