{"id":3444,"date":"2026-02-09T06:57:25","date_gmt":"2026-02-09T09:57:25","guid":{"rendered":"https:\/\/oexpressobr.com.br\/?p=3444"},"modified":"2026-02-09T06:57:27","modified_gmt":"2026-02-09T09:57:27","slug":"antonio-jose-seguro-vence-andre-ventura-e-e-eleito-o-novo-presidente-de-portugal","status":"publish","type":"post","link":"https:\/\/oexpressobr.com.br\/?p=3444","title":{"rendered":"Ant\u00f3nio Jos\u00e9 Seguro vence Andr\u00e9 Ventura e \u00e9 eleito o novo presidente de Portugal"},"content":{"rendered":"\n<p class=\"wp-block-paragraph\"><strong>LISBOA<\/strong> \u2013 Em um domingo hist\u00f3rico para a democracia lusitana, o socialista <strong>Ant\u00f3nio Jos\u00e9 Seguro<\/strong>, de 63 anos, foi eleito o novo Presidente da Rep\u00fablica de Portugal. Com a apura\u00e7\u00e3o praticamente conclu\u00edda neste 8 de fevereiro de 2026, Seguro consolidou uma vit\u00f3ria expressiva no segundo turno, somando cerca de <strong>66,8%<\/strong> dos votos v\u00e1lidos, contra <strong>33,2%<\/strong> de <strong>Andr\u00e9 Ventura<\/strong>, l\u00edder do partido de extrema-direita Chega.<\/p>\n\n\n\n<p class=\"wp-block-paragraph\">\u200bA elei\u00e7\u00e3o de 2026 marca a primeira vez em 40 anos que o pleito presidencial portugu\u00eas foi decidido em uma segunda volta, refletindo a crescente fragmenta\u00e7\u00e3o do cen\u00e1rio pol\u00edtico no pa\u00eds. Seguro suceder\u00e1 <strong>Marcelo Rebelo de Sousa<\/strong>, que deixa o cargo ap\u00f3s dez anos de mandato.<\/p>\n\n\n\n<h3 class=\"wp-block-heading\">\u200bO Caminho para Bel\u00e9m<\/h3>\n\n\n\n<p class=\"wp-block-paragraph\">\u200bAnt\u00f3nio Jos\u00e9 Seguro, ex-l\u00edder do Partido Socialista (PS), apresentou-se durante a campanha como a &#8220;op\u00e7\u00e3o segura&#8221; para a estabilidade institucional. Ap\u00f3s um primeiro turno acirrado em janeiro \u2014 onde obteve 31,1% frente aos 23,5% de Ventura \u2014 o socialista conseguiu aglutinar o apoio de eleitores do centro e de outras for\u00e7as de esquerda para frear o avan\u00e7o da ultradireita.<\/p>\n\n\n\n<blockquote class=\"wp-block-quote is-layout-flow wp-block-quote-is-layout-flow\">\n<p class=\"wp-block-paragraph\">\u200b&#8221;O povo portugu\u00eas \u00e9 o melhor povo do mundo. Esta \u00e9 uma responsabilidade c\u00edvica enorme&#8221;, declarou Seguro a jornalistas diante de sua resid\u00eancia, antes de seguir para o Centro Cultural e de Congressos de Caldas da Rainha, onde celebrou com apoiadores.<\/p>\n<\/blockquote>\n\n\n\n<h3 class=\"wp-block-heading\">\u200bRea\u00e7\u00e3o de Andr\u00e9 Ventura<\/h3>\n\n\n\n<p class=\"wp-block-paragraph\">\u200bO candidato derrotado, Andr\u00e9 Ventura, reconheceu o resultado ainda na noite de domingo. Apesar da derrota, Ventura destacou que sua vota\u00e7\u00e3o \u2014 que superou a barreira de 1,7 milh\u00e3o de votos \u2014 consolida o Chega como a principal for\u00e7a de oposi\u00e7\u00e3o e lideran\u00e7a no espectro da direita portuguesa. &#8220;Desejo-lhe um excelente mandato. Os portugueses escolheram e a democracia \u00e9 soberana&#8221;, afirmou.<\/p>\n\n\n\n<h3 class=\"wp-block-heading\">\u200bRepercuss\u00e3o Internacional<\/h3>\n\n\n\n<p class=\"wp-block-paragraph\">\u200bA vit\u00f3ria de Seguro foi prontamente saudada por l\u00edderes internacionais. No Brasil, o presidente <strong>Lula<\/strong> utilizou as redes sociais para parabenizar o eleito, classificando o resultado como uma &#8220;vit\u00f3ria da democracia&#8221; em um momento crucial para a Europa.<\/p>\n\n\n\n<h3 class=\"wp-block-heading\">\u200bPr\u00f3ximos Passos<\/h3>\n\n\n\n<ul class=\"wp-block-list\">\n<li>\u200b<strong>Posse:<\/strong> Agendada para o dia <strong>9 de mar\u00e7o de 2026<\/strong>.<\/li>\n\n\n\n<li>\u200b<strong>Transi\u00e7\u00e3o:<\/strong> Seguro deve se reunir com o atual presidente, Marcelo Rebelo de Sousa, no Pal\u00e1cio de Bel\u00e9m j\u00e1 nesta segunda-feira (9) para iniciar os protocolos de transfer\u00eancia de cargo.<\/li>\n\n\n\n<li>\u200b<strong>Desafios:<\/strong> O novo presidente ter\u00e1 de lidar com um Parlamento fragmentado e a miss\u00e3o de unificar um pa\u00eds polarizado ap\u00f3s uma das campanhas mais tensas da hist\u00f3ria recente de Portugal.<\/li>\n<\/ul>\n","protected":false},"excerpt":{"rendered":"<p>LISBOA \u2013 Em um domingo hist\u00f3rico para a democracia lusitana, o socialista Ant\u00f3nio Jos\u00e9 Seguro, de 63 anos, foi eleito o novo Presidente da Rep\u00fablica [&#8230;]<\/p>\n","protected":false},"author":1,"featured_media":3445,"comment_status":"open","ping_status":"open","sticky":false,"template":"","format":"standard","meta":{"_crdt_document":"","_jetpack_memberships_contains_paid_content":false,"footnotes":"","jetpack_publicize_message":"","jetpack_publicize_feature_enabled":true,"jetpack_social_post_already_shared":true,"jetpack_social_options":{"image_generator_settings":{"template":"highway","default_image_id":0,"font":"","enabled":false},"version":2}},"categories":[15],"tags":[],"class_list":["post-3444","post","type-post","status-publish","format-standard","has-post-thumbnail","hentry","category-internacional"],"jetpack_publicize_connections":[],"jetpack_featured_media_url":"https:\/\/i0.wp.com\/oexpressobr.com.br\/wp-content\/uploads\/2026\/02\/IMG-20260209-WA0044.jpg?fit=900%2C506&ssl=1","jetpack_likes_enabled":true,"jetpack_sharing_enabled":true,"_links":{"self":[{"href":"https:\/\/oexpressobr.com.br\/index.php?rest_route=\/wp\/v2\/posts\/3444","targetHints":{"allow":["GET"]}}],"collection":[{"href":"https:\/\/oexpressobr.com.br\/index.php?rest_route=\/wp\/v2\/posts"}],"about":[{"href":"https:\/\/oexpressobr.com.br\/index.php?rest_route=\/wp\/v2\/types\/post"}],"author":[{"embeddable":true,"href":"https:\/\/oexpressobr.com.br\/index.php?rest_route=\/wp\/v2\/users\/1"}],"replies":[{"embeddable":true,"href":"https:\/\/oexpressobr.com.br\/index.php?rest_route=%2Fwp%2Fv2%2Fcomments&post=3444"}],"version-history":[{"count":1,"href":"https:\/\/oexpressobr.com.br\/index.php?rest_route=\/wp\/v2\/posts\/3444\/revisions"}],"predecessor-version":[{"id":3446,"href":"https:\/\/oexpressobr.com.br\/index.php?rest_route=\/wp\/v2\/posts\/3444\/revisions\/3446"}],"wp:featuredmedia":[{"embeddable":true,"href":"https:\/\/oexpressobr.com.br\/index.php?rest_route=\/wp\/v2\/media\/3445"}],"wp:attachment":[{"href":"https:\/\/oexpressobr.com.br\/index.php?rest_route=%2Fwp%2Fv2%2Fmedia&parent=3444"}],"wp:term":[{"taxonomy":"category","embeddable":true,"href":"https:\/\/oexpressobr.com.br\/index.php?rest_route=%2Fwp%2Fv2%2Fcategories&post=3444"},{"taxonomy":"post_tag","embeddable":true,"href":"https:\/\/oexpressobr.com.br\/index.php?rest_route=%2Fwp%2Fv2%2Ftags&post=3444"}],"curies":[{"name":"wp","href":"https:\/\/api.w.org\/{rel}","templated":true}]}}