{"id":3450,"date":"2026-02-09T07:09:52","date_gmt":"2026-02-09T10:09:52","guid":{"rendered":"https:\/\/oexpressobr.com.br\/?p=3450"},"modified":"2026-02-09T07:09:53","modified_gmt":"2026-02-09T10:09:53","slug":"lula-articula-com-centrao-e-busca-vice-do-mdb-para-isolar-flavio-bolsonaro","status":"publish","type":"post","link":"https:\/\/oexpressobr.com.br\/?p=3450","title":{"rendered":"Lula articula com Centr\u00e3o e busca vice do MDB para isolar Fl\u00e1vio Bolsonaro"},"content":{"rendered":"\n<p class=\"wp-block-paragraph\"><strong>BRAS\u00cdLIA<\/strong> \u2013 Em um movimento estrat\u00e9gico para consolidar sua base de apoio visando o pleito de 2026, o presidente <strong>Luiz In\u00e1cio Lula da Silva<\/strong> intensificou as negocia\u00e7\u00f5es com os partidos do <strong>Centr\u00e3o<\/strong>. O objetivo central da ofensiva palaciana \u00e9 atrair o <strong>MDB<\/strong> para o posto de vice-presidente, em uma tentativa de ampliar o arco de alian\u00e7as ao centro e isolar politicamente o senador <strong>Fl\u00e1vio Bolsonaro (PL)<\/strong>, que desponta como um dos principais nomes da oposi\u00e7\u00e3o para a sucess\u00e3o presidencial.<\/p>\n\n\n\n<p class=\"wp-block-paragraph\">\u200bA estrat\u00e9gia foi delineada de forma mais clara durante as celebra\u00e7\u00f5es dos 46 anos do Partido dos Trabalhadores (PT), ocorridas no \u00faltimo s\u00e1bado (7). Na ocasi\u00e3o, Lula enviou um recado direto \u00e0 milit\u00e2ncia e aos aliados: &#8220;A elei\u00e7\u00e3o ser\u00e1 uma guerra e precisamos compor alian\u00e7as onde n\u00e3o temos for\u00e7a suficiente&#8221;.<\/p>\n\n\n\n<h3 class=\"wp-block-heading\">\u200bO Fator MDB e a Busca pelo Equil\u00edbrio<\/h3>\n\n\n\n<p class=\"wp-block-paragraph\">\u200bPara o Pal\u00e1cio do Planalto, a manuten\u00e7\u00e3o do atual vice, Geraldo Alckmin (PSB), embora considerada positiva pela estabilidade, pode n\u00e3o ser suficiente para conter o avan\u00e7o da direita em estados-chave. A avalia\u00e7\u00e3o interna \u00e9 que o MDB oferece uma capilaridade regional e um tempo de TV que podem ser decisivos.<\/p>\n\n\n\n<ul class=\"wp-block-list\">\n<li>\u200b<strong>Nomes no radar:<\/strong> Entre os emedebistas cotados para a chapa figuram o ministro dos Transportes, <strong>Renan Filho<\/strong>, o governador do Par\u00e1, <strong>Helder Barbalho<\/strong>, e a ministra do Planejamento, <strong>Simone Tebet<\/strong>.<\/li>\n\n\n\n<li>\u200b<strong>Mapeamento de riscos:<\/strong> Um levantamento interno do MDB, no entanto, aponta que a alian\u00e7a n\u00e3o \u00e9 trivial. Dos diret\u00f3rios estaduais, <strong>16 sinalizam resist\u00eancia ou oposi\u00e7\u00e3o a Lula<\/strong>, enquanto apenas 11 apoiam abertamente a aproxima\u00e7\u00e3o.<\/li>\n<\/ul>\n\n\n\n<h3 class=\"wp-block-heading\">\u200bEstrat\u00e9gia de Isolamento de Fl\u00e1vio Bolsonaro<\/h3>\n\n\n\n<p class=\"wp-block-paragraph\">\u200bA escolha de um vice do MDB ou a neutraliza\u00e7\u00e3o de partidos como <strong>PP<\/strong> e <strong>Uni\u00e3o Brasil<\/strong> \u2014 que negociam a forma\u00e7\u00e3o de uma &#8220;superfedera\u00e7\u00e3o&#8221; \u2014 visa retirar palanques regionais de Fl\u00e1vio Bolsonaro. Recentemente, o senador Ciro Nogueira (PP) chegou a sinalizar a possibilidade de afastar sua legenda de Fl\u00e1vio em troca de acordos locais, como no Piau\u00ed.<\/p>\n\n\n\n<blockquote class=\"wp-block-quote is-layout-flow wp-block-quote-is-layout-flow\">\n<p class=\"wp-block-paragraph\">\u200b&#8221;Se for a candidatura do Fl\u00e1vio, ela acaba sendo o candidato dos sonhos do Lula&#8221;, afirmou o analista pol\u00edtico da Quaest, Felipe Tavares, em an\u00e1lise recente, destacando que a alta rejei\u00e7\u00e3o do senador pode favorecer o petista em um eventual segundo turno.<\/p>\n<\/blockquote>\n\n\n\n<h3 class=\"wp-block-heading\">\u200bDesafios da Articula\u00e7\u00e3o<\/h3>\n\n\n\n<p class=\"wp-block-paragraph\">\u200bApesar do otimismo de setores &#8220;lulistas&#8221; dentro do MDB, a opera\u00e7\u00e3o \u00e9 considerada delicada. A sigla possui um hist\u00f3rico de divis\u00f5es internas e muitos diret\u00f3rios, especialmente no Sul e Centro-Oeste, preferem a independ\u00eancia ou o alinhamento com a oposi\u00e7\u00e3o. Al\u00e9m disso, partidos como o <strong>PSD de Gilberto Kassab<\/strong> tamb\u00e9m pleiteiam espa\u00e7o, embora Lula venha priorizando o MDB para a vaga de vice.<\/p>\n\n\n\n<p class=\"wp-block-paragraph\">\u200b<strong>Cen\u00e1rio Eleitoral Recente:<\/strong><\/p>\n\n\n\n<p class=\"wp-block-paragraph\">| Candidato | Perfil de Alian\u00e7a Buscado | Desafio Principal |<\/p>\n\n\n\n<p class=\"wp-block-paragraph\">| :&#8212; | :&#8212; | :&#8212; |<\/p>\n\n\n\n<p class=\"wp-block-paragraph\">| <strong>Lula<\/strong> | Centro (MDB\/Centr\u00e3o) | Romper resist\u00eancia em 16 estados |<\/p>\n\n\n\n<p class=\"wp-block-paragraph\">| <strong>Fl\u00e1vio Bolsonaro<\/strong> | Direita Fiel (PL) | Superar o teto de rejei\u00e7\u00e3o e atrair o Centr\u00e3o |<\/p>\n","protected":false},"excerpt":{"rendered":"<p>BRAS\u00cdLIA \u2013 Em um movimento estrat\u00e9gico para consolidar sua base de apoio visando o pleito de 2026, o presidente Luiz In\u00e1cio Lula da Silva intensificou [&#8230;]<\/p>\n","protected":false},"author":1,"featured_media":3451,"comment_status":"open","ping_status":"open","sticky":false,"template":"","format":"standard","meta":{"_crdt_document":"","_jetpack_memberships_contains_paid_content":false,"footnotes":"","jetpack_publicize_message":"","jetpack_publicize_feature_enabled":true,"jetpack_social_post_already_shared":true,"jetpack_social_options":{"image_generator_settings":{"template":"highway","default_image_id":0,"font":"","enabled":false},"version":2}},"categories":[7],"tags":[],"class_list":["post-3450","post","type-post","status-publish","format-standard","has-post-thumbnail","hentry","category-politica"],"jetpack_publicize_connections":[],"jetpack_featured_media_url":"https:\/\/i0.wp.com\/oexpressobr.com.br\/wp-content\/uploads\/2026\/02\/177033120769851c47d6ca3_1770331207_3x2_xl.jpg?fit=1200%2C800&ssl=1","jetpack_likes_enabled":true,"jetpack_sharing_enabled":true,"_links":{"self":[{"href":"https:\/\/oexpressobr.com.br\/index.php?rest_route=\/wp\/v2\/posts\/3450","targetHints":{"allow":["GET"]}}],"collection":[{"href":"https:\/\/oexpressobr.com.br\/index.php?rest_route=\/wp\/v2\/posts"}],"about":[{"href":"https:\/\/oexpressobr.com.br\/index.php?rest_route=\/wp\/v2\/types\/post"}],"author":[{"embeddable":true,"href":"https:\/\/oexpressobr.com.br\/index.php?rest_route=\/wp\/v2\/users\/1"}],"replies":[{"embeddable":true,"href":"https:\/\/oexpressobr.com.br\/index.php?rest_route=%2Fwp%2Fv2%2Fcomments&post=3450"}],"version-history":[{"count":1,"href":"https:\/\/oexpressobr.com.br\/index.php?rest_route=\/wp\/v2\/posts\/3450\/revisions"}],"predecessor-version":[{"id":3452,"href":"https:\/\/oexpressobr.com.br\/index.php?rest_route=\/wp\/v2\/posts\/3450\/revisions\/3452"}],"wp:featuredmedia":[{"embeddable":true,"href":"https:\/\/oexpressobr.com.br\/index.php?rest_route=\/wp\/v2\/media\/3451"}],"wp:attachment":[{"href":"https:\/\/oexpressobr.com.br\/index.php?rest_route=%2Fwp%2Fv2%2Fmedia&parent=3450"}],"wp:term":[{"taxonomy":"category","embeddable":true,"href":"https:\/\/oexpressobr.com.br\/index.php?rest_route=%2Fwp%2Fv2%2Fcategories&post=3450"},{"taxonomy":"post_tag","embeddable":true,"href":"https:\/\/oexpressobr.com.br\/index.php?rest_route=%2Fwp%2Fv2%2Ftags&post=3450"}],"curies":[{"name":"wp","href":"https:\/\/api.w.org\/{rel}","templated":true}]}}