{"id":3453,"date":"2026-02-09T07:37:23","date_gmt":"2026-02-09T10:37:23","guid":{"rendered":"https:\/\/oexpressobr.com.br\/?p=3453"},"modified":"2026-02-09T07:37:25","modified_gmt":"2026-02-09T10:37:25","slug":"pericia-medica-da-pf-frustra-aliados-e-bolsonaro-deve-seguir-na-papudinha","status":"publish","type":"post","link":"https:\/\/oexpressobr.com.br\/?p=3453","title":{"rendered":"Per\u00edcia m\u00e9dica da PF frustra aliados e Bolsonaro deve seguir na Papudinha"},"content":{"rendered":"\n<p class=\"wp-block-paragraph\"><strong>BRAS\u00cdLIA<\/strong> \u2013 O cen\u00e1rio para a defesa do ex-presidente Jair Bolsonaro tornou-se mais complexo nesta semana ap\u00f3s a divulga\u00e7\u00e3o do laudo oficial da junta m\u00e9dica da <strong>Pol\u00edcia Federal (PF)<\/strong>. O documento, solicitado pelo ministro do <strong>Supremo Tribunal Federal (STF)<\/strong>, <strong>Alexandre de Moraes<\/strong>, concluiu que, embora o ex-mandat\u00e1rio apresente um quadro de sa\u00fade delicado, a estrutura da chamada &#8220;<strong>Papudinha<\/strong>&#8221; \u2014 a ala de seguran\u00e7a especial onde est\u00e1 custodiado \u2014 \u00e9 plenamente capaz de oferecer os cuidados necess\u00e1rios.<\/p>\n\n\n\n<p class=\"wp-block-paragraph\">\u200bA decis\u00e3o representa um balde de \u00e1gua fria na estrat\u00e9gia da defesa, que protocolou novos pedidos de <strong>pris\u00e3o domiciliar<\/strong> alegando agravamento de sintomas, como epis\u00f3dios de v\u00f4mitos e solu\u00e7os persistentes.<\/p>\n\n\n\n<h3 class=\"wp-block-heading\">\u200bOs detalhes do laudo m\u00e9dico<\/h3>\n\n\n\n<p class=\"wp-block-paragraph\">\u200bA per\u00edcia t\u00e9cnica confirmou que Bolsonaro possui <strong>sete doen\u00e7as cr\u00f4nicas<\/strong>, mas ressaltou que nenhuma delas exige, no momento, interna\u00e7\u00e3o hospitalar ou tratamento que n\u00e3o possa ser realizado na unidade prisional. Entre as condi\u00e7\u00f5es listadas est\u00e3o:<\/p>\n\n\n\n<ul class=\"wp-block-list\">\n<li>\u200b<strong>Hipertens\u00e3o arterial sist\u00eamica<\/strong> e aterosclerose;<\/li>\n\n\n\n<li>\u200b<strong>Apneia do sono grave<\/strong> e obesidade cl\u00ednica;<\/li>\n\n\n\n<li>\u200b<strong>Ader\u00eancias intra-abdominais<\/strong> (consequ\u00eancia da facada de 2018);<\/li>\n\n\n\n<li>\u200bRefluxo gastroesof\u00e1gico e les\u00f5es cut\u00e2neas.<\/li>\n<\/ul>\n\n\n\n<p class=\"wp-block-paragraph\">\u200bOs peritos tamb\u00e9m identificaram &#8220;altera\u00e7\u00f5es neurol\u00f3gicas&#8221; leves, sugerindo um quadro de desequil\u00edbrio ao caminhar, mas recomendaram apenas adapta\u00e7\u00f5es f\u00edsicas na cela, como a instala\u00e7\u00e3o de <strong>grades de apoio<\/strong> no banheiro e <strong>campainhas de emerg\u00eancia<\/strong>.<\/p>\n\n\n\n<h3 class=\"wp-block-heading\">\u200bA queda de bra\u00e7o pol\u00edtica<\/h3>\n\n\n\n<p class=\"wp-block-paragraph\">\u200bAliados pol\u00edticos e familiares do ex-presidente elevaram o tom contra o STF. O argumento central \u00e9 de natureza pol\u00edtica e de imagem: interlocutores do PL afirmam que o &#8220;\u00f4nus pol\u00edtico&#8221; de qualquer intercorr\u00eancia grave de sa\u00fade ou mesmo um \u00f3bito sob cust\u00f3dia recairia diretamente sobre o ministro Alexandre de Moraes.<\/p>\n\n\n\n<blockquote class=\"wp-block-quote is-layout-flow wp-block-quote-is-layout-flow\">\n<p class=\"wp-block-paragraph\">\u200b&#8221;A manuten\u00e7\u00e3o da pris\u00e3o em um ambiente carcer\u00e1rio, mesmo com adapta\u00e7\u00f5es, \u00e9 um risco desnecess\u00e1rio que o Tribunal est\u00e1 correndo&#8221;, afirmou um parlamentar pr\u00f3ximo \u00e0 fam\u00edlia.<\/p>\n<\/blockquote>\n\n\n\n<p class=\"wp-block-paragraph\">\u200bPor outro lado, o relat\u00f3rio da PF detalha que Bolsonaro tem acesso a uma <strong>estrutura robusta<\/strong>, que inclui equipe de sa\u00fade 24 horas, dieta fracionada preparada por familiares e \u00e1rea para atividades f\u00edsicas aer\u00f3bicas.<\/p>\n\n\n\n<h3 class=\"wp-block-heading\">\u200bPr\u00f3ximos passos jur\u00eddicos<\/h3>\n\n\n\n<p class=\"wp-block-paragraph\">\u200bCom o laudo em m\u00e3os, o ministro Moraes abriu um prazo de <strong>cinco dias<\/strong> para que a Procuradoria-Geral da Rep\u00fablica (PGR) e a defesa se manifestem. A expectativa \u00e9 que o caso seja pautado na <strong>Primeira Turma do STF<\/strong> ainda em fevereiro.<\/p>\n\n\n\n<p class=\"wp-block-paragraph\">\u200bA defesa j\u00e1 sinalizou que insistir\u00e1 na tese humanit\u00e1ria, comparando o caso de Bolsonaro ao de outros ex-pol\u00edticos que obtiveram o benef\u00edcio da domiciliar por quest\u00f5es de idade e sa\u00fade. No entanto, fontes do Judici\u00e1rio indicam que a conclus\u00e3o t\u00e9cnica da PF &#8220;esvaziou&#8221; os argumentos jur\u00eddicos para uma sa\u00edda imediata da pris\u00e3o.<\/p>\n","protected":false},"excerpt":{"rendered":"<p>BRAS\u00cdLIA \u2013 O cen\u00e1rio para a defesa do ex-presidente Jair Bolsonaro tornou-se mais complexo nesta semana ap\u00f3s a divulga\u00e7\u00e3o do laudo oficial da junta m\u00e9dica [&#8230;]<\/p>\n","protected":false},"author":1,"featured_media":3454,"comment_status":"open","ping_status":"open","sticky":false,"template":"","format":"standard","meta":{"_crdt_document":"","_jetpack_memberships_contains_paid_content":false,"footnotes":"","jetpack_publicize_message":"","jetpack_publicize_feature_enabled":true,"jetpack_social_post_already_shared":true,"jetpack_social_options":{"image_generator_settings":{"template":"highway","default_image_id":0,"font":"","enabled":false},"version":2}},"categories":[8],"tags":[],"class_list":["post-3453","post","type-post","status-publish","format-standard","has-post-thumbnail","hentry","category-judiciario"],"jetpack_publicize_connections":[],"jetpack_featured_media_url":"https:\/\/i0.wp.com\/oexpressobr.com.br\/wp-content\/uploads\/2026\/02\/176393041969237133846b5_1763930419_3x2_lg.jpg?fit=1024%2C683&ssl=1","jetpack_likes_enabled":true,"jetpack_sharing_enabled":true,"_links":{"self":[{"href":"https:\/\/oexpressobr.com.br\/index.php?rest_route=\/wp\/v2\/posts\/3453","targetHints":{"allow":["GET"]}}],"collection":[{"href":"https:\/\/oexpressobr.com.br\/index.php?rest_route=\/wp\/v2\/posts"}],"about":[{"href":"https:\/\/oexpressobr.com.br\/index.php?rest_route=\/wp\/v2\/types\/post"}],"author":[{"embeddable":true,"href":"https:\/\/oexpressobr.com.br\/index.php?rest_route=\/wp\/v2\/users\/1"}],"replies":[{"embeddable":true,"href":"https:\/\/oexpressobr.com.br\/index.php?rest_route=%2Fwp%2Fv2%2Fcomments&post=3453"}],"version-history":[{"count":1,"href":"https:\/\/oexpressobr.com.br\/index.php?rest_route=\/wp\/v2\/posts\/3453\/revisions"}],"predecessor-version":[{"id":3455,"href":"https:\/\/oexpressobr.com.br\/index.php?rest_route=\/wp\/v2\/posts\/3453\/revisions\/3455"}],"wp:featuredmedia":[{"embeddable":true,"href":"https:\/\/oexpressobr.com.br\/index.php?rest_route=\/wp\/v2\/media\/3454"}],"wp:attachment":[{"href":"https:\/\/oexpressobr.com.br\/index.php?rest_route=%2Fwp%2Fv2%2Fmedia&parent=3453"}],"wp:term":[{"taxonomy":"category","embeddable":true,"href":"https:\/\/oexpressobr.com.br\/index.php?rest_route=%2Fwp%2Fv2%2Fcategories&post=3453"},{"taxonomy":"post_tag","embeddable":true,"href":"https:\/\/oexpressobr.com.br\/index.php?rest_route=%2Fwp%2Fv2%2Ftags&post=3453"}],"curies":[{"name":"wp","href":"https:\/\/api.w.org\/{rel}","templated":true}]}}