{"id":3462,"date":"2026-02-09T10:31:31","date_gmt":"2026-02-09T13:31:31","guid":{"rendered":"https:\/\/oexpressobr.com.br\/?p=3462"},"modified":"2026-02-09T10:31:32","modified_gmt":"2026-02-09T13:31:32","slug":"cimed-acelera-sucessao-familiar-com-adibe-marques-no-comando-comercial-e-foco-em-r-10-bilhoes","status":"publish","type":"post","link":"https:\/\/oexpressobr.com.br\/?p=3462","title":{"rendered":"Cimed acelera sucess\u00e3o familiar com Adibe Marques no comando comercial e foco em R$ 10 bilh\u00f5es"},"content":{"rendered":"\n<p class=\"wp-block-paragraph\">\u200bA Cimed, terceira maior farmac\u00eautica do Brasil em volume de vendas, consolidou um movimento estrat\u00e9gico em sua estrutura de comando: a ascens\u00e3o definitiva da terceira gera\u00e7\u00e3o da fam\u00edlia Marques. Sob a lideran\u00e7a direta de Adibe Marques, de 27 anos, que assumiu a diretoria comercial, a companhia agora executa o plano &#8220;Nova Era&#8221;, que projeta dobrar o faturamento atual para atingir a marca de R$ 10 bilh\u00f5es at\u00e9 2030.<\/p>\n\n\n\n<p class=\"wp-block-paragraph\">\u200bO processo de sucess\u00e3o, conduzido pelo atual CEO Jo\u00e3o Adibe Marques, rompe com o modelo tradicional de &#8220;passagem de bast\u00e3o&#8221; tardia. Na Cimed, a transi\u00e7\u00e3o \u00e9 viva e ocorre no dia a dia. Enquanto o pai mant\u00e9m o papel de estrategista e principal rosto institucional da marca, o filho Adibe Marques foca na &#8220;Cimed do amanh\u00e3&#8221;, liderando a profissionaliza\u00e7\u00e3o da \u00e1rea de vendas e a implementa\u00e7\u00e3o de tecnologias de gest\u00e3o de estoque e cr\u00e9dito para pequenos varejistas.<\/p>\n\n\n\n<h3 class=\"wp-block-heading\">\u200b<strong>As novidades da &#8220;Nova Era&#8221;<\/strong><\/h3>\n\n\n\n<p class=\"wp-block-paragraph\">\u200bPara sustentar esse crescimento ambicioso, a Cimed iniciou 2026 com movimentos agressivos no mercado:<\/p>\n\n\n\n<ul class=\"wp-block-list\">\n<li>\u200b<strong>Aquisi\u00e7\u00e3o da Ice Fresh:<\/strong> Em fevereiro de 2026, a empresa anunciou a compra da f\u00e1brica Ice Fresh, em Bauru (SP). A unidade ser\u00e1 o novo polo de higiene bucal do grupo, absorvendo toda a produ\u00e7\u00e3o de cremes dentais e enxaguantes que antes dividiam espa\u00e7o na planta de Pouso Alegre (MG).<\/li>\n\n\n\n<li>\u200b<strong>Foco em Higiene e Beleza:<\/strong> Seguindo o sucesso fen\u00f4meno do hidratante labial <em>Carmed<\/em>, a companhia planeja que o segmento de consumo (n\u00e3o medicamentos) represente uma fatia cada vez maior da receita. A meta \u00e9 que produtos de beleza e bem-estar, como as novas linhas de <em>baby care<\/em> &#8220;Jo\u00e3o e Maria&#8221;, ajudem a impulsionar o faturamento para R$ 5 bilh\u00f5es ainda em 2026.<\/li>\n\n\n\n<li>\u200b<strong>M&amp;A e Consolida\u00e7\u00e3o:<\/strong> Jo\u00e3o Adibe j\u00e1 sinalizou publicamente o interesse na aquisi\u00e7\u00e3o da Medley, unidade de gen\u00e9ricos da Sanofi, refor\u00e7ando a inten\u00e7\u00e3o de brigar pela lideran\u00e7a absoluta do setor farmac\u00eautico nacional.<\/li>\n<\/ul>\n\n\n\n<h3 class=\"wp-block-heading\">\u200b<strong>Complementaridade geracional<\/strong><\/h3>\n\n\n\n<p class=\"wp-block-paragraph\">\u200bDiferente das gera\u00e7\u00f5es anteriores, marcadas por uma forma\u00e7\u00e3o mais autodidata e focada na venda &#8220;porta a porta&#8221;, a gera\u00e7\u00e3o de Adibe Marques e suas irm\u00e3s traz uma vis\u00e3o mais acad\u00eamica e voltada para a efici\u00eancia operacional. &#8220;O Adibe \u00e9 para dentro, eu sou para fora. Ele coloca no papel e eu parto para a execu\u00e7\u00e3o&#8221;, definiu Jo\u00e3o Adibe em entrevista recente, destacando que a governan\u00e7a da empresa j\u00e1 conta com um conselho robusto presidido por consultores de mercado.<\/p>\n\n\n\n<p class=\"wp-block-paragraph\">\u200bCom a sucess\u00e3o em curso, a Cimed deixa de ser apenas uma empresa familiar para se tornar uma pot\u00eancia de gest\u00e3o h\u00edbrida, onde o DNA de vendas da fam\u00edlia Marques se une \u00e0 escala industrial necess\u00e1ria para encarar gigantes multinacionais. O objetivo \u00e9 claro: o topo do ranking farmac\u00eautico brasileiro.<\/p>\n","protected":false},"excerpt":{"rendered":"<p>\u200bA Cimed, terceira maior farmac\u00eautica do Brasil em volume de vendas, consolidou um movimento estrat\u00e9gico em sua estrutura de comando: a ascens\u00e3o definitiva da terceira [&#8230;]<\/p>\n","protected":false},"author":1,"featured_media":3463,"comment_status":"open","ping_status":"open","sticky":false,"template":"","format":"standard","meta":{"_crdt_document":"","_jetpack_memberships_contains_paid_content":false,"footnotes":"","jetpack_publicize_message":"","jetpack_publicize_feature_enabled":true,"jetpack_social_post_already_shared":true,"jetpack_social_options":{"image_generator_settings":{"template":"highway","default_image_id":0,"font":"","enabled":false},"version":2}},"categories":[10],"tags":[],"class_list":["post-3462","post","type-post","status-publish","format-standard","has-post-thumbnail","hentry","category-economia"],"jetpack_publicize_connections":[],"jetpack_featured_media_url":"https:\/\/i0.wp.com\/oexpressobr.com.br\/wp-content\/uploads\/2026\/02\/IMG-20260209-WA0100.jpg?fit=750%2C500&ssl=1","jetpack_likes_enabled":true,"jetpack_sharing_enabled":true,"_links":{"self":[{"href":"https:\/\/oexpressobr.com.br\/index.php?rest_route=\/wp\/v2\/posts\/3462","targetHints":{"allow":["GET"]}}],"collection":[{"href":"https:\/\/oexpressobr.com.br\/index.php?rest_route=\/wp\/v2\/posts"}],"about":[{"href":"https:\/\/oexpressobr.com.br\/index.php?rest_route=\/wp\/v2\/types\/post"}],"author":[{"embeddable":true,"href":"https:\/\/oexpressobr.com.br\/index.php?rest_route=\/wp\/v2\/users\/1"}],"replies":[{"embeddable":true,"href":"https:\/\/oexpressobr.com.br\/index.php?rest_route=%2Fwp%2Fv2%2Fcomments&post=3462"}],"version-history":[{"count":1,"href":"https:\/\/oexpressobr.com.br\/index.php?rest_route=\/wp\/v2\/posts\/3462\/revisions"}],"predecessor-version":[{"id":3464,"href":"https:\/\/oexpressobr.com.br\/index.php?rest_route=\/wp\/v2\/posts\/3462\/revisions\/3464"}],"wp:featuredmedia":[{"embeddable":true,"href":"https:\/\/oexpressobr.com.br\/index.php?rest_route=\/wp\/v2\/media\/3463"}],"wp:attachment":[{"href":"https:\/\/oexpressobr.com.br\/index.php?rest_route=%2Fwp%2Fv2%2Fmedia&parent=3462"}],"wp:term":[{"taxonomy":"category","embeddable":true,"href":"https:\/\/oexpressobr.com.br\/index.php?rest_route=%2Fwp%2Fv2%2Fcategories&post=3462"},{"taxonomy":"post_tag","embeddable":true,"href":"https:\/\/oexpressobr.com.br\/index.php?rest_route=%2Fwp%2Fv2%2Ftags&post=3462"}],"curies":[{"name":"wp","href":"https:\/\/api.w.org\/{rel}","templated":true}]}}