{"id":3465,"date":"2026-02-09T10:37:11","date_gmt":"2026-02-09T13:37:11","guid":{"rendered":"https:\/\/oexpressobr.com.br\/?p=3465"},"modified":"2026-02-09T10:37:13","modified_gmt":"2026-02-09T13:37:13","slug":"trump-amplia-importacao-de-carne-da-argentina-para-conter-inflacao-e-consolida-alianca-com-milei","status":"publish","type":"post","link":"https:\/\/oexpressobr.com.br\/?p=3465","title":{"rendered":"TRUMP amplia importa\u00e7\u00e3o de carne da Argentina para conter infla\u00e7\u00e3o e consolida alian\u00e7a com Milei"},"content":{"rendered":"\n<p class=\"wp-block-paragraph\"><strong>WASHINGTON<\/strong> \u2013 Em um movimento estrat\u00e9gico para combater a persistente alta nos pre\u00e7os dos alimentos, o presidente dos Estados Unidos, Donald Trump, assinou uma diretiva que eleva drasticamente a cota de importa\u00e7\u00e3o de carne bovina da Argentina. A medida, oficializada na \u00faltima sexta-feira (6), expande o limite para 100 mil toneladas em 2026, representando um marco na rela\u00e7\u00e3o bilateral com o governo de Javier Milei.<\/p>\n\n\n\n<p class=\"wp-block-paragraph\">\u200bO acordo ocorre em um momento de crise estrutural na pecu\u00e1ria americana. O rebanho bovino dos EUA atingiu seu menor n\u00edvel em 75 anos, reflexo de secas severas que assolam estados produtores como Texas e Nebraska, al\u00e9m de inc\u00eandios florestais e restri\u00e7\u00f5es sanit\u00e1rias ao gado mexicano. Com a oferta dom\u00e9stica limitada, o pre\u00e7o da carne mo\u00edda \u2014 item essencial na dieta americana e na fabrica\u00e7\u00e3o de hamb\u00fargueres \u2014 atingiu recordes hist\u00f3ricos, pressionando a popularidade do governo.<\/p>\n\n\n\n<h3 class=\"wp-block-heading\">\u200bO &#8220;Fator Milei&#8221; e o xadrez comercial<\/h3>\n\n\n\n<p class=\"wp-block-paragraph\">\u200bA decis\u00e3o n\u00e3o \u00e9 apenas econ\u00f4mica, mas profundamente pol\u00edtica. Ao destinar exclusivamente \u00e0 Argentina um volume adicional de 80 mil toneladas de &#8220;aparas magras&#8221; (cortes usados para compor a carne mo\u00edda), Trump isola competidores como o Brasil, que opera sob uma cota restrita de aproximadamente 52 mil toneladas.<\/p>\n\n\n\n<p class=\"wp-block-paragraph\">\u200bEm contrapartida ao acesso privilegiado ao mercado americano, o governo Milei cedeu em frentes importantes:<\/p>\n\n\n\n<ul class=\"wp-block-list\">\n<li>\u200b<strong>Abertura de mercado:<\/strong> Elimina\u00e7\u00e3o de tarifas para 1.675 produtos americanos e taxas sobre m\u00e1quinas e dispositivos m\u00e9dicos.<\/li>\n\n\n\n<li>\u200b<strong>Setores estrat\u00e9gicos:<\/strong> Redu\u00e7\u00e3o tarif\u00e1ria para autope\u00e7as e concess\u00e3o de cotas para ve\u00edculos dos EUA.<\/li>\n\n\n\n<li>\u200b<strong>Apoio financeiro:<\/strong> O acordo abre caminho para investimentos americanos em energia, infraestrutura e minerais cr\u00edticos por meio do EXIM Bank.<\/li>\n<\/ul>\n\n\n\n<h3 class=\"wp-block-heading\">\u200bRea\u00e7\u00f5es e controv\u00e9rsias<\/h3>\n\n\n\n<p class=\"wp-block-paragraph\">\u200bEmbora celebrada em Buenos Aires como a volta da Argentina ao &#8220;mundo ocidental&#8221;, a medida enfrenta forte resist\u00eancia interna nos EUA. Associa\u00e7\u00f5es de pecuaristas americanos e uma coaliz\u00e3o de 27 ex-l\u00edderes do setor agr\u00edcola enviaram uma carta \u00e0 Casa Branca alertando que o aumento da concorr\u00eancia externa prejudica os produtores locais que j\u00e1 sofrem com custos de insumos elevados.<\/p>\n\n\n\n<p class=\"wp-block-paragraph\">\u200bDo lado sul-americano, o governo brasileiro observa com cautela. O presidente Luiz In\u00e1cio Lula da Silva indicou que o acordo bilateral ser\u00e1 submetido \u00e0 revis\u00e3o do Mercosul para verificar se as concess\u00f5es argentinas respeitam a Tarifa Externa Comum (TEC) e as normas do bloco.<\/p>\n\n\n\n<p class=\"wp-block-paragraph\">\u200bEspecialistas apontam que, embora a entrada de carne argentina alivie a oferta no curto prazo, a depend\u00eancia de importa\u00e7\u00f5es para controlar pre\u00e7os dom\u00e9sticos pode manter Trump sob fogo cruzado entre os consumidores, que exigem comida barata, e a sua base rural, que clama por protecionismo.<\/p>\n","protected":false},"excerpt":{"rendered":"<p>WASHINGTON \u2013 Em um movimento estrat\u00e9gico para combater a persistente alta nos pre\u00e7os dos alimentos, o presidente dos Estados Unidos, Donald Trump, assinou uma diretiva [&#8230;]<\/p>\n","protected":false},"author":1,"featured_media":3466,"comment_status":"open","ping_status":"open","sticky":false,"template":"","format":"standard","meta":{"_crdt_document":"","_jetpack_memberships_contains_paid_content":false,"footnotes":"","jetpack_publicize_message":"","jetpack_publicize_feature_enabled":true,"jetpack_social_post_already_shared":true,"jetpack_social_options":{"image_generator_settings":{"template":"highway","default_image_id":0,"font":"","enabled":false},"version":2}},"categories":[15],"tags":[],"class_list":["post-3465","post","type-post","status-publish","format-standard","has-post-thumbnail","hentry","category-internacional"],"jetpack_publicize_connections":[],"jetpack_featured_media_url":"https:\/\/i0.wp.com\/oexpressobr.com.br\/wp-content\/uploads\/2026\/02\/IMG-20260207-WA0174.jpg?fit=750%2C500&ssl=1","jetpack_likes_enabled":true,"jetpack_sharing_enabled":true,"_links":{"self":[{"href":"https:\/\/oexpressobr.com.br\/index.php?rest_route=\/wp\/v2\/posts\/3465","targetHints":{"allow":["GET"]}}],"collection":[{"href":"https:\/\/oexpressobr.com.br\/index.php?rest_route=\/wp\/v2\/posts"}],"about":[{"href":"https:\/\/oexpressobr.com.br\/index.php?rest_route=\/wp\/v2\/types\/post"}],"author":[{"embeddable":true,"href":"https:\/\/oexpressobr.com.br\/index.php?rest_route=\/wp\/v2\/users\/1"}],"replies":[{"embeddable":true,"href":"https:\/\/oexpressobr.com.br\/index.php?rest_route=%2Fwp%2Fv2%2Fcomments&post=3465"}],"version-history":[{"count":1,"href":"https:\/\/oexpressobr.com.br\/index.php?rest_route=\/wp\/v2\/posts\/3465\/revisions"}],"predecessor-version":[{"id":3467,"href":"https:\/\/oexpressobr.com.br\/index.php?rest_route=\/wp\/v2\/posts\/3465\/revisions\/3467"}],"wp:featuredmedia":[{"embeddable":true,"href":"https:\/\/oexpressobr.com.br\/index.php?rest_route=\/wp\/v2\/media\/3466"}],"wp:attachment":[{"href":"https:\/\/oexpressobr.com.br\/index.php?rest_route=%2Fwp%2Fv2%2Fmedia&parent=3465"}],"wp:term":[{"taxonomy":"category","embeddable":true,"href":"https:\/\/oexpressobr.com.br\/index.php?rest_route=%2Fwp%2Fv2%2Fcategories&post=3465"},{"taxonomy":"post_tag","embeddable":true,"href":"https:\/\/oexpressobr.com.br\/index.php?rest_route=%2Fwp%2Fv2%2Ftags&post=3465"}],"curies":[{"name":"wp","href":"https:\/\/api.w.org\/{rel}","templated":true}]}}