{"id":3472,"date":"2026-02-09T10:54:15","date_gmt":"2026-02-09T13:54:15","guid":{"rendered":"https:\/\/oexpressobr.com.br\/?p=3472"},"modified":"2026-02-09T10:54:16","modified_gmt":"2026-02-09T13:54:16","slug":"lula-deve-vetar-trechos-de-supersalarios-aprovados-pela-camara-para-evitar-desgaste-fiscal","status":"publish","type":"post","link":"https:\/\/oexpressobr.com.br\/?p=3472","title":{"rendered":"LULA deve vetar trechos de &#8220;supersal\u00e1rios&#8221; aprovados pela C\u00e2mara para evitar desgaste fiscal"},"content":{"rendered":"\n<p class=\"wp-block-paragraph\"><strong>BRAS\u00cdLIA<\/strong> \u2013 O Pal\u00e1cio do Planalto sinalizou, nos \u00faltimos dias, que o presidente Luiz In\u00e1cio Lula da Silva deve vetar os dispositivos que permitem pagamentos acima do teto constitucional nos projetos de reestrutura\u00e7\u00e3o de carreiras da <strong>C\u00e2mara dos Deputados<\/strong> e do <strong>Senado<\/strong>. A decis\u00e3o ocorre em um momento de forte press\u00e3o de movimentos sociais e entidades de transpar\u00eancia, que veem na proposta a cria\u00e7\u00e3o de novos &#8220;penduricalhos&#8221; em meio ao ajuste fiscal.<\/p>\n\n\n\n<p class=\"wp-block-paragraph\">\u200bOs projetos (PL 179\/2026 e PL 6.070\/2025), aprovados em vota\u00e7\u00f5es rel\u00e2mpago e simb\u00f3licas na \u00faltima semana, preveem reajustes escalonados at\u00e9 2029 e a cria\u00e7\u00e3o da <strong>GDAE (Gratifica\u00e7\u00e3o de Desempenho e Alinhamento Estrat\u00e9gico)<\/strong>, que pode chegar a 100% do sal\u00e1rio-base.<\/p>\n\n\n\n<h3 class=\"wp-block-heading\">\u200bOs principais pontos da pol\u00eamica<\/h3>\n\n\n\n<p class=\"wp-block-paragraph\">\u200bA principal controv\u00e9rsia reside na natureza indenizat\u00f3ria de certas gratifica\u00e7\u00f5es e na cria\u00e7\u00e3o de uma &#8220;licen\u00e7a compensat\u00f3ria&#8221; (um dia de folga para cada tr\u00eas trabalhados em fun\u00e7\u00f5es de confian\u00e7a), que poderia ser convertida em dinheiro sem incidir no teto do funcionalismo \u2014 atualmente em <strong>R$ 46.366,19<\/strong>.<\/p>\n\n\n\n<ul class=\"wp-block-list\">\n<li>\u200b<strong>Impacto Fiscal:<\/strong> Estimativas indicam um custo de <strong>R$ 790 milh\u00f5es<\/strong> apenas em 2026 para as duas Casas Legislativas.<\/li>\n\n\n\n<li>\u200b<strong>Brecha no Teto:<\/strong> Com as novas gratifica\u00e7\u00f5es, servidores de alto escal\u00e3o poderiam receber remunera\u00e7\u00f5es reais pr\u00f3ximas de <strong>R$ 77 mil<\/strong>.<\/li>\n\n\n\n<li>\u200b<strong>Posi\u00e7\u00e3o do Governo:<\/strong> Embora o presidente da C\u00e2mara, <strong>Hugo Motta (Republicanos-PB)<\/strong>, afirme que houve acordo com o PT, l\u00edderes do governo no Senado, como <strong>Jaques Wagner<\/strong>, admitem que Lula est\u00e1 disposto a barrar o que for considerado excessivo para preservar a autoridade do teto salarial.<\/li>\n<\/ul>\n\n\n\n<h3 class=\"wp-block-heading\">\u200bPress\u00e3o do STF e da Sociedade Civil<\/h3>\n\n\n\n<p class=\"wp-block-paragraph\">\u200bA movimenta\u00e7\u00e3o do Executivo ganha f\u00f4lego ap\u00f3s o ministro do STF, <strong>Fl\u00e1vio Dino<\/strong>, determinar a suspens\u00e3o imediata de penduricalhos similares no servi\u00e7o p\u00fablico no in\u00edcio de fevereiro de 2026. Al\u00e9m disso, um grupo de dez organiza\u00e7\u00f5es, incluindo a <strong>Transpar\u00eancia Internacional &#8211; Brasil<\/strong> e o <strong>Centro de Lideran\u00e7a P\u00fablica (CLP)<\/strong>, enviou um of\u00edcio ao Planalto pedindo o veto espec\u00edfico aos artigos que autorizam a indeniza\u00e7\u00e3o de folgas em dinheiro.<\/p>\n\n\n\n<blockquote class=\"wp-block-quote is-layout-flow wp-block-quote-is-layout-flow\">\n<p class=\"wp-block-paragraph\">\u200b&#8221;Quando o teto remunerat\u00f3rio come\u00e7a a ser flexibilizado por exce\u00e7\u00f5es, ele deixa de ser regra e vira negocia\u00e7\u00e3o&#8221;, criticam especialistas do setor p\u00fablico.<\/p>\n<\/blockquote>\n\n\n\n<h3 class=\"wp-block-heading\">\u200bPr\u00f3ximos passos<\/h3>\n\n\n\n<p class=\"wp-block-paragraph\">\u200bO governo federal avalia agora se o veto ser\u00e1 <strong>total<\/strong> ou <strong>parcial<\/strong>, focando apenas nos artigos que geram os ganhos extrateto. Caso o veto se confirme, a palavra final voltar\u00e1 ao Congresso Nacional, que poder\u00e1 manter a decis\u00e3o presidencial ou derrub\u00e1-la em sess\u00e3o conjunta.<\/p>\n\n\n\n<p class=\"wp-block-paragraph\"><\/p>\n","protected":false},"excerpt":{"rendered":"<p>BRAS\u00cdLIA \u2013 O Pal\u00e1cio do Planalto sinalizou, nos \u00faltimos dias, que o presidente Luiz In\u00e1cio Lula da Silva deve vetar os dispositivos que permitem pagamentos [&#8230;]<\/p>\n","protected":false},"author":1,"featured_media":3473,"comment_status":"open","ping_status":"open","sticky":false,"template":"","format":"standard","meta":{"_crdt_document":"","_jetpack_memberships_contains_paid_content":false,"footnotes":"","jetpack_publicize_message":"","jetpack_publicize_feature_enabled":true,"jetpack_social_post_already_shared":true,"jetpack_social_options":{"image_generator_settings":{"template":"highway","default_image_id":0,"font":"","enabled":false},"version":2}},"categories":[3],"tags":[],"class_list":["post-3472","post","type-post","status-publish","format-standard","has-post-thumbnail","hentry","category-brasil"],"jetpack_publicize_connections":[],"jetpack_featured_media_url":"https:\/\/i0.wp.com\/oexpressobr.com.br\/wp-content\/uploads\/2026\/02\/17706371626989c76ad78b3_1770637162_3x2_lg.jpg?fit=1024%2C683&ssl=1","jetpack_likes_enabled":true,"jetpack_sharing_enabled":true,"_links":{"self":[{"href":"https:\/\/oexpressobr.com.br\/index.php?rest_route=\/wp\/v2\/posts\/3472","targetHints":{"allow":["GET"]}}],"collection":[{"href":"https:\/\/oexpressobr.com.br\/index.php?rest_route=\/wp\/v2\/posts"}],"about":[{"href":"https:\/\/oexpressobr.com.br\/index.php?rest_route=\/wp\/v2\/types\/post"}],"author":[{"embeddable":true,"href":"https:\/\/oexpressobr.com.br\/index.php?rest_route=\/wp\/v2\/users\/1"}],"replies":[{"embeddable":true,"href":"https:\/\/oexpressobr.com.br\/index.php?rest_route=%2Fwp%2Fv2%2Fcomments&post=3472"}],"version-history":[{"count":1,"href":"https:\/\/oexpressobr.com.br\/index.php?rest_route=\/wp\/v2\/posts\/3472\/revisions"}],"predecessor-version":[{"id":3474,"href":"https:\/\/oexpressobr.com.br\/index.php?rest_route=\/wp\/v2\/posts\/3472\/revisions\/3474"}],"wp:featuredmedia":[{"embeddable":true,"href":"https:\/\/oexpressobr.com.br\/index.php?rest_route=\/wp\/v2\/media\/3473"}],"wp:attachment":[{"href":"https:\/\/oexpressobr.com.br\/index.php?rest_route=%2Fwp%2Fv2%2Fmedia&parent=3472"}],"wp:term":[{"taxonomy":"category","embeddable":true,"href":"https:\/\/oexpressobr.com.br\/index.php?rest_route=%2Fwp%2Fv2%2Fcategories&post=3472"},{"taxonomy":"post_tag","embeddable":true,"href":"https:\/\/oexpressobr.com.br\/index.php?rest_route=%2Fwp%2Fv2%2Ftags&post=3472"}],"curies":[{"name":"wp","href":"https:\/\/api.w.org\/{rel}","templated":true}]}}