{"id":3478,"date":"2026-02-09T12:45:15","date_gmt":"2026-02-09T15:45:15","guid":{"rendered":"https:\/\/oexpressobr.com.br\/?p=3478"},"modified":"2026-02-09T12:45:16","modified_gmt":"2026-02-09T15:45:16","slug":"rafael-greca-sinaliza-alianca-como-vice-de-alexandre-curi-e-mantem-guto-silva-no-radar-para-2026","status":"publish","type":"post","link":"https:\/\/oexpressobr.com.br\/?p=3478","title":{"rendered":"RAFAEL Greca sinaliza alian\u00e7a como vice de Alexandre Curi e mant\u00e9m Guto Silva no radar para 2026"},"content":{"rendered":"\n<p class=\"wp-block-paragraph\"><strong>CURITIBA<\/strong> \u2013 O cen\u00e1rio pol\u00edtico paranaense para as elei\u00e7\u00f5es de 2026 come\u00e7a a ganhar contornos definitivos com movimenta\u00e7\u00f5es estrat\u00e9gicas dentro do Pal\u00e1cio Igua\u00e7u. O ex-prefeito de Curitiba, Rafael Greca (PSD), que recentemente assumiu a Secretaria de Desenvolvimento Sustent\u00e1vel, deu sinais claros de que est\u00e1 disposto a compor uma chapa majorit\u00e1ria, abrindo m\u00e3o da cabe\u00e7a de chapa em favor de uma alian\u00e7a robusta.<\/p>\n\n\n\n<p class=\"wp-block-paragraph\">\u200bEm conversas de bastidores e declara\u00e7\u00f5es recentes, Greca manifestou entusiasmo com a possibilidade de ser o candidato a vice-governador em uma chapa liderada pelo atual presidente da Assembleia Legislativa do Paran\u00e1 (Alep), Alexandre Curi (PSD). A sintonia entre os dois tem sido vista como um movimento para consolidar o favoritismo de Curi, que det\u00e9m ampla base de apoio entre os prefeitos do interior.<\/p>\n\n\n\n<p class=\"wp-block-paragraph\">\u200bTodavia, o ex-prefeito n\u00e3o fechou as portas para outros aliados. Greca afirmou que &#8220;pensaria com carinho&#8221; sobre uma composi\u00e7\u00e3o semelhante ao lado de Guto Silva, atual secret\u00e1rio do Planejamento e nome de extrema confian\u00e7a do governador Ratinho J\u00fanior. A estrat\u00e9gia de Greca parece ser a de se posicionar como o &#8220;vice dos sonhos&#8221;, capaz de transferir seu capital pol\u00edtico e o prest\u00edgio angariado na capital para qualquer um dos dois principais expoentes do grupo governista.<\/p>\n\n\n\n<h3 class=\"wp-block-heading\">\u200bA Janela Partid\u00e1ria e o Ass\u00e9dio de Outras Siglas<\/h3>\n\n\n\n<p class=\"wp-block-paragraph\">\u200bApesar de estar atualmente no PSD, a perman\u00eancia de Rafael Greca na legenda n\u00e3o \u00e9 garantida. Com a aproxima\u00e7\u00e3o da janela partid\u00e1ria, crescem os rumores de que ele poder\u00e1 migrar para o Progressistas (PP) ou at\u00e9 mesmo para o Republicanos. Convites n\u00e3o faltam: lideran\u00e7as nacionais e estaduais enxergam em Greca um ativo eleitoral valioso, especialmente para equilibrar chapas que precisem de inser\u00e7\u00e3o na Regi\u00e3o Metropolitana de Curitiba.<\/p>\n\n\n\n<p class=\"wp-block-paragraph\">\u200bFontes ligadas ao Pal\u00e1cio Igua\u00e7u indicam que o governador Ratinho J\u00fanior observa o movimento com cautela, buscando manter a unidade do grupo. O desafio do governador ser\u00e1 gerenciar as ambi\u00e7\u00f5es de Curi e Guto Silva, evitando que a disputa interna resulte em uma ruptura que fragilize a sucess\u00e3o estadual.<\/p>\n\n\n\n<h3 class=\"wp-block-heading\">\u200bO Fator Guto Silva<\/h3>\n\n\n\n<p class=\"wp-block-paragraph\">\u200bEnquanto Alexandre Curi avan\u00e7a no di\u00e1logo com o Legislativo, Guto Silva tem intensificado sua agenda pelo estado, focando na entrega de projetos estruturantes e no fortalecimento do plano de governo. A disposi\u00e7\u00e3o de Greca em considerar uma dobradinha com Silva coloca press\u00e3o sobre Curi, for\u00e7ando uma defini\u00e7\u00e3o mais c\u00e9lere dos acordos de c\u00fapula.<\/p>\n\n\n\n<p class=\"wp-block-paragraph\">\u200bA decis\u00e3o final de Greca \u2014 tanto sobre seu destino partid\u00e1rio quanto sobre qual &#8220;cabe\u00e7a&#8221; acompanhar\u00e1 \u2014 deve ocorrer at\u00e9 o fechamento da janela eleitoral, em mar\u00e7o. At\u00e9 l\u00e1, o ex-prefeito segue como o fiel da balan\u00e7a na pol\u00edtica paranaense, operando para garantir que seu pr\u00f3ximo destino seja, novamente, o centro das decis\u00f5es do estado.<\/p>\n\n\n\n<p class=\"wp-block-paragraph\"><\/p>\n","protected":false},"excerpt":{"rendered":"<p>CURITIBA \u2013 O cen\u00e1rio pol\u00edtico paranaense para as elei\u00e7\u00f5es de 2026 come\u00e7a a ganhar contornos definitivos com movimenta\u00e7\u00f5es estrat\u00e9gicas dentro do Pal\u00e1cio Igua\u00e7u. O ex-prefeito [&#8230;]<\/p>\n","protected":false},"author":1,"featured_media":3479,"comment_status":"open","ping_status":"open","sticky":false,"template":"","format":"standard","meta":{"_crdt_document":"","_jetpack_memberships_contains_paid_content":false,"footnotes":"","jetpack_publicize_message":"","jetpack_publicize_feature_enabled":true,"jetpack_social_post_already_shared":true,"jetpack_social_options":{"image_generator_settings":{"template":"highway","default_image_id":0,"font":"","enabled":false},"version":2}},"categories":[7],"tags":[],"class_list":["post-3478","post","type-post","status-publish","format-standard","has-post-thumbnail","hentry","category-politica"],"jetpack_publicize_connections":[],"jetpack_featured_media_url":"https:\/\/i0.wp.com\/oexpressobr.com.br\/wp-content\/uploads\/2026\/02\/WhatsApp-Image-2026-02-09-at-11.43.27.jpeg?fit=1320%2C1038&ssl=1","jetpack_likes_enabled":true,"jetpack_sharing_enabled":true,"_links":{"self":[{"href":"https:\/\/oexpressobr.com.br\/index.php?rest_route=\/wp\/v2\/posts\/3478","targetHints":{"allow":["GET"]}}],"collection":[{"href":"https:\/\/oexpressobr.com.br\/index.php?rest_route=\/wp\/v2\/posts"}],"about":[{"href":"https:\/\/oexpressobr.com.br\/index.php?rest_route=\/wp\/v2\/types\/post"}],"author":[{"embeddable":true,"href":"https:\/\/oexpressobr.com.br\/index.php?rest_route=\/wp\/v2\/users\/1"}],"replies":[{"embeddable":true,"href":"https:\/\/oexpressobr.com.br\/index.php?rest_route=%2Fwp%2Fv2%2Fcomments&post=3478"}],"version-history":[{"count":1,"href":"https:\/\/oexpressobr.com.br\/index.php?rest_route=\/wp\/v2\/posts\/3478\/revisions"}],"predecessor-version":[{"id":3480,"href":"https:\/\/oexpressobr.com.br\/index.php?rest_route=\/wp\/v2\/posts\/3478\/revisions\/3480"}],"wp:featuredmedia":[{"embeddable":true,"href":"https:\/\/oexpressobr.com.br\/index.php?rest_route=\/wp\/v2\/media\/3479"}],"wp:attachment":[{"href":"https:\/\/oexpressobr.com.br\/index.php?rest_route=%2Fwp%2Fv2%2Fmedia&parent=3478"}],"wp:term":[{"taxonomy":"category","embeddable":true,"href":"https:\/\/oexpressobr.com.br\/index.php?rest_route=%2Fwp%2Fv2%2Fcategories&post=3478"},{"taxonomy":"post_tag","embeddable":true,"href":"https:\/\/oexpressobr.com.br\/index.php?rest_route=%2Fwp%2Fv2%2Ftags&post=3478"}],"curies":[{"name":"wp","href":"https:\/\/api.w.org\/{rel}","templated":true}]}}