{"id":3483,"date":"2026-02-09T13:31:20","date_gmt":"2026-02-09T16:31:20","guid":{"rendered":"https:\/\/oexpressobr.com.br\/?p=3483"},"modified":"2026-02-09T13:31:21","modified_gmt":"2026-02-09T16:31:21","slug":"requiao-filho-aciona-ministerio-publico-e-policia-federal-para-apurar-denuncias-no-hospital-regional-do-litoral","status":"publish","type":"post","link":"https:\/\/oexpressobr.com.br\/?p=3483","title":{"rendered":"Requi\u00e3o Filho aciona Minist\u00e9rio P\u00fablico e Pol\u00edcia Federal para apurar den\u00fancias no Hospital Regional do Litoral"},"content":{"rendered":"\n<p class=\"wp-block-paragraph\">\u200bO sistema de sa\u00fade do litoral paranaense est\u00e1 sob os holofotes das autoridades fiscalizadoras. O deputado estadual <strong>Requi\u00e3o Filho (PDT)<\/strong> formalizou, nesta segunda-feira (09), den\u00fancias graves contra a gest\u00e3o do <strong>Hospital Regional do Litoral (HRL)<\/strong>, localizado em Paranagu\u00e1. O caso foi encaminhado simultaneamente ao <strong>Minist\u00e9rio P\u00fablico do Paran\u00e1 (MPPR)<\/strong>, \u00e0 <strong>Pol\u00edcia Federal (PF)<\/strong> e ao <strong>Conselho Regional de Medicina (CRM-PR)<\/strong>.<\/p>\n\n\n\n<p class=\"wp-block-paragraph\">\u200bAs acusa\u00e7\u00f5es apontam para um cen\u00e1rio cr\u00edtico de descumprimento de normas b\u00e1sicas de vigil\u00e2ncia sanit\u00e1ria, o que comprometeria diretamente a seguran\u00e7a biol\u00f3gica de pacientes e funcion\u00e1rios.<\/p>\n\n\n\n<h3 class=\"wp-block-heading\">\u200bOs pontos centrais da investiga\u00e7\u00e3o<\/h3>\n\n\n\n<p class=\"wp-block-paragraph\">\u200bDe acordo com o parlamentar, as irregularidades relatadas s\u00e3o estruturais e operacionais. Entre os itens mais alarmantes citados no documento entregue \u00e0s autoridades, destacam-se:<\/p>\n\n\n\n<ul class=\"wp-block-list\">\n<li>\u200b<strong>Risco Cir\u00fargico:<\/strong> Uso inadequado de materiais em procedimentos, ignorando protocolos de esteriliza\u00e7\u00e3o ou descarte.<\/li>\n\n\n\n<li>\u200b<strong>Gest\u00e3o de Res\u00edduos:<\/strong> Falhas severas no descarte de lixo hospitalar, aumentando o risco de contamina\u00e7\u00e3o ambiental e infecciosa.<\/li>\n\n\n\n<li>\u200b<strong>Crise no Necrot\u00e9rio:<\/strong> Problemas de funcionamento e manuten\u00e7\u00e3o no setor de patologia e armazenamento de corpos.<\/li>\n\n\n\n<li>\u200b<strong>Exerc\u00edcio Profissional:<\/strong> Questionamentos sobre a atua\u00e7\u00e3o de profissionais que estariam exercendo fun\u00e7\u00f5es sem a forma\u00e7\u00e3o t\u00e9cnica ou acad\u00eamica exigida por lei.<\/li>\n<\/ul>\n","protected":false},"excerpt":{"rendered":"<p>\u200bO sistema de sa\u00fade do litoral paranaense est\u00e1 sob os holofotes das autoridades fiscalizadoras. O deputado estadual Requi\u00e3o Filho (PDT) formalizou, nesta segunda-feira (09), den\u00fancias [&#8230;]<\/p>\n","protected":false},"author":1,"featured_media":3484,"comment_status":"open","ping_status":"open","sticky":false,"template":"","format":"standard","meta":{"_crdt_document":"","_jetpack_memberships_contains_paid_content":false,"footnotes":"","jetpack_publicize_message":"","jetpack_publicize_feature_enabled":true,"jetpack_social_post_already_shared":true,"jetpack_social_options":{"image_generator_settings":{"template":"highway","default_image_id":0,"font":"","enabled":false},"version":2}},"categories":[5],"tags":[],"class_list":["post-3483","post","type-post","status-publish","format-standard","has-post-thumbnail","hentry","category-parana"],"jetpack_publicize_connections":[],"jetpack_featured_media_url":"https:\/\/i0.wp.com\/oexpressobr.com.br\/wp-content\/uploads\/2026\/02\/FOTO_SESA.jpg?fit=1920%2C1280&ssl=1","jetpack_likes_enabled":true,"jetpack_sharing_enabled":true,"_links":{"self":[{"href":"https:\/\/oexpressobr.com.br\/index.php?rest_route=\/wp\/v2\/posts\/3483","targetHints":{"allow":["GET"]}}],"collection":[{"href":"https:\/\/oexpressobr.com.br\/index.php?rest_route=\/wp\/v2\/posts"}],"about":[{"href":"https:\/\/oexpressobr.com.br\/index.php?rest_route=\/wp\/v2\/types\/post"}],"author":[{"embeddable":true,"href":"https:\/\/oexpressobr.com.br\/index.php?rest_route=\/wp\/v2\/users\/1"}],"replies":[{"embeddable":true,"href":"https:\/\/oexpressobr.com.br\/index.php?rest_route=%2Fwp%2Fv2%2Fcomments&post=3483"}],"version-history":[{"count":1,"href":"https:\/\/oexpressobr.com.br\/index.php?rest_route=\/wp\/v2\/posts\/3483\/revisions"}],"predecessor-version":[{"id":3485,"href":"https:\/\/oexpressobr.com.br\/index.php?rest_route=\/wp\/v2\/posts\/3483\/revisions\/3485"}],"wp:featuredmedia":[{"embeddable":true,"href":"https:\/\/oexpressobr.com.br\/index.php?rest_route=\/wp\/v2\/media\/3484"}],"wp:attachment":[{"href":"https:\/\/oexpressobr.com.br\/index.php?rest_route=%2Fwp%2Fv2%2Fmedia&parent=3483"}],"wp:term":[{"taxonomy":"category","embeddable":true,"href":"https:\/\/oexpressobr.com.br\/index.php?rest_route=%2Fwp%2Fv2%2Fcategories&post=3483"},{"taxonomy":"post_tag","embeddable":true,"href":"https:\/\/oexpressobr.com.br\/index.php?rest_route=%2Fwp%2Fv2%2Ftags&post=3483"}],"curies":[{"name":"wp","href":"https:\/\/api.w.org\/{rel}","templated":true}]}}