{"id":3490,"date":"2026-02-10T05:39:26","date_gmt":"2026-02-10T08:39:26","guid":{"rendered":"https:\/\/oexpressobr.com.br\/?p=3490"},"modified":"2026-02-10T05:39:27","modified_gmt":"2026-02-10T08:39:27","slug":"andre-ventura-vence-no-brasil-mas-antonio-jose-seguro-e-eleito-presidente-de-portugal","status":"publish","type":"post","link":"https:\/\/oexpressobr.com.br\/?p=3490","title":{"rendered":"ANDR\u00c9 VENTURA vence no Brasil, mas Ant\u00f3nio Jos\u00e9 Seguro \u00e9 eleito presidente de Portugal"},"content":{"rendered":"\n<p class=\"wp-block-paragraph\">\u200bO l\u00edder do partido de direita Chega, <strong>Andr\u00e9 Ventura<\/strong>, consolidou sua for\u00e7a entre a comunidade luso-brasileira ao ser o candidato mais votado no Brasil durante o segundo turno das elei\u00e7\u00f5es presidenciais de Portugal, realizado no \u00faltimo domingo (8 de fevereiro de 2026). Apesar do desempenho expressivo em solo brasileiro, Ventura foi derrotado no c\u00f4mputo global por <strong>Ant\u00f3nio Jos\u00e9 Seguro<\/strong>, do Partido Socialista (PS), que se tornou o novo presidente da Rep\u00fablica.<\/p>\n\n\n\n<h3 class=\"wp-block-heading\">\u200bDom\u00ednio da direita no Brasil<\/h3>\n\n\n\n<p class=\"wp-block-paragraph\">\u200bA vota\u00e7\u00e3o nos consulados brasileiros reafirmou uma tend\u00eancia que j\u00e1 havia se desenhado nas legislativas de 2025. Ventura obteve <strong>58,7% dos votos v\u00e1lidos<\/strong> no pa\u00eds, o equivalente a cerca de <strong>4.269 votos<\/strong> (dentro de um universo de 7.308 votantes totais no territ\u00f3rio).<\/p>\n\n\n\n<p class=\"wp-block-paragraph\">\u200bA vit\u00f3ria de Ventura no Brasil foi quase un\u00e2nime entre os postos consulares, com destaques para:<\/p>\n\n\n\n<ul class=\"wp-block-list\">\n<li>\u200b<strong>Bel\u00e9m (PA):<\/strong> Onde atingiu seu melhor desempenho, com <strong>73,89%<\/strong> dos votos.<\/li>\n\n\n\n<li>\u200b<strong>Fortaleza (CE):<\/strong> Segunda maior propor\u00e7\u00e3o, com <strong>64,98%<\/strong>.<\/li>\n\n\n\n<li>\u200b<strong>Porto Alegre (RS):<\/strong> Foi a \u00fanica localidade brasileira onde o socialista Ant\u00f3nio Jos\u00e9 Seguro venceu, registrando <strong>54,08%<\/strong>.<\/li>\n<\/ul>\n\n\n\n<h3 class=\"wp-block-heading\">\u200bO resultado global e a vit\u00f3ria de Seguro<\/h3>\n\n\n\n<p class=\"wp-block-paragraph\">\u200bNo cen\u00e1rio mundial, a estrat\u00e9gia de &#8220;cord\u00e3o sanit\u00e1rio&#8221; em torno de Ventura funcionou. Ant\u00f3nio Jos\u00e9 Seguro foi eleito com uma vit\u00f3ria folgada, atingindo <strong>66,8%<\/strong> dos votos totais, contra <strong>33,2%<\/strong> do l\u00edder do Chega. Seguro, visto como um moderado, substituir\u00e1 Marcelo Rebelo de Sousa no Pal\u00e1cio de Bel\u00e9m em mar\u00e7o.<\/p>\n\n\n\n<blockquote class=\"wp-block-quote is-layout-flow wp-block-quote-is-layout-flow\">\n<p class=\"wp-block-paragraph\">\u200b&#8221;Serei um presidente exigente e vigilante, mas nunca um contrapoder&#8221;, afirmou Seguro em seu discurso de vit\u00f3ria, sinalizando que deve colaborar com o governo de centro-direita de Lu\u00eds Montenegro (PSD) para garantir a estabilidade do pa\u00eds.<\/p>\n<\/blockquote>\n\n\n\n<h3 class=\"wp-block-heading\">\u200bContexto pol\u00edtico: O crescimento do Chega<\/h3>\n\n\n\n<p class=\"wp-block-paragraph\">\u200bEmbora derrotado na disputa presidencial, Andr\u00e9 Ventura sai fortalecido para as pr\u00f3ximas batalhas pol\u00edticas. O resultado deste domingo mostrou que o Chega superou significativamente sua base eleitoral das legislativas de maio de 2025, quando o partido j\u00e1 havia saltado para a posi\u00e7\u00e3o de segunda maior for\u00e7a no Parlamento portugu\u00eas.<\/p>\n\n\n\n<p class=\"wp-block-paragraph\">O fen\u00f4meno da vota\u00e7\u00e3o no Brasil \u00e9 atribu\u00eddo, em parte, \u00e0 forte conex\u00e3o das pautas de Ventura \u2014 focadas em controle de imigra\u00e7\u00e3o e seguran\u00e7a p\u00fablica \u2014 com o eleitorado brasileiro de dupla cidadania e imigrantes portugueses de perfil mais conservador.<\/p>\n","protected":false},"excerpt":{"rendered":"<p>\u200bO l\u00edder do partido de direita Chega, Andr\u00e9 Ventura, consolidou sua for\u00e7a entre a comunidade luso-brasileira ao ser o candidato mais votado no Brasil durante [&#8230;]<\/p>\n","protected":false},"author":1,"featured_media":3491,"comment_status":"open","ping_status":"open","sticky":false,"template":"","format":"standard","meta":{"_crdt_document":"","_jetpack_memberships_contains_paid_content":false,"footnotes":"","jetpack_publicize_message":"","jetpack_publicize_feature_enabled":true,"jetpack_social_post_already_shared":true,"jetpack_social_options":{"image_generator_settings":{"template":"highway","default_image_id":0,"font":"","enabled":false},"version":2}},"categories":[7],"tags":[],"class_list":["post-3490","post","type-post","status-publish","format-standard","has-post-thumbnail","hentry","category-politica"],"jetpack_publicize_connections":[],"jetpack_featured_media_url":"https:\/\/i0.wp.com\/oexpressobr.com.br\/wp-content\/uploads\/2026\/02\/1770661532698a269cda1c8_1770661532_3x2_xl.jpg?fit=1200%2C800&ssl=1","jetpack_likes_enabled":true,"jetpack_sharing_enabled":true,"_links":{"self":[{"href":"https:\/\/oexpressobr.com.br\/index.php?rest_route=\/wp\/v2\/posts\/3490","targetHints":{"allow":["GET"]}}],"collection":[{"href":"https:\/\/oexpressobr.com.br\/index.php?rest_route=\/wp\/v2\/posts"}],"about":[{"href":"https:\/\/oexpressobr.com.br\/index.php?rest_route=\/wp\/v2\/types\/post"}],"author":[{"embeddable":true,"href":"https:\/\/oexpressobr.com.br\/index.php?rest_route=\/wp\/v2\/users\/1"}],"replies":[{"embeddable":true,"href":"https:\/\/oexpressobr.com.br\/index.php?rest_route=%2Fwp%2Fv2%2Fcomments&post=3490"}],"version-history":[{"count":1,"href":"https:\/\/oexpressobr.com.br\/index.php?rest_route=\/wp\/v2\/posts\/3490\/revisions"}],"predecessor-version":[{"id":3492,"href":"https:\/\/oexpressobr.com.br\/index.php?rest_route=\/wp\/v2\/posts\/3490\/revisions\/3492"}],"wp:featuredmedia":[{"embeddable":true,"href":"https:\/\/oexpressobr.com.br\/index.php?rest_route=\/wp\/v2\/media\/3491"}],"wp:attachment":[{"href":"https:\/\/oexpressobr.com.br\/index.php?rest_route=%2Fwp%2Fv2%2Fmedia&parent=3490"}],"wp:term":[{"taxonomy":"category","embeddable":true,"href":"https:\/\/oexpressobr.com.br\/index.php?rest_route=%2Fwp%2Fv2%2Fcategories&post=3490"},{"taxonomy":"post_tag","embeddable":true,"href":"https:\/\/oexpressobr.com.br\/index.php?rest_route=%2Fwp%2Fv2%2Ftags&post=3490"}],"curies":[{"name":"wp","href":"https:\/\/api.w.org\/{rel}","templated":true}]}}