{"id":3493,"date":"2026-02-10T05:49:54","date_gmt":"2026-02-10T08:49:54","guid":{"rendered":"https:\/\/oexpressobr.com.br\/?p=3493"},"modified":"2026-02-10T05:49:56","modified_gmt":"2026-02-10T08:49:56","slug":"dolar-recua-para-r-518-com-falas-de-galipolo-e-cenario-externo-favoravel","status":"publish","type":"post","link":"https:\/\/oexpressobr.com.br\/?p=3493","title":{"rendered":"D\u00f3lar recua para R$ 5,18 com falas de Gal\u00edpolo e cen\u00e1rio externo favor\u00e1vel"},"content":{"rendered":"\n<p class=\"wp-block-paragraph\">\u200bO mercado financeiro brasileiro viveu um dia de al\u00edvio nesta sess\u00e3o, com o <strong>d\u00f3lar comercial recuando para a marca de R$ 5,18<\/strong>, atingindo seu menor patamar em quase dois anos. O movimento foi impulsionado por uma combina\u00e7\u00e3o de fatores t\u00e9cnicos, otimismo no exterior e a postura vigilante do Banco Central do Brasil.<\/p>\n\n\n\n<p class=\"wp-block-paragraph\">\u200bEnquanto a moeda norte-americana perdia f\u00f4lego, o Ibovespa operava em alta, refletindo um maior <strong>apetite ao risco<\/strong> por parte dos investidores, que voltaram a apostar em mercados emergentes.<\/p>\n\n\n\n<h3 class=\"wp-block-heading\">\u200bOs pilares da queda: BC e Cen\u00e1rio Global<\/h3>\n\n\n\n<p class=\"wp-block-paragraph\">\u200bA queda da moeda n\u00e3o foi por acaso. Tr\u00eas fatores principais ditaram o ritmo do preg\u00e3o:<\/p>\n\n\n\n<ul class=\"wp-block-list\">\n<li>\u200b<strong>Falas de Gabriel Gal\u00edpolo:<\/strong> O presidente do Banco Central refor\u00e7ou o compromisso da institui\u00e7\u00e3o com a meta de infla\u00e7\u00e3o. O mercado interpretou suas declara\u00e7\u00f5es como um sinal de que os juros permanecer\u00e3o em patamares restritivos pelo tempo necess\u00e1rio, o que atrai capital estrangeiro em busca de rendimento (o chamado <em>carry trade<\/em>).<\/li>\n\n\n\n<li>\u200b<strong>Temporada de Balan\u00e7os:<\/strong> A divulga\u00e7\u00e3o de resultados corporativos robustos no Brasil e nos EUA trouxe confian\u00e7a aos investidores, sugerindo que a economia real est\u00e1 absorvendo bem os impactos das taxas de juros elevadas.<\/li>\n\n\n\n<li>\u200b<strong>Press\u00e3o da China:<\/strong> Pequim emitiu alertas sobre sua exposi\u00e7\u00e3o aos t\u00edtulos do Tesouro Americano (<em>Treasuries<\/em>). Esse movimento global de diversifica\u00e7\u00e3o de reservas acaba pressionando o valor do d\u00f3lar frente a uma cesta de outras moedas.<\/li>\n<\/ul>\n\n\n\n<h3 class=\"wp-block-heading\">\u200bImpacto no Mercado<\/h3>\n\n\n\n<p class=\"wp-block-paragraph\">\u200bA desvaloriza\u00e7\u00e3o do d\u00f3lar frente ao real \u00e9 vista com cautela, mas tamb\u00e9m com otimismo pelo setor produtivo. Um d\u00f3lar mais baixo ajuda a <strong>controlar a infla\u00e7\u00e3o de custos<\/strong> (importados), embora exija aten\u00e7\u00e3o dos exportadores nacionais.<\/p>\n\n\n\n<blockquote class=\"wp-block-quote is-layout-flow wp-block-quote-is-layout-flow\">\n<p class=\"wp-block-paragraph\">\u200b&#8221;O cen\u00e1rio de hoje reflete uma tr\u00e9gua no pessimismo. A combina\u00e7\u00e3o de um BC t\u00e9cnico e um cen\u00e1rio externo menos hostil abriu espa\u00e7o para essa corre\u00e7\u00e3o necess\u00e1ria no c\u00e2mbio&#8221;, afirmam analistas do setor.<\/p>\n<\/blockquote>\n","protected":false},"excerpt":{"rendered":"<p>\u200bO mercado financeiro brasileiro viveu um dia de al\u00edvio nesta sess\u00e3o, com o d\u00f3lar comercial recuando para a marca de R$ 5,18, atingindo seu menor [&#8230;]<\/p>\n","protected":false},"author":1,"featured_media":3494,"comment_status":"open","ping_status":"open","sticky":false,"template":"","format":"standard","meta":{"_crdt_document":"","_jetpack_memberships_contains_paid_content":false,"footnotes":"","jetpack_publicize_message":"","jetpack_publicize_feature_enabled":true,"jetpack_social_post_already_shared":true,"jetpack_social_options":{"image_generator_settings":{"template":"highway","default_image_id":0,"font":"","enabled":false},"version":2}},"categories":[10],"tags":[],"class_list":["post-3493","post","type-post","status-publish","format-standard","has-post-thumbnail","hentry","category-economia"],"jetpack_publicize_connections":[],"jetpack_featured_media_url":"https:\/\/i0.wp.com\/oexpressobr.com.br\/wp-content\/uploads\/2026\/02\/IMG-20260209-WA0358.jpg?fit=1280%2C1600&ssl=1","jetpack_likes_enabled":true,"jetpack_sharing_enabled":true,"_links":{"self":[{"href":"https:\/\/oexpressobr.com.br\/index.php?rest_route=\/wp\/v2\/posts\/3493","targetHints":{"allow":["GET"]}}],"collection":[{"href":"https:\/\/oexpressobr.com.br\/index.php?rest_route=\/wp\/v2\/posts"}],"about":[{"href":"https:\/\/oexpressobr.com.br\/index.php?rest_route=\/wp\/v2\/types\/post"}],"author":[{"embeddable":true,"href":"https:\/\/oexpressobr.com.br\/index.php?rest_route=\/wp\/v2\/users\/1"}],"replies":[{"embeddable":true,"href":"https:\/\/oexpressobr.com.br\/index.php?rest_route=%2Fwp%2Fv2%2Fcomments&post=3493"}],"version-history":[{"count":1,"href":"https:\/\/oexpressobr.com.br\/index.php?rest_route=\/wp\/v2\/posts\/3493\/revisions"}],"predecessor-version":[{"id":3495,"href":"https:\/\/oexpressobr.com.br\/index.php?rest_route=\/wp\/v2\/posts\/3493\/revisions\/3495"}],"wp:featuredmedia":[{"embeddable":true,"href":"https:\/\/oexpressobr.com.br\/index.php?rest_route=\/wp\/v2\/media\/3494"}],"wp:attachment":[{"href":"https:\/\/oexpressobr.com.br\/index.php?rest_route=%2Fwp%2Fv2%2Fmedia&parent=3493"}],"wp:term":[{"taxonomy":"category","embeddable":true,"href":"https:\/\/oexpressobr.com.br\/index.php?rest_route=%2Fwp%2Fv2%2Fcategories&post=3493"},{"taxonomy":"post_tag","embeddable":true,"href":"https:\/\/oexpressobr.com.br\/index.php?rest_route=%2Fwp%2Fv2%2Ftags&post=3493"}],"curies":[{"name":"wp","href":"https:\/\/api.w.org\/{rel}","templated":true}]}}