{"id":3496,"date":"2026-02-10T05:57:16","date_gmt":"2026-02-10T08:57:16","guid":{"rendered":"https:\/\/oexpressobr.com.br\/?p=3496"},"modified":"2026-02-10T05:57:17","modified_gmt":"2026-02-10T08:57:17","slug":"ministerio-publico-abre-inquerito-contra-gestao-nunes-por-caos-e-superlotacao-na-consolacao","status":"publish","type":"post","link":"https:\/\/oexpressobr.com.br\/?p=3496","title":{"rendered":"Minist\u00e9rio P\u00fablico abre inqu\u00e9rito contra gest\u00e3o Nunes por caos e superlota\u00e7\u00e3o na Consola\u00e7\u00e3o"},"content":{"rendered":"\n<p class=\"wp-block-paragraph\">\u200bO <strong>Minist\u00e9rio P\u00fablico de S\u00e3o Paulo (MP-SP)<\/strong> instaurou, nesta segunda-feira (9), um inqu\u00e9rito para investigar a responsabilidade da Prefeitura de S\u00e3o Paulo no tumulto ocorrido durante o \u00faltimo fim de semana de pr\u00e9-Carnaval. O foco da Promotoria de Justi\u00e7a de Habita\u00e7\u00e3o e Urbanismo \u00e9 a autoriza\u00e7\u00e3o concedida pela gest\u00e3o do prefeito <strong>Ricardo Nunes (MDB)<\/strong> para que dois megablocos \u2014 o bloco da <strong>Skol (com o DJ internacional Calvin Harris)<\/strong> e o tradicional <strong>Acad\u00eamicos do Baixo Augusta<\/strong> \u2014 desfilassem no mesmo dia e local, o que resultou em cenas de p\u00e2nico e superlota\u00e7\u00e3o na Rua da Consola\u00e7\u00e3o.<\/p>\n\n\n\n<h3 class=\"wp-block-heading\">\u200bO que aconteceu no &#8220;domingo de caos&#8221;<\/h3>\n\n\n\n<p class=\"wp-block-paragraph\">\u200bO planejamento da Prefeitura previa que os blocos sa\u00edssem em hor\u00e1rios distintos, mas atrasos na programa\u00e7\u00e3o e o volume massivo de p\u00fablico provocaram um encontro cr\u00edtico de multid\u00f5es. Segundo relatos de foli\u00f5es e registros em redes sociais, o cen\u00e1rio foi de:<\/p>\n\n\n\n<ul class=\"wp-block-list\">\n<li>\u200b<strong>Pessoas prensadas:<\/strong> Foli\u00f5es foram empurrados contra grades de conten\u00e7\u00e3o; alguns precisaram pular muros de pr\u00e9dios e da Escola Paulista de Magistratura para escapar do esmagamento.<\/li>\n\n\n\n<li>\u200b<strong>Atendimentos m\u00e9dicos:<\/strong> O Corpo de Bombeiros confirmou o atendimento de pelo menos <strong>30 pessoas<\/strong> no local com crises de ansiedade, desmaios e ferimentos leves.<\/li>\n\n\n\n<li>\u200b<strong>Interrup\u00e7\u00e3o de shows:<\/strong> O cantor Nattan, que se apresentava no trio da Skol, chegou a interromper a m\u00fasica tr\u00eas vezes para pedir socorro a pessoas que passavam mal na multid\u00e3o.<\/li>\n<\/ul>\n\n\n\n<h3 class=\"wp-block-heading\">\u200bA resposta da Prefeitura: &#8220;Sucesso&#8221; sob cr\u00edticas<\/h3>\n\n\n\n<p class=\"wp-block-paragraph\">\u200bMesmo diante das imagens de confus\u00e3o, o prefeito Ricardo Nunes classificou a organiza\u00e7\u00e3o do evento como um <strong>&#8220;sucesso&#8221;<\/strong>. Em declara\u00e7\u00f5es dadas nesta segunda-feira, Nunes afirmou que a infraestrutura foi &#8220;perfeita&#8221; e justificou que, dada a propor\u00e7\u00e3o de milh\u00f5es de pessoas nas ruas, o n\u00famero de incidentes graves foi baixo.<\/p>\n\n\n\n<blockquote class=\"wp-block-quote is-layout-flow wp-block-quote-is-layout-flow\">\n<p class=\"wp-block-paragraph\">\u200b&#8221;Se considerarmos a quantidade de pessoas e as poucas ocorr\u00eancias, a conclus\u00e3o \u00e9 que foi um sucesso&#8221;, declarou o prefeito \u00e0 imprensa.<\/p>\n<\/blockquote>\n\n\n\n<p class=\"wp-block-paragraph\">\u200bA fala gerou forte rea\u00e7\u00e3o de opositores e especialistas em urbanismo. O governador <strong>Tarc\u00edsio de Freitas<\/strong>, embora tenha elogiado a rapidez da PM, ponderou que &#8220;n\u00e3o d\u00e1 para ter 1,5 milh\u00e3o de pessoas na Consola\u00e7\u00e3o&#8221;, indicando a necessidade de rever o limite de p\u00fablico para a via.<\/p>\n\n\n\n<h3 class=\"wp-block-heading\">\u200bO foco da investiga\u00e7\u00e3o<\/h3>\n\n\n\n<p class=\"wp-block-paragraph\">\u200bO MP-SP quer apurar se a Prefeitura ignorou alertas pr\u00e9vios sobre os riscos de seguran\u00e7a. Informa\u00e7\u00f5es de bastidores indicam que \u00f3rg\u00e3os de seguran\u00e7a j\u00e1 haviam questionado a viabilidade de colocar dois dos maiores blocos da cidade no mesmo corredor vi\u00e1rio em um intervalo t\u00e3o curto. A investiga\u00e7\u00e3o vai analisar:<\/p>\n\n\n\n<ol class=\"wp-block-list\">\n<li>\u200b<strong>Falhas no planejamento urbano<\/strong> e na concess\u00e3o de alvar\u00e1s.<\/li>\n\n\n\n<li>\u200b<strong>Protocolos de seguran\u00e7a<\/strong> e a efic\u00e1cia do plano de conting\u00eancia acionado tardiamente.<\/li>\n\n\n\n<li>\u200b<strong>Responsabilidade dos patrocinadores<\/strong> e organizadores dos eventos privados no espa\u00e7o p\u00fablico.<\/li>\n<\/ol>\n","protected":false},"excerpt":{"rendered":"<p>\u200bO Minist\u00e9rio P\u00fablico de S\u00e3o Paulo (MP-SP) instaurou, nesta segunda-feira (9), um inqu\u00e9rito para investigar a responsabilidade da Prefeitura de S\u00e3o Paulo no tumulto ocorrido [&#8230;]<\/p>\n","protected":false},"author":1,"featured_media":3497,"comment_status":"open","ping_status":"open","sticky":false,"template":"","format":"standard","meta":{"_crdt_document":"","_jetpack_memberships_contains_paid_content":false,"footnotes":"","jetpack_publicize_message":"","jetpack_publicize_feature_enabled":true,"jetpack_social_post_already_shared":true,"jetpack_social_options":{"image_generator_settings":{"template":"highway","default_image_id":0,"font":"","enabled":false},"version":2}},"categories":[3],"tags":[],"class_list":["post-3496","post","type-post","status-publish","format-standard","has-post-thumbnail","hentry","category-brasil"],"jetpack_publicize_connections":[],"jetpack_featured_media_url":"https:\/\/i0.wp.com\/oexpressobr.com.br\/wp-content\/uploads\/2026\/02\/17705716816988c7a18e49c_1770571681_3x2_xl.jpg?fit=1200%2C800&ssl=1","jetpack_likes_enabled":true,"jetpack_sharing_enabled":true,"_links":{"self":[{"href":"https:\/\/oexpressobr.com.br\/index.php?rest_route=\/wp\/v2\/posts\/3496","targetHints":{"allow":["GET"]}}],"collection":[{"href":"https:\/\/oexpressobr.com.br\/index.php?rest_route=\/wp\/v2\/posts"}],"about":[{"href":"https:\/\/oexpressobr.com.br\/index.php?rest_route=\/wp\/v2\/types\/post"}],"author":[{"embeddable":true,"href":"https:\/\/oexpressobr.com.br\/index.php?rest_route=\/wp\/v2\/users\/1"}],"replies":[{"embeddable":true,"href":"https:\/\/oexpressobr.com.br\/index.php?rest_route=%2Fwp%2Fv2%2Fcomments&post=3496"}],"version-history":[{"count":1,"href":"https:\/\/oexpressobr.com.br\/index.php?rest_route=\/wp\/v2\/posts\/3496\/revisions"}],"predecessor-version":[{"id":3498,"href":"https:\/\/oexpressobr.com.br\/index.php?rest_route=\/wp\/v2\/posts\/3496\/revisions\/3498"}],"wp:featuredmedia":[{"embeddable":true,"href":"https:\/\/oexpressobr.com.br\/index.php?rest_route=\/wp\/v2\/media\/3497"}],"wp:attachment":[{"href":"https:\/\/oexpressobr.com.br\/index.php?rest_route=%2Fwp%2Fv2%2Fmedia&parent=3496"}],"wp:term":[{"taxonomy":"category","embeddable":true,"href":"https:\/\/oexpressobr.com.br\/index.php?rest_route=%2Fwp%2Fv2%2Fcategories&post=3496"},{"taxonomy":"post_tag","embeddable":true,"href":"https:\/\/oexpressobr.com.br\/index.php?rest_route=%2Fwp%2Fv2%2Ftags&post=3496"}],"curies":[{"name":"wp","href":"https:\/\/api.w.org\/{rel}","templated":true}]}}