{"id":3514,"date":"2026-02-10T06:16:23","date_gmt":"2026-02-10T09:16:23","guid":{"rendered":"https:\/\/oexpressobr.com.br\/?p=3514"},"modified":"2026-02-10T06:16:24","modified_gmt":"2026-02-10T09:16:24","slug":"stephen-miller-e-donald-trump-o-arquiteto-da-mao-de-ferro-redefine-a-imigracao-e-a-soberania-em-2026","status":"publish","type":"post","link":"https:\/\/oexpressobr.com.br\/?p=3514","title":{"rendered":"Stephen Miller e Donald Trump: O arquiteto da &#8220;m\u00e3o de ferro&#8221; redefine a imigra\u00e7\u00e3o e a soberania em 2026"},"content":{"rendered":"\n<p class=\"wp-block-paragraph\">Por anos, <strong>Stephen Miller<\/strong> foi uma figura influente do conservadorismo no entorno pol\u00edtico do atual presidente americano, <strong>Donald Trump<\/strong>. Agora, consolidado como Chefe de Gabinete Adjunto da Casa Branca, ele se tornou o verdadeiro para-raios de pol\u00eamicas e o motor intelectual por tr\u00e1s de uma agenda que desafia as fronteiras do direito internacional e da pol\u00edtica interna.<\/p>\n\n\n\n<p class=\"wp-block-paragraph\">\u200bSeu estilo implac\u00e1vel e combativo na condu\u00e7\u00e3o das pol\u00edticas do governo Trump n\u00e3o apenas impulsionou a agenda linha-dura de imigra\u00e7\u00e3o, mas em 2026, Miller elevou o tom ao defender conceitos de <strong>&#8220;imperialismo moderno&#8221;<\/strong> e a expans\u00e3o territorial dos Estados Unidos.<\/p>\n\n\n\n<h3 class=\"wp-block-heading\">\u200bA estrat\u00e9gia do &#8220;modelo Tennessee&#8221; e as deporta\u00e7\u00f5es em massa<\/h3>\n\n\n\n<p class=\"wp-block-paragraph\">\u200bMiller n\u00e3o se limita mais apenas a ordens federais. Recentemente, ele coordenou pessoalmente com l\u00edderes republicanos do <strong>Tennessee<\/strong> a cria\u00e7\u00e3o de um &#8220;modelo para a na\u00e7\u00e3o&#8221;. O pacote legislativo, apelidado de <strong>Imigra\u00e7\u00e3o 2026<\/strong>, visa transformar policiais, professores e assistentes sociais em extens\u00f5es do sistema de imigra\u00e7\u00e3o federal.<\/p>\n\n\n\n<ul class=\"wp-block-list\">\n<li>\u200b<strong>Verifica\u00e7\u00e3o obrigat\u00f3ria:<\/strong> Exige que ag\u00eancias estaduais reportem ao ICE qualquer pessoa que solicite benef\u00edcios sem comprova\u00e7\u00e3o de cidadania.<\/li>\n\n\n\n<li>\u200b<strong>Criminaliza\u00e7\u00e3o:<\/strong> Torna crime estadual a perman\u00eancia de indiv\u00edduos com ordens finais de deporta\u00e7\u00e3o.<\/li>\n\n\n\n<li>\u200b<strong>Controle de benef\u00edcios:<\/strong> Corta o acesso de refugiados e requerentes de asilo a programas como o Medicaid.<\/li>\n<\/ul>\n\n\n\n<h3 class=\"wp-block-heading\">\u200bTens\u00f5es em Minneapolis e o custo humano<\/h3>\n\n\n\n<p class=\"wp-block-paragraph\">\u200bA agressividade das pol\u00edticas coordenadas por Miller enfrentou seu momento mais cr\u00edtico em janeiro de 2026, ap\u00f3s a morte de dois cidad\u00e3os americanos \u2014 <strong>Alex Pretti<\/strong> e <strong>Renee Good<\/strong> \u2014 por agentes federais de imigra\u00e7\u00e3o em Minneapolis.<\/p>\n\n\n\n<p class=\"wp-block-paragraph\">\u200bO incidente gerou uma onda de indigna\u00e7\u00e3o nacional. Inicialmente, Miller manteve sua postura combativa, chegando a classificar os envolvidos de forma hostil em entrevistas. No entanto, diante da press\u00e3o e de uma queda acentuada na popularidade da administra\u00e7\u00e3o, a Casa Branca foi for\u00e7ada a uma &#8220;recalibragem&#8221;. Trump anunciou a retirada de 700 agentes do ICE da regi\u00e3o e a implementa\u00e7\u00e3o obrigat\u00f3ria de c\u00e2meras corporais para agentes em servi\u00e7o \u2014 uma rara concess\u00e3o de um governo que Miller sempre descreveu como &#8220;regido pela for\u00e7a&#8221;.<\/p>\n\n\n\n<h3 class=\"wp-block-heading\">\u200bAl\u00e9m das fronteiras: Groenl\u00e2ndia e Venezuela<\/h3>\n\n\n\n<p class=\"wp-block-paragraph\">\u200bA influ\u00eancia de Miller agora transborda para a pol\u00edtica externa. Em declara\u00e7\u00f5es recentes \u00e0 CNN, o assessor defendeu abertamente o direito dos EUA de <strong>anexar a Groenl\u00e2ndia<\/strong>, justificando que o mundo real \u00e9 governado pelo poder e pela &#8220;dureza&#8221;. Al\u00e9m disso, ele reiterou a inten\u00e7\u00e3o do governo de exercer controle direto sobre a economia da <strong>Venezuela<\/strong>, tratando na\u00e7\u00f5es vizinhas como vassalos em uma nova ordem mundial ultranacionalista.<\/p>\n\n\n\n<blockquote class=\"wp-block-quote is-layout-flow wp-block-quote-is-layout-flow\">\n<p class=\"wp-block-paragraph\">\u200b&#8221;Vivemos num mundo que \u00e9 governado pela for\u00e7a, governado pela dureza, governado pelo poder. Estas s\u00e3o as leis de ferro do mundo desde o in\u00edcio dos tempos&#8221;, afirmou Miller, refor\u00e7ando sua vis\u00e3o de que os EUA devem ditar os termos globais.<\/p>\n<\/blockquote>\n\n\n\n<h3 class=\"wp-block-heading\">\u200bO cen\u00e1rio pol\u00edtico<\/h3>\n\n\n\n<p class=\"wp-block-paragraph\">\u200bApesar de sua influ\u00eancia inabal\u00e1vel sobre Trump, Miller enfrenta resist\u00eancia crescente. Pesquisas de fevereiro de 2026 indicam que <strong>60% dos americanos<\/strong> consideram a abordagem do governo em rela\u00e7\u00e3o aos imigrantes &#8220;excessivamente dura&#8221;. Enquanto Miller continua a realizar confer\u00eancias di\u00e1rias com altos funcion\u00e1rios para exigir atualiza\u00e7\u00f5es sobre cotas de deporta\u00e7\u00e3o, o Congresso come\u00e7a a discutir salvaguardas legislativas para frear o que cr\u00edticos chamam de &#8220;abusos sistem\u00e1ticos&#8221;.<\/p>\n","protected":false},"excerpt":{"rendered":"<p>Por anos, Stephen Miller foi uma figura influente do conservadorismo no entorno pol\u00edtico do atual presidente americano, Donald Trump. Agora, consolidado como Chefe de Gabinete [&#8230;]<\/p>\n","protected":false},"author":1,"featured_media":3515,"comment_status":"open","ping_status":"open","sticky":false,"template":"","format":"standard","meta":{"_crdt_document":"","_jetpack_memberships_contains_paid_content":false,"footnotes":"","jetpack_publicize_message":"","jetpack_publicize_feature_enabled":true,"jetpack_social_post_already_shared":true,"jetpack_social_options":{"image_generator_settings":{"template":"highway","default_image_id":0,"font":"","enabled":false},"version":2}},"categories":[15],"tags":[],"class_list":["post-3514","post","type-post","status-publish","format-standard","has-post-thumbnail","hentry","category-internacional"],"jetpack_publicize_connections":[],"jetpack_featured_media_url":"https:\/\/i0.wp.com\/oexpressobr.com.br\/wp-content\/uploads\/2026\/02\/f7011910-0103-11f1-8373-25a35d9e886f.jpg.webp?fit=800%2C450&ssl=1","jetpack_likes_enabled":true,"jetpack_sharing_enabled":true,"_links":{"self":[{"href":"https:\/\/oexpressobr.com.br\/index.php?rest_route=\/wp\/v2\/posts\/3514","targetHints":{"allow":["GET"]}}],"collection":[{"href":"https:\/\/oexpressobr.com.br\/index.php?rest_route=\/wp\/v2\/posts"}],"about":[{"href":"https:\/\/oexpressobr.com.br\/index.php?rest_route=\/wp\/v2\/types\/post"}],"author":[{"embeddable":true,"href":"https:\/\/oexpressobr.com.br\/index.php?rest_route=\/wp\/v2\/users\/1"}],"replies":[{"embeddable":true,"href":"https:\/\/oexpressobr.com.br\/index.php?rest_route=%2Fwp%2Fv2%2Fcomments&post=3514"}],"version-history":[{"count":1,"href":"https:\/\/oexpressobr.com.br\/index.php?rest_route=\/wp\/v2\/posts\/3514\/revisions"}],"predecessor-version":[{"id":3516,"href":"https:\/\/oexpressobr.com.br\/index.php?rest_route=\/wp\/v2\/posts\/3514\/revisions\/3516"}],"wp:featuredmedia":[{"embeddable":true,"href":"https:\/\/oexpressobr.com.br\/index.php?rest_route=\/wp\/v2\/media\/3515"}],"wp:attachment":[{"href":"https:\/\/oexpressobr.com.br\/index.php?rest_route=%2Fwp%2Fv2%2Fmedia&parent=3514"}],"wp:term":[{"taxonomy":"category","embeddable":true,"href":"https:\/\/oexpressobr.com.br\/index.php?rest_route=%2Fwp%2Fv2%2Fcategories&post=3514"},{"taxonomy":"post_tag","embeddable":true,"href":"https:\/\/oexpressobr.com.br\/index.php?rest_route=%2Fwp%2Fv2%2Ftags&post=3514"}],"curies":[{"name":"wp","href":"https:\/\/api.w.org\/{rel}","templated":true}]}}