{"id":3533,"date":"2026-02-10T06:40:03","date_gmt":"2026-02-10T09:40:03","guid":{"rendered":"https:\/\/oexpressobr.com.br\/?p=3533"},"modified":"2026-02-10T06:40:04","modified_gmt":"2026-02-10T09:40:04","slug":"motta-encaminha-pec-do-fim-da-escala-6x1-para-analise-da-ccj-e-preve-votacao-ainda-em-2026","status":"publish","type":"post","link":"https:\/\/oexpressobr.com.br\/?p=3533","title":{"rendered":"Motta encaminha PEC do fim da escala 6&#215;1 para an\u00e1lise da CCJ e prev\u00ea vota\u00e7\u00e3o ainda em 2026"},"content":{"rendered":"\n<p class=\"wp-block-paragraph\">\u200bO presidente da C\u00e2mara dos Deputados, Hugo Motta (Republicanos-PB), oficializou nesta segunda-feira (9) o envio da Proposta de Emenda \u00e0 Constitui\u00e7\u00e3o (PEC) que prev\u00ea o fim da jornada de trabalho 6&#215;1 para a Comiss\u00e3o de Constitui\u00e7\u00e3o e Justi\u00e7a (CCJ). A decis\u00e3o marca o in\u00edcio formal da tramita\u00e7\u00e3o de um dos temas de maior apelo popular e pol\u00edtico deste ano legislativo.<\/p>\n\n\n\n<p class=\"wp-block-paragraph\">\u200bAo encaminhar o texto, Motta determinou a unifica\u00e7\u00e3o da proposta protocolada pela deputada Erika Hilton (PSOL-SP) com a PEC 221\/2019, de autoria do deputado Reginaldo Lopes (PT-MG). Ambas tratam da redu\u00e7\u00e3o da jornada de trabalho, mas possuem nuances diferentes sobre prazos e modelos de transi\u00e7\u00e3o que dever\u00e3o ser conciliados durante as discuss\u00f5es.<\/p>\n\n\n\n<p class=\"wp-block-paragraph\">\u200b<strong>O rito de tramita\u00e7\u00e3o e os pr\u00f3ximos passos<\/strong><\/p>\n\n\n\n<p class=\"wp-block-paragraph\">A an\u00e1lise inicial na CCJ focar\u00e1 exclusivamente na admissibilidade dos textos, verificando se a proposta n\u00e3o fere cl\u00e1usulas p\u00e9treas da Constitui\u00e7\u00e3o Federal. Caso receba o aval do colegiado, o presidente da C\u00e2mara instalar\u00e1 uma comiss\u00e3o especial.<\/p>\n\n\n\n<p class=\"wp-block-paragraph\">\u200b&#8221;O Brasil est\u00e1 maduro para enfrentar a escala 6&#215;1&#8243;, afirmou Hugo Motta em suas redes sociais. Ele destacou que a comiss\u00e3o especial servir\u00e1 para &#8220;amadurecer&#8221; o debate e ouvir todos os setores produtivos, buscando equilibrar a dignidade do trabalhador com os poss\u00edveis impactos econ\u00f4micos.<\/p>\n\n\n\n<p class=\"wp-block-paragraph\">\u200bDiferente do desejo inicial de parte do governo Lula, que cogitava enviar um Projeto de Lei (PL) com urg\u00eancia constitucional para acelerar o processo em 45 dias, Motta defendeu o rito da PEC por considerar o tema &#8220;inerente \u00e0 vida da maioria&#8221; e exigir uma altera\u00e7\u00e3o constitucional s\u00f3lida.<\/p>\n\n\n\n<p class=\"wp-block-paragraph\">\u200b<strong>Protagonismo pol\u00edtico e press\u00f5es eleitorais<\/strong><\/p>\n\n\n\n<p class=\"wp-block-paragraph\">A movimenta\u00e7\u00e3o de Motta \u00e9 vista nos bastidores de Bras\u00edlia como um aceno estrat\u00e9gico ao Pal\u00e1cio do Planalto e uma tentativa de garantir o protagonismo da C\u00e2mara em uma pauta de alta visibilidade antes das elei\u00e7\u00f5es de outubro. A meta de Motta \u00e9 levar o texto ao plen\u00e1rio ainda no primeiro semestre de 2026 ou, no m\u00e1ximo, at\u00e9 o final do ano.<\/p>\n\n\n\n<p class=\"wp-block-paragraph\">\u200bEnquanto isso, no Senado, uma proposta semelhante de autoria do senador Paulo Paim (PT-RS) j\u00e1 foi aprovada pela CCJ daquela Casa e aguarda para ser pautada em plen\u00e1rio pelo presidente Davi Alcolumbre (Uni\u00e3o-AP).<\/p>\n\n\n\n<p class=\"wp-block-paragraph\">\u200bA proposta de Erika Hilton, que mobilizou milh\u00f5es de assinaturas nas redes sociais, sugere uma jornada m\u00e1xima de 36 horas semanais em um modelo de quatro dias de trabalho por tr\u00eas de descanso (escala 4&#215;3), com entrada em vigor prevista para um ano ap\u00f3s a promulga\u00e7\u00e3o. J\u00e1 o texto de Reginaldo Lopes prop\u00f5e uma transi\u00e7\u00e3o mais gradual ao longo de dez anos. O equil\u00edbrio entre esses dois modelos ser\u00e1 o grande desafio da comiss\u00e3o especial nas pr\u00f3ximas semanas.<\/p>\n","protected":false},"excerpt":{"rendered":"<p>\u200bO presidente da C\u00e2mara dos Deputados, Hugo Motta (Republicanos-PB), oficializou nesta segunda-feira (9) o envio da Proposta de Emenda \u00e0 Constitui\u00e7\u00e3o (PEC) que prev\u00ea o [&#8230;]<\/p>\n","protected":false},"author":1,"featured_media":3534,"comment_status":"open","ping_status":"open","sticky":false,"template":"","format":"standard","meta":{"_crdt_document":"","_jetpack_memberships_contains_paid_content":false,"footnotes":"","jetpack_publicize_message":"","jetpack_publicize_feature_enabled":true,"jetpack_social_post_already_shared":true,"jetpack_social_options":{"image_generator_settings":{"template":"highway","default_image_id":0,"font":"","enabled":false},"version":2}},"categories":[3],"tags":[],"class_list":["post-3533","post","type-post","status-publish","format-standard","has-post-thumbnail","hentry","category-brasil"],"jetpack_publicize_connections":[],"jetpack_featured_media_url":"https:\/\/i0.wp.com\/oexpressobr.com.br\/wp-content\/uploads\/2026\/02\/IMG-20260209-WA0351.jpg?fit=750%2C500&ssl=1","jetpack_likes_enabled":true,"jetpack_sharing_enabled":true,"_links":{"self":[{"href":"https:\/\/oexpressobr.com.br\/index.php?rest_route=\/wp\/v2\/posts\/3533","targetHints":{"allow":["GET"]}}],"collection":[{"href":"https:\/\/oexpressobr.com.br\/index.php?rest_route=\/wp\/v2\/posts"}],"about":[{"href":"https:\/\/oexpressobr.com.br\/index.php?rest_route=\/wp\/v2\/types\/post"}],"author":[{"embeddable":true,"href":"https:\/\/oexpressobr.com.br\/index.php?rest_route=\/wp\/v2\/users\/1"}],"replies":[{"embeddable":true,"href":"https:\/\/oexpressobr.com.br\/index.php?rest_route=%2Fwp%2Fv2%2Fcomments&post=3533"}],"version-history":[{"count":1,"href":"https:\/\/oexpressobr.com.br\/index.php?rest_route=\/wp\/v2\/posts\/3533\/revisions"}],"predecessor-version":[{"id":3535,"href":"https:\/\/oexpressobr.com.br\/index.php?rest_route=\/wp\/v2\/posts\/3533\/revisions\/3535"}],"wp:featuredmedia":[{"embeddable":true,"href":"https:\/\/oexpressobr.com.br\/index.php?rest_route=\/wp\/v2\/media\/3534"}],"wp:attachment":[{"href":"https:\/\/oexpressobr.com.br\/index.php?rest_route=%2Fwp%2Fv2%2Fmedia&parent=3533"}],"wp:term":[{"taxonomy":"category","embeddable":true,"href":"https:\/\/oexpressobr.com.br\/index.php?rest_route=%2Fwp%2Fv2%2Fcategories&post=3533"},{"taxonomy":"post_tag","embeddable":true,"href":"https:\/\/oexpressobr.com.br\/index.php?rest_route=%2Fwp%2Fv2%2Ftags&post=3533"}],"curies":[{"name":"wp","href":"https:\/\/api.w.org\/{rel}","templated":true}]}}