{"id":3539,"date":"2026-02-10T17:40:52","date_gmt":"2026-02-10T20:40:52","guid":{"rendered":"https:\/\/oexpressobr.com.br\/?p=3539"},"modified":"2026-02-10T17:48:11","modified_gmt":"2026-02-10T20:48:11","slug":"lei-do-bem-estar-docente-enfrenta-barreira-da-omissao-governamental-e-crise-estrutural-no-parana","status":"publish","type":"post","link":"https:\/\/oexpressobr.com.br\/?p=3539","title":{"rendered":"Lei do Bem-Estar Docente enfrenta barreira da omiss\u00e3o governamental e crise estrutural no Paran\u00e1"},"content":{"rendered":"\n<p class=\"wp-block-paragraph\">\u200bA promulga\u00e7\u00e3o da <strong>Lei 14.681\/2023<\/strong>, que institui a Pol\u00edtica de Bem-Estar, Sa\u00fade e Qualidade de Vida no Trabalho para profissionais da educa\u00e7\u00e3o, surgiu como uma promessa de dias melhores para o setor. No entanto, o que deveria ser um marco na valoriza\u00e7\u00e3o da categoria tem esbarrado na in\u00e9rcia do Poder P\u00fablico, transformando o texto legal em uma &#8220;letra morta&#8221; diante de uma realidade de precariza\u00e7\u00e3o, especialmente no estado do Paran\u00e1.<\/p>\n\n\n\n<h3 class=\"wp-block-heading\">\u200bO abismo entre a lei e a realidade paranaense<\/h3>\n\n\n\n<p class=\"wp-block-paragraph\">\u200bEnquanto a legisla\u00e7\u00e3o federal estabelece a obrigatoriedade de planos de sa\u00fade e qualidade de vida para o sistema p\u00fablico, o cen\u00e1rio vivido pelos educadores sob a gest\u00e3o do governador <strong>Ratinho Junior<\/strong> \u00e9 de retrocesso. Relat\u00f3rios sindicais e queixas da categoria apontam um quadro alarmante:<\/p>\n\n\n\n<ul class=\"wp-block-list\">\n<li>\u200b<strong>Defasagem Salarial:<\/strong> Profissionais amargam perdas que se aproximam de <strong>50%<\/strong>, corroendo o poder de compra e desestimulando a perman\u00eancia na carreira.<\/li>\n\n\n\n<li>\u200b<strong>Superlota\u00e7\u00e3o e Infraestrutura:<\/strong> Salas de aula com n\u00famero excessivo de alunos dificultam o processo de ensino-aprendizagem e sobrecarregam o docente.<\/li>\n\n\n\n<li>\u200b<strong>Crise de Atribui\u00e7\u00f5es:<\/strong> Professores e pedagogos relatam uma crescente &#8220;terceiriza\u00e7\u00e3o&#8221; da educa\u00e7\u00e3o familiar, onde a escola \u00e9 cobrada para moldar o car\u00e1ter dos jovens, tarefa que deveria ser compartilhada com as fam\u00edlias.<\/li>\n<\/ul>\n\n\n\n<h3 class=\"wp-block-heading\">\u200bPress\u00e3o por resultados e adoecimento mental<\/h3>\n\n\n\n<p class=\"wp-block-paragraph\">\u200bA administra\u00e7\u00e3o estadual tem sido duramente criticada pela implementa\u00e7\u00e3o de uma gest\u00e3o focada excessivamente em m\u00e9tricas e resultados, muitas vezes ignorando as condi\u00e7\u00f5es humanas de trabalho.<\/p>\n\n\n\n<blockquote class=\"wp-block-quote is-layout-flow wp-block-quote-is-layout-flow\">\n<p class=\"wp-block-paragraph\">\u200b&#8221;A press\u00e3o por metas inating\u00edveis, somada \u00e0 diminui\u00e7\u00e3o das equipes pedag\u00f3gicas e \u00e0 redu\u00e7\u00e3o do porte das escolas, tem gerado um surto de problemas psicol\u00f3gicos e afastamentos por burnout&#8221;, afirmam representantes da categoria.<\/p>\n<\/blockquote>\n\n\n\n<p class=\"wp-block-paragraph\">\u200bA contradi\u00e7\u00e3o \u00e9 clara: ao mesmo tempo em que a Lei 14.681\/2023 exige pol\u00edticas de sa\u00fade mental, o modelo de gest\u00e3o atual parece ser o principal vetor do adoecimento desses profissionais. No Paran\u00e1, a diminui\u00e7\u00e3o do suporte t\u00e9cnico nas unidades escolares deixa o professor na linha de frente, isolado e sem as ferramentas necess\u00e1rias para lidar com as demandas sociais cada vez mais complexas.<\/p>\n\n\n\n<h3 class=\"wp-block-heading\">\u200bIncompet\u00eancia administrativa em xeque<\/h3>\n\n\n\n<p class=\"wp-block-paragraph\">\u200bO contraste entre o discurso de &#8220;moderniza\u00e7\u00e3o tecnol\u00f3gica&#8221; e a realidade de precariza\u00e7\u00e3o coloca a gest\u00e3o de Ratinho Junior sob os holofotes da cr\u00edtica. A falta de um plano efetivo que cumpra a nova legisla\u00e7\u00e3o federal demonstra, para especialistas, uma falha grave de prioridades. A educa\u00e7\u00e3o, base para o desenvolvimento do estado, sofre com o que muitos classificam como uma gest\u00e3o empresarial fria, que economiza no capital humano para equilibrar planilhas.<\/p>\n\n\n\n<figure class=\"wp-block-image size-large\"><img data-recalc-dims=\"1\" loading=\"lazy\" width=\"819\" height=\"1024\" src=\"https:\/\/i0.wp.com\/oexpressobr.com.br\/wp-content\/uploads\/2026\/02\/IMG-20260210-WA01201.jpg?resize=819%2C1024\" alt=\"\" class=\"wp-image-3542\" srcset=\"https:\/\/i0.wp.com\/oexpressobr.com.br\/wp-content\/uploads\/2026\/02\/IMG-20260210-WA01201.jpg?resize=819%2C1024&amp;ssl=1 819w, https:\/\/i0.wp.com\/oexpressobr.com.br\/wp-content\/uploads\/2026\/02\/IMG-20260210-WA01201.jpg?resize=240%2C300&amp;ssl=1 240w, https:\/\/i0.wp.com\/oexpressobr.com.br\/wp-content\/uploads\/2026\/02\/IMG-20260210-WA01201.jpg?resize=768%2C960&amp;ssl=1 768w, https:\/\/i0.wp.com\/oexpressobr.com.br\/wp-content\/uploads\/2026\/02\/IMG-20260210-WA01201.jpg?w=1024&amp;ssl=1 1024w\" sizes=\"auto, (max-width: 819px) 100vw, 819px\" \/><\/figure>\n","protected":false},"excerpt":{"rendered":"<p>\u200bA promulga\u00e7\u00e3o da Lei 14.681\/2023, que institui a Pol\u00edtica de Bem-Estar, Sa\u00fade e Qualidade de Vida no Trabalho para profissionais da educa\u00e7\u00e3o, surgiu como uma [&#8230;]<\/p>\n","protected":false},"author":1,"featured_media":3543,"comment_status":"open","ping_status":"open","sticky":false,"template":"","format":"standard","meta":{"_crdt_document":"","_jetpack_memberships_contains_paid_content":false,"footnotes":"","jetpack_publicize_message":"","jetpack_publicize_feature_enabled":true,"jetpack_social_post_already_shared":true,"jetpack_social_options":{"image_generator_settings":{"template":"highway","default_image_id":0,"font":"","enabled":false},"version":2}},"categories":[6],"tags":[],"class_list":["post-3539","post","type-post","status-publish","format-standard","has-post-thumbnail","hentry","category-educacao"],"jetpack_publicize_connections":[],"jetpack_featured_media_url":"https:\/\/i0.wp.com\/oexpressobr.com.br\/wp-content\/uploads\/2026\/02\/dsc02660.jpg?fit=2182%2C1454&ssl=1","jetpack_likes_enabled":true,"jetpack_sharing_enabled":true,"_links":{"self":[{"href":"https:\/\/oexpressobr.com.br\/index.php?rest_route=\/wp\/v2\/posts\/3539","targetHints":{"allow":["GET"]}}],"collection":[{"href":"https:\/\/oexpressobr.com.br\/index.php?rest_route=\/wp\/v2\/posts"}],"about":[{"href":"https:\/\/oexpressobr.com.br\/index.php?rest_route=\/wp\/v2\/types\/post"}],"author":[{"embeddable":true,"href":"https:\/\/oexpressobr.com.br\/index.php?rest_route=\/wp\/v2\/users\/1"}],"replies":[{"embeddable":true,"href":"https:\/\/oexpressobr.com.br\/index.php?rest_route=%2Fwp%2Fv2%2Fcomments&post=3539"}],"version-history":[{"count":2,"href":"https:\/\/oexpressobr.com.br\/index.php?rest_route=\/wp\/v2\/posts\/3539\/revisions"}],"predecessor-version":[{"id":3544,"href":"https:\/\/oexpressobr.com.br\/index.php?rest_route=\/wp\/v2\/posts\/3539\/revisions\/3544"}],"wp:featuredmedia":[{"embeddable":true,"href":"https:\/\/oexpressobr.com.br\/index.php?rest_route=\/wp\/v2\/media\/3543"}],"wp:attachment":[{"href":"https:\/\/oexpressobr.com.br\/index.php?rest_route=%2Fwp%2Fv2%2Fmedia&parent=3539"}],"wp:term":[{"taxonomy":"category","embeddable":true,"href":"https:\/\/oexpressobr.com.br\/index.php?rest_route=%2Fwp%2Fv2%2Fcategories&post=3539"},{"taxonomy":"post_tag","embeddable":true,"href":"https:\/\/oexpressobr.com.br\/index.php?rest_route=%2Fwp%2Fv2%2Ftags&post=3539"}],"curies":[{"name":"wp","href":"https:\/\/api.w.org\/{rel}","templated":true}]}}