{"id":3548,"date":"2026-02-10T19:56:35","date_gmt":"2026-02-10T22:56:35","guid":{"rendered":"https:\/\/oexpressobr.com.br\/?p=3548"},"modified":"2026-02-10T19:56:36","modified_gmt":"2026-02-10T22:56:36","slug":"mprj-prende-playboy-lideranca-da-milicia-que-aterroriza-a-praca-seca","status":"publish","type":"post","link":"https:\/\/oexpressobr.com.br\/?p=3548","title":{"rendered":"MPRJ prende &#8220;Playboy&#8221;, lideran\u00e7a da mil\u00edcia que aterroriza a Pra\u00e7a Seca"},"content":{"rendered":"\n<p class=\"wp-block-paragraph\">\u200bEm uma investida estrat\u00e9gica contra o crime organizado na Zona Oeste, a Coordenadoria de Seguran\u00e7a e Intelig\u00eancia (CSI) do Minist\u00e9rio P\u00fablico do Rio de Janeiro (MPRJ) capturou, na manh\u00e3 desta ter\u00e7a-feira (10\/02), <strong>Diego Luccas Pereira<\/strong>. Conhecido pelos vulgos <strong>&#8220;Teco&#8221;<\/strong> ou <strong>&#8220;Playboy&#8221;<\/strong>, o criminoso \u00e9 apontado como uma das figuras de proa na hierarquia da mil\u00edcia que domina o complexo de comunidades da <strong>Pra\u00e7a Seca<\/strong>.<\/p>\n\n\n\n<p class=\"wp-block-paragraph\">\u200bA pris\u00e3o preventiva \u00e9 fruto de uma investiga\u00e7\u00e3o minuciosa que detalha a estrutura de poder e a viol\u00eancia empregada pelo grupo para manter o controle territorial e a explora\u00e7\u00e3o de servi\u00e7os b\u00e1sicos na regi\u00e3o.<\/p>\n\n\n\n<h3 class=\"wp-block-heading\">\u200bO perfil do alvo e a atua\u00e7\u00e3o criminosa<\/h3>\n\n\n\n<p class=\"wp-block-paragraph\">\u200bDiego Luccas Pereira n\u00e3o era apenas mais um integrante, mas um dos <strong>l\u00edderes operacionais<\/strong> da organiza\u00e7\u00e3o. De acordo com a den\u00fancia do MPRJ, sua atua\u00e7\u00e3o era direta na coordena\u00e7\u00e3o de a\u00e7\u00f5es armadas e na gest\u00e3o do &#8220;neg\u00f3cio&#8221; il\u00edcito que asfixia os moradores da Zona Oeste.<\/p>\n\n\n\n<p class=\"wp-block-paragraph\">\u200bAs investiga\u00e7\u00f5es apontam que a mil\u00edcia liderada por &#8220;Playboy&#8221; mant\u00e9m o controle atrav\u00e9s de:<\/p>\n\n\n\n<ul class=\"wp-block-list\">\n<li>\u200b<strong>Extors\u00e3o de comerciantes:<\/strong> Cobran\u00e7a de &#8220;taxas de seguran\u00e7a&#8221; obrigat\u00f3rias.<\/li>\n\n\n\n<li>\u200b<strong>Monop\u00f3lio de servi\u00e7os:<\/strong> Venda ilegal de g\u00e1s, \u00e1gua e internet (o chamado &#8220;gatonet&#8221;).<\/li>\n\n\n\n<li>\u200b<strong>Viol\u00eancia letal:<\/strong> Participa\u00e7\u00e3o em confrontos contra fac\u00e7\u00f5es rivais para a expans\u00e3o de dom\u00ednio territorial, transformando a Pra\u00e7a Seca em um dos pontos mais inst\u00e1veis do Rio de Janeiro nos \u00faltimos anos.<\/li>\n<\/ul>\n\n\n\n<h3 class=\"wp-block-heading\">\u200bO impacto na seguran\u00e7a p\u00fablica<\/h3>\n\n\n\n<p class=\"wp-block-paragraph\">\u200bA pris\u00e3o de &#8220;Teco&#8221; representa um golpe significativo na log\u00edstica do grupo. A Pra\u00e7a Seca tem sido palco de uma guerra sangrenta entre milicianos e traficantes, e a retirada de uma lideran\u00e7a desse porte visa desarticular a cadeia de comando e reduzir o poder de fogo da organiza\u00e7\u00e3o na regi\u00e3o.<\/p>\n\n\n\n<blockquote class=\"wp-block-quote is-layout-flow wp-block-quote-is-layout-flow\">\n<p class=\"wp-block-paragraph\">\u200b&#8221;A a\u00e7\u00e3o da CSI\/MPRJ refor\u00e7a o compromisso de desmantelar as estruturas financeiras e de lideran\u00e7a das mil\u00edcias, que hoje representam um dos maiores desafios para a paz social no estado&#8221;, afirma a nota t\u00e9cnica baseada na opera\u00e7\u00e3o.<\/p>\n<\/blockquote>\n\n\n\n<h3 class=\"wp-block-heading\">\u200bContexto atual do combate \u00e0s mil\u00edcias (2026)<\/h3>\n\n\n\n<p class=\"wp-block-paragraph\">\u200bA opera\u00e7\u00e3o desta ter\u00e7a-feira ocorre em um momento de press\u00e3o sobre os grupos paramilitares. Com o uso crescente de tecnologia e monitoramento de dados financeiros, o Minist\u00e9rio P\u00fablico tem focado menos no confronto direto e mais no sufocamento dos ativos desses criminosos. A captura de &#8220;Playboy&#8221; \u00e9 vista como um passo essencial para coletar novas informa\u00e7\u00f5es que possam levar a outros escal\u00f5es da &#8220;c\u00fapula&#8221; da Zona Oeste.<\/p>\n\n\n\n<p class=\"wp-block-paragraph\">\u200b<strong>Pr\u00f3ximos passos:<\/strong> O preso ser\u00e1 encaminhado ao sistema prisional, onde ficar\u00e1 \u00e0 disposi\u00e7\u00e3o da Justi\u00e7a para responder pelos crimes de organiza\u00e7\u00e3o criminosa e extors\u00e3o.<\/p>\n\n\n\n<p class=\"wp-block-paragraph\"><\/p>\n","protected":false},"excerpt":{"rendered":"<p>\u200bEm uma investida estrat\u00e9gica contra o crime organizado na Zona Oeste, a Coordenadoria de Seguran\u00e7a e Intelig\u00eancia (CSI) do Minist\u00e9rio P\u00fablico do Rio de Janeiro [&#8230;]<\/p>\n","protected":false},"author":1,"featured_media":3549,"comment_status":"open","ping_status":"open","sticky":false,"template":"","format":"standard","meta":{"_crdt_document":"","_jetpack_memberships_contains_paid_content":false,"footnotes":"","jetpack_publicize_message":"","jetpack_publicize_feature_enabled":true,"jetpack_social_post_already_shared":true,"jetpack_social_options":{"image_generator_settings":{"template":"highway","default_image_id":0,"font":"","enabled":false},"version":2}},"categories":[9],"tags":[],"class_list":["post-3548","post","type-post","status-publish","format-standard","has-post-thumbnail","hentry","category-policia"],"jetpack_publicize_connections":[],"jetpack_featured_media_url":"https:\/\/i0.wp.com\/oexpressobr.com.br\/wp-content\/uploads\/2026\/02\/upload_00000405.png?fit=1024%2C682&ssl=1","jetpack_likes_enabled":true,"jetpack_sharing_enabled":true,"_links":{"self":[{"href":"https:\/\/oexpressobr.com.br\/index.php?rest_route=\/wp\/v2\/posts\/3548","targetHints":{"allow":["GET"]}}],"collection":[{"href":"https:\/\/oexpressobr.com.br\/index.php?rest_route=\/wp\/v2\/posts"}],"about":[{"href":"https:\/\/oexpressobr.com.br\/index.php?rest_route=\/wp\/v2\/types\/post"}],"author":[{"embeddable":true,"href":"https:\/\/oexpressobr.com.br\/index.php?rest_route=\/wp\/v2\/users\/1"}],"replies":[{"embeddable":true,"href":"https:\/\/oexpressobr.com.br\/index.php?rest_route=%2Fwp%2Fv2%2Fcomments&post=3548"}],"version-history":[{"count":1,"href":"https:\/\/oexpressobr.com.br\/index.php?rest_route=\/wp\/v2\/posts\/3548\/revisions"}],"predecessor-version":[{"id":3550,"href":"https:\/\/oexpressobr.com.br\/index.php?rest_route=\/wp\/v2\/posts\/3548\/revisions\/3550"}],"wp:featuredmedia":[{"embeddable":true,"href":"https:\/\/oexpressobr.com.br\/index.php?rest_route=\/wp\/v2\/media\/3549"}],"wp:attachment":[{"href":"https:\/\/oexpressobr.com.br\/index.php?rest_route=%2Fwp%2Fv2%2Fmedia&parent=3548"}],"wp:term":[{"taxonomy":"category","embeddable":true,"href":"https:\/\/oexpressobr.com.br\/index.php?rest_route=%2Fwp%2Fv2%2Fcategories&post=3548"},{"taxonomy":"post_tag","embeddable":true,"href":"https:\/\/oexpressobr.com.br\/index.php?rest_route=%2Fwp%2Fv2%2Ftags&post=3548"}],"curies":[{"name":"wp","href":"https:\/\/api.w.org\/{rel}","templated":true}]}}