{"id":3551,"date":"2026-02-10T20:02:16","date_gmt":"2026-02-10T23:02:16","guid":{"rendered":"https:\/\/oexpressobr.com.br\/?p=3551"},"modified":"2026-02-10T20:02:17","modified_gmt":"2026-02-10T23:02:17","slug":"justica-converte-prisao-de-homem-que-esfaqueou-mulher-em-sao-goncalo-apos-rejeicao-afetiva","status":"publish","type":"post","link":"https:\/\/oexpressobr.com.br\/?p=3551","title":{"rendered":"Justi\u00e7a converte pris\u00e3o de homem que esfaqueou mulher em S\u00e3o Gon\u00e7alo ap\u00f3s rejei\u00e7\u00e3o afetiva"},"content":{"rendered":"\n<p class=\"wp-block-paragraph\">\u200bO <strong>Minist\u00e9rio P\u00fablico do Estado do Rio de Janeiro (MPRJ)<\/strong>, por meio do N\u00facleo de Apoio \u00e0 V\u00edtima (NAV), obteve uma vit\u00f3ria judicial importante no combate \u00e0 viol\u00eancia de g\u00eanero. Durante o plant\u00e3o judici\u00e1rio deste \u00faltimo final de semana, a pris\u00e3o em flagrante de um homem acusado de tentativa de feminic\u00eddio foi convertida em <strong>pris\u00e3o preventiva<\/strong>.<\/p>\n\n\n\n<p class=\"wp-block-paragraph\">\u200bO crime ocorreu em <strong>S\u00e3o Gon\u00e7alo<\/strong>, na Regi\u00e3o Metropolitana do Rio. Segundo as investiga\u00e7\u00f5es conduzidas pela Pol\u00edcia Civil e acompanhadas pelo MPRJ, o agressor atacou a v\u00edtima com golpes de faca ap\u00f3s ela manifestar, de forma clara, o <strong>desinteresse em iniciar um relacionamento afetivo<\/strong> com ele.<\/p>\n\n\n\n<h3 class=\"wp-block-heading\">\u200bDetalhes do Caso e Atua\u00e7\u00e3o do MPRJ<\/h3>\n\n\n\n<p class=\"wp-block-paragraph\">\u200bDe acordo com os autos, a gravidade da agress\u00e3o e a motiva\u00e7\u00e3o f\u00fatil \u2014 baseada no sentimento de posse e na n\u00e3o aceita\u00e7\u00e3o da autonomia feminina \u2014 foram determinantes para que a Justi\u00e7a acolhesse o pedido de pris\u00e3o preventiva.<\/p>\n\n\n\n<ul class=\"wp-block-list\">\n<li>\u200b<strong>O Crime:<\/strong> A v\u00edtima foi surpreendida pelo agressor, que n\u00e3o aceitava a rejei\u00e7\u00e3o. O ataque com arma branca causou ferimentos graves, levando \u00e0 pris\u00e3o imediata do suspeito.<\/li>\n\n\n\n<li>\u200b<strong>A Decis\u00e3o:<\/strong> O magistrado de plant\u00e3o destacou que a liberdade do acusado representaria um risco \u00e0 ordem p\u00fablica e \u00e0 integridade f\u00edsica da v\u00edtima, que j\u00e1 vinha sofrendo investidas indesejadas por parte do autor.<\/li>\n\n\n\n<li>\u200b<strong>Assist\u00eancia:<\/strong> O <strong>NACAC\/MPRJ<\/strong> (N\u00facleo de Atendimento \u00e0 V\u00edtima) est\u00e1 acompanhando o caso para garantir que a v\u00edtima receba suporte jur\u00eddico e psicossocial durante o processo.<\/li>\n<\/ul>\n\n\n\n<h3 class=\"wp-block-heading\">\u200bContexto da Viol\u00eancia de G\u00eanero em S\u00e3o Gon\u00e7alo<\/h3>\n\n\n\n<p class=\"wp-block-paragraph\">\u200bDados recentes do Instituto de Seguran\u00e7a P\u00fablica (ISP) apontam que S\u00e3o Gon\u00e7alo figura entre os munic\u00edpios com altos \u00edndices de registros de viol\u00eancia dom\u00e9stica no estado.<\/p>\n\n\n\n<blockquote class=\"wp-block-quote is-layout-flow wp-block-quote-is-layout-flow\">\n<p class=\"wp-block-paragraph\">\u200b&#8221;A convers\u00e3o da pris\u00e3o em preventiva \u00e9 um passo fundamental para desencorajar o sentimento de impunidade que muitas vezes alimenta esse ciclo de viol\u00eancia&#8221;, afirmou um representante do Minist\u00e9rio P\u00fablico durante a audi\u00eancia.<\/p>\n<\/blockquote>\n\n\n\n<p class=\"wp-block-paragraph\">\u200bO caso agora segue para a fase de instru\u00e7\u00e3o criminal, onde o agressor responder\u00e1 por tentativa de homic\u00eddio qualificado pelo feminic\u00eddio. Se condenado, a pena pode chegar a 30 anos de reclus\u00e3o, com a redu\u00e7\u00e3o prevista pela tentativa.<\/p>\n\n\n\n<p class=\"wp-block-paragraph\"><\/p>\n","protected":false},"excerpt":{"rendered":"<p>\u200bO Minist\u00e9rio P\u00fablico do Estado do Rio de Janeiro (MPRJ), por meio do N\u00facleo de Apoio \u00e0 V\u00edtima (NAV), obteve uma vit\u00f3ria judicial importante no [&#8230;]<\/p>\n","protected":false},"author":1,"featured_media":3552,"comment_status":"open","ping_status":"open","sticky":false,"template":"","format":"standard","meta":{"_crdt_document":"","_jetpack_memberships_contains_paid_content":false,"footnotes":"","jetpack_publicize_message":"","jetpack_publicize_feature_enabled":true,"jetpack_social_post_already_shared":true,"jetpack_social_options":{"image_generator_settings":{"template":"highway","default_image_id":0,"font":"","enabled":false},"version":2}},"categories":[9],"tags":[],"class_list":["post-3551","post","type-post","status-publish","format-standard","has-post-thumbnail","hentry","category-policia"],"jetpack_publicize_connections":[],"jetpack_featured_media_url":"https:\/\/i0.wp.com\/oexpressobr.com.br\/wp-content\/uploads\/2026\/02\/upload_00010989.png?fit=1024%2C682&ssl=1","jetpack_likes_enabled":true,"jetpack_sharing_enabled":true,"_links":{"self":[{"href":"https:\/\/oexpressobr.com.br\/index.php?rest_route=\/wp\/v2\/posts\/3551","targetHints":{"allow":["GET"]}}],"collection":[{"href":"https:\/\/oexpressobr.com.br\/index.php?rest_route=\/wp\/v2\/posts"}],"about":[{"href":"https:\/\/oexpressobr.com.br\/index.php?rest_route=\/wp\/v2\/types\/post"}],"author":[{"embeddable":true,"href":"https:\/\/oexpressobr.com.br\/index.php?rest_route=\/wp\/v2\/users\/1"}],"replies":[{"embeddable":true,"href":"https:\/\/oexpressobr.com.br\/index.php?rest_route=%2Fwp%2Fv2%2Fcomments&post=3551"}],"version-history":[{"count":1,"href":"https:\/\/oexpressobr.com.br\/index.php?rest_route=\/wp\/v2\/posts\/3551\/revisions"}],"predecessor-version":[{"id":3553,"href":"https:\/\/oexpressobr.com.br\/index.php?rest_route=\/wp\/v2\/posts\/3551\/revisions\/3553"}],"wp:featuredmedia":[{"embeddable":true,"href":"https:\/\/oexpressobr.com.br\/index.php?rest_route=\/wp\/v2\/media\/3552"}],"wp:attachment":[{"href":"https:\/\/oexpressobr.com.br\/index.php?rest_route=%2Fwp%2Fv2%2Fmedia&parent=3551"}],"wp:term":[{"taxonomy":"category","embeddable":true,"href":"https:\/\/oexpressobr.com.br\/index.php?rest_route=%2Fwp%2Fv2%2Fcategories&post=3551"},{"taxonomy":"post_tag","embeddable":true,"href":"https:\/\/oexpressobr.com.br\/index.php?rest_route=%2Fwp%2Fv2%2Ftags&post=3551"}],"curies":[{"name":"wp","href":"https:\/\/api.w.org\/{rel}","templated":true}]}}