{"id":3554,"date":"2026-02-10T20:08:06","date_gmt":"2026-02-10T23:08:06","guid":{"rendered":"https:\/\/oexpressobr.com.br\/?p=3554"},"modified":"2026-02-10T20:08:07","modified_gmt":"2026-02-10T23:08:07","slug":"sorriso-maroto-se-junta-a-leonardo-gusttavo-lima-e-natanzinho-lima-na-grade-da-expolondrina-2026","status":"publish","type":"post","link":"https:\/\/oexpressobr.com.br\/?p=3554","title":{"rendered":"Sorriso Maroto se junta a Leonardo, Gusttavo Lima e Natanzinho Lima na grade da ExpoLondrina 2026"},"content":{"rendered":"\n<p class=\"wp-block-paragraph\">\u200bA contagem regressiva para uma das maiores feiras agroindustriais do Brasil ganhou um novo cap\u00edtulo nesta ter\u00e7a-feira (10). A organiza\u00e7\u00e3o da <strong>ExpoLondrina 2026<\/strong> confirmou o grupo <strong>Sorriso Maroto<\/strong> como a quarta grande atra\u00e7\u00e3o musical do evento. O an\u00fancio consolida a aposta da Sociedade Rural do Paran\u00e1 (SRP) em uma mistura de ritmos que vai do sertanejo cl\u00e1ssico ao pagode rom\u00e2ntico.<\/p>\n\n\n\n<h3 class=\"wp-block-heading\">\u200bO &#8220;pagodinho&#8221; invade o Parque Ney Braga<\/h3>\n\n\n\n<p class=\"wp-block-paragraph\">\u200bCom mais de 25 anos de carreira, o Sorriso Maroto traz para Londrina a turn\u00ea que celebra sua trajet\u00f3ria repleta de sucessos como <em>&#8220;Sinais&#8221;<\/em> e <em>&#8220;Assim Voc\u00ea Mata o Papai&#8221;<\/em>. O grupo \u00e9 o primeiro nome fora do g\u00eanero sertanejo a ser anunciado para esta edi\u00e7\u00e3o, prometendo atrair um p\u00fablico diversificado para a arena de shows.<\/p>\n\n\n\n<h3 class=\"wp-block-heading\">\u200bUm elenco de peso<\/h3>\n\n\n\n<p class=\"wp-block-paragraph\">\u200bA confirma\u00e7\u00e3o do grupo liderado por Bruno Cardoso encorpa uma lista que j\u00e1 conta com gigantes do entretenimento nacional. At\u00e9 o momento, os nomes confirmados s\u00e3o:<\/p>\n\n\n\n<ul class=\"wp-block-list\">\n<li>\u200b<strong>Leonardo:<\/strong> Trazendo a tradi\u00e7\u00e3o e o carisma do sertanejo raiz.<\/li>\n\n\n\n<li>\u200b<strong>Gusttavo Lima:<\/strong> O &#8220;Embaixador&#8221; retorna com sua megaestrutura de show.<\/li>\n\n\n\n<li>\u200b<strong>Natanzinho Lima:<\/strong> Representando a nova for\u00e7a do arrocha e do piseiro.<\/li>\n\n\n\n<li>\u200b<strong>Sorriso Maroto:<\/strong> O toque de samba e pagode que faltava na programa\u00e7\u00e3o.<\/li>\n<\/ul>\n\n\n\n<h3 class=\"wp-block-heading\">\u200bExpectativas para 2026<\/h3>\n\n\n\n<p class=\"wp-block-paragraph\">\u200bA ExpoLondrina continua sendo o principal motor econ\u00f4mico e cultural da regi\u00e3o norte do Paran\u00e1 no primeiro semestre. Al\u00e9m dos shows, o evento deve focar em <strong>inova\u00e7\u00e3o tecnol\u00f3gica no agroneg\u00f3cio<\/strong> e na expans\u00e3o do setor de gen\u00e9tica animal, que bateu recordes na edi\u00e7\u00e3o anterior.<\/p>\n\n\n\n<p class=\"wp-block-paragraph\">\u200bA expectativa agora gira em torno das datas espec\u00edficas de cada apresenta\u00e7\u00e3o e da abertura da venda de ingressos, que costuma gerar filas virtuais intensas assim que liberada.<\/p>\n\n\n\n<blockquote class=\"wp-block-quote is-layout-flow wp-block-quote-is-layout-flow\">\n<p class=\"wp-block-paragraph\">\u200b<strong>Nota do Editor:<\/strong> A diversifica\u00e7\u00e3o da grade mostra que a ExpoLondrina busca se posicionar n\u00e3o apenas como um evento regional, mas como um festival de m\u00fasica de alcance nacional dentro do calend\u00e1rio agro.<\/p>\n<\/blockquote>\n","protected":false},"excerpt":{"rendered":"<p>\u200bA contagem regressiva para uma das maiores feiras agroindustriais do Brasil ganhou um novo cap\u00edtulo nesta ter\u00e7a-feira (10). A organiza\u00e7\u00e3o da ExpoLondrina 2026 confirmou o [&#8230;]<\/p>\n","protected":false},"author":1,"featured_media":3555,"comment_status":"open","ping_status":"open","sticky":false,"template":"","format":"standard","meta":{"_crdt_document":"","_jetpack_memberships_contains_paid_content":false,"footnotes":"","jetpack_publicize_message":"","jetpack_publicize_feature_enabled":true,"jetpack_social_post_already_shared":true,"jetpack_social_options":{"image_generator_settings":{"template":"highway","default_image_id":0,"font":"","enabled":false},"version":2}},"categories":[5],"tags":[],"class_list":["post-3554","post","type-post","status-publish","format-standard","has-post-thumbnail","hentry","category-parana"],"jetpack_publicize_connections":[],"jetpack_featured_media_url":"https:\/\/i0.wp.com\/oexpressobr.com.br\/wp-content\/uploads\/2026\/02\/httpsportalnorte.com_.brwp-adminpost.phppost-292629-action-edit-89-.jpg?fit=1000%2C667&ssl=1","jetpack_likes_enabled":true,"jetpack_sharing_enabled":true,"_links":{"self":[{"href":"https:\/\/oexpressobr.com.br\/index.php?rest_route=\/wp\/v2\/posts\/3554","targetHints":{"allow":["GET"]}}],"collection":[{"href":"https:\/\/oexpressobr.com.br\/index.php?rest_route=\/wp\/v2\/posts"}],"about":[{"href":"https:\/\/oexpressobr.com.br\/index.php?rest_route=\/wp\/v2\/types\/post"}],"author":[{"embeddable":true,"href":"https:\/\/oexpressobr.com.br\/index.php?rest_route=\/wp\/v2\/users\/1"}],"replies":[{"embeddable":true,"href":"https:\/\/oexpressobr.com.br\/index.php?rest_route=%2Fwp%2Fv2%2Fcomments&post=3554"}],"version-history":[{"count":1,"href":"https:\/\/oexpressobr.com.br\/index.php?rest_route=\/wp\/v2\/posts\/3554\/revisions"}],"predecessor-version":[{"id":3556,"href":"https:\/\/oexpressobr.com.br\/index.php?rest_route=\/wp\/v2\/posts\/3554\/revisions\/3556"}],"wp:featuredmedia":[{"embeddable":true,"href":"https:\/\/oexpressobr.com.br\/index.php?rest_route=\/wp\/v2\/media\/3555"}],"wp:attachment":[{"href":"https:\/\/oexpressobr.com.br\/index.php?rest_route=%2Fwp%2Fv2%2Fmedia&parent=3554"}],"wp:term":[{"taxonomy":"category","embeddable":true,"href":"https:\/\/oexpressobr.com.br\/index.php?rest_route=%2Fwp%2Fv2%2Fcategories&post=3554"},{"taxonomy":"post_tag","embeddable":true,"href":"https:\/\/oexpressobr.com.br\/index.php?rest_route=%2Fwp%2Fv2%2Ftags&post=3554"}],"curies":[{"name":"wp","href":"https:\/\/api.w.org\/{rel}","templated":true}]}}