{"id":3560,"date":"2026-02-10T20:17:07","date_gmt":"2026-02-10T23:17:07","guid":{"rendered":"https:\/\/oexpressobr.com.br\/?p=3560"},"modified":"2026-02-10T20:17:08","modified_gmt":"2026-02-10T23:17:08","slug":"paraiso-do-tuiuti-une-brasil-e-cuba-em-desfile-sobre-a-heranca-de-ifa-e-a-resistencia-da-diaspora","status":"publish","type":"post","link":"https:\/\/oexpressobr.com.br\/?p=3560","title":{"rendered":"PARA\u00cdSO DO TUIUTI une Brasil e Cuba em desfile sobre a heran\u00e7a de If\u00e1 e a resist\u00eancia da di\u00e1spora"},"content":{"rendered":"\n<p class=\"wp-block-paragraph\"><strong>RIO DE JANEIRO<\/strong> \u2013 A tradicional escola de samba de S\u00e3o Crist\u00f3v\u00e3o, Para\u00edso do Tuiuti, promete levar para a Marqu\u00eas de Sapuca\u00ed uma conex\u00e3o profunda entre as ra\u00edzes africanas que moldaram as culturas do Brasil e de Cuba. Com o enredo intitulado <em>&#8220;Lon\u00e3 If\u00e1 Lukumi&#8221;<\/em>, desenvolvido pelo renomado carnavalesco Jack Vasconcelos, a agremia\u00e7\u00e3o busca tra\u00e7ar um paralelo entre os sistemas de cren\u00e7as, os rituais e a resist\u00eancia negra que unem essas duas na\u00e7\u00f5es separadas pelo oceano, mas conectadas pela ancestralidade.<\/p>\n\n\n\n<p class=\"wp-block-paragraph\">\u200bA proposta do desfile para o pr\u00f3ximo Carnaval foca na filosofia de If\u00e1 e na tradi\u00e7\u00e3o Lukum\u00ed (muito presente em Cuba e correlata ao Candombl\u00e9 brasileiro). Segundo Jack Vasconcelos, o objetivo \u00e9 mostrar que a di\u00e1spora africana criou &#8220;espelhos&#8221; em diferentes partes das Am\u00e9ricas. Enquanto no Brasil temos a consolida\u00e7\u00e3o do Candombl\u00e9, em Cuba a Santer\u00eda e a tradi\u00e7\u00e3o Lukum\u00ed preservaram elementos id\u00eanticos de adora\u00e7\u00e3o aos Orix\u00e1s, mesmo sob diferentes processos de coloniza\u00e7\u00e3o.<\/p>\n\n\n\n<h3 class=\"wp-block-heading\">\u200bConex\u00f5es hist\u00f3ricas e religiosas<\/h3>\n\n\n\n<p class=\"wp-block-paragraph\">\u200bA pesquisa da escola destaca as semelhan\u00e7as nas pr\u00e1ticas de oferendas (eb\u00f3s), nas comidas sagradas e nos assentamentos de divindades. O enredo tamb\u00e9m aborda o impacto da escravid\u00e3o em ambos os territ\u00f3rios \u2014 lembrando que Cuba e Brasil foram as duas \u00faltimas na\u00e7\u00f5es das Am\u00e9ricas a abolir formalmente o regime escravocrata (Cuba em 1886 e o Brasil em 1888).<\/p>\n\n\n\n<p class=\"wp-block-paragraph\">\u200bPara o Tuiuti, essa &#8220;identidade de espelho&#8221; entre os dois pa\u00edses ser\u00e1 traduzida em alegorias que misturam o barroco cubano com a est\u00e9tica dos terreiros baianos e fluminenses.<\/p>\n\n\n\n<h3 class=\"wp-block-heading\">\u200bPreparativos e novidades<\/h3>\n\n\n\n<p class=\"wp-block-paragraph\">\u200bNos bastidores da Cidade do Samba, a escola j\u00e1 trabalha intensamente na confec\u00e7\u00e3o das fantasias. As \u00faltimas novidades indicam uma aposta em materiais org\u00e2nicos e artesanais, como cer\u00e2mica, contas e palha, para conferir um tom mais r\u00fastico e sagrado ao desfile.<\/p>\n\n\n\n<p class=\"wp-block-paragraph\">\u200bA agremia\u00e7\u00e3o, que em 2025 homenageou Xica Manicongo (figura central da resist\u00eancia trans e ancestral), mant\u00e9m sua linha de enredos com forte carga social e pol\u00edtica. Com o tema cubano-brasileiro, a expectativa \u00e9 que o Tuiuti se consolide como uma das grandes for\u00e7as est\u00e9ticas do Grupo Especial, unindo o misticismo da religiosidade afro-caribenha ao vigor do samba carioca.<\/p>\n\n\n\n<p class=\"wp-block-paragraph\">\u200bOs ensaios de rua j\u00e1 atraem milhares de componentes no Campo de S\u00e3o Crist\u00f3v\u00e3o, onde o canto do samba-enredo \u2014 que evoca ora\u00e7\u00f5es em iorub\u00e1 e ritmos caribenhos \u2014 tem sido o ponto alto da prepara\u00e7\u00e3o para a busca pelo t\u00edtulo in\u00e9dito.<\/p>\n\n\n\n<p class=\"wp-block-paragraph\"><\/p>\n","protected":false},"excerpt":{"rendered":"<p>RIO DE JANEIRO \u2013 A tradicional escola de samba de S\u00e3o Crist\u00f3v\u00e3o, Para\u00edso do Tuiuti, promete levar para a Marqu\u00eas de Sapuca\u00ed uma conex\u00e3o profunda [&#8230;]<\/p>\n","protected":false},"author":1,"featured_media":3561,"comment_status":"open","ping_status":"open","sticky":false,"template":"","format":"standard","meta":{"_crdt_document":"","_jetpack_memberships_contains_paid_content":false,"footnotes":"","jetpack_publicize_message":"","jetpack_publicize_feature_enabled":true,"jetpack_social_post_already_shared":true,"jetpack_social_options":{"image_generator_settings":{"template":"highway","default_image_id":0,"font":"","enabled":false},"version":2}},"categories":[1],"tags":[],"class_list":["post-3560","post","type-post","status-publish","format-standard","has-post-thumbnail","hentry","category-geral"],"jetpack_publicize_connections":[],"jetpack_featured_media_url":"https:\/\/i0.wp.com\/oexpressobr.com.br\/wp-content\/uploads\/2026\/02\/tuiuti_bandeira.webp?fit=1170%2C700&ssl=1","jetpack_likes_enabled":true,"jetpack_sharing_enabled":true,"_links":{"self":[{"href":"https:\/\/oexpressobr.com.br\/index.php?rest_route=\/wp\/v2\/posts\/3560","targetHints":{"allow":["GET"]}}],"collection":[{"href":"https:\/\/oexpressobr.com.br\/index.php?rest_route=\/wp\/v2\/posts"}],"about":[{"href":"https:\/\/oexpressobr.com.br\/index.php?rest_route=\/wp\/v2\/types\/post"}],"author":[{"embeddable":true,"href":"https:\/\/oexpressobr.com.br\/index.php?rest_route=\/wp\/v2\/users\/1"}],"replies":[{"embeddable":true,"href":"https:\/\/oexpressobr.com.br\/index.php?rest_route=%2Fwp%2Fv2%2Fcomments&post=3560"}],"version-history":[{"count":1,"href":"https:\/\/oexpressobr.com.br\/index.php?rest_route=\/wp\/v2\/posts\/3560\/revisions"}],"predecessor-version":[{"id":3562,"href":"https:\/\/oexpressobr.com.br\/index.php?rest_route=\/wp\/v2\/posts\/3560\/revisions\/3562"}],"wp:featuredmedia":[{"embeddable":true,"href":"https:\/\/oexpressobr.com.br\/index.php?rest_route=\/wp\/v2\/media\/3561"}],"wp:attachment":[{"href":"https:\/\/oexpressobr.com.br\/index.php?rest_route=%2Fwp%2Fv2%2Fmedia&parent=3560"}],"wp:term":[{"taxonomy":"category","embeddable":true,"href":"https:\/\/oexpressobr.com.br\/index.php?rest_route=%2Fwp%2Fv2%2Fcategories&post=3560"},{"taxonomy":"post_tag","embeddable":true,"href":"https:\/\/oexpressobr.com.br\/index.php?rest_route=%2Fwp%2Fv2%2Ftags&post=3560"}],"curies":[{"name":"wp","href":"https:\/\/api.w.org\/{rel}","templated":true}]}}