{"id":3563,"date":"2026-02-10T20:22:09","date_gmt":"2026-02-10T23:22:09","guid":{"rendered":"https:\/\/oexpressobr.com.br\/?p=3563"},"modified":"2026-02-10T20:22:11","modified_gmt":"2026-02-10T23:22:11","slug":"bloco-zona-do-mangue-e-vila-mimosa-reunem-folioes-e-ativistas-para-combater-estigmas-contra-trabalhadoras-do-sexo-no-rio","status":"publish","type":"post","link":"https:\/\/oexpressobr.com.br\/?p=3563","title":{"rendered":"BLOCO ZONA DO MANGUE e Vila Mimosa re\u00fanem foli\u00f5es e ativistas para combater estigmas contra trabalhadoras do sexo no Rio"},"content":{"rendered":"\n<p class=\"wp-block-paragraph\"><strong>RIO DE JANEIRO<\/strong> \u2013 Sob o som de marchinhas e versos que exaltam a &#8220;pot\u00eancia da regi\u00e3o&#8221;, o tradicional Bloco Zona do Mangue desfilou pelas ruas pr\u00f3ximas \u00e0 Vila Mimosa, no Rio de Janeiro, com uma miss\u00e3o que vai al\u00e9m da folia: integrar as trabalhadoras do sexo \u00e0 festa e romper o preconceito hist\u00f3rico que recai sobre a categoria. O desfile, ocorrido nesta semana, refor\u00e7a o papel do Carnaval como espa\u00e7o de reivindica\u00e7\u00e3o pol\u00edtica e visibilidade social.<\/p>\n\n\n\n<p class=\"wp-block-paragraph\">\u200bNo topo do carro de som, o apelo era claro: &#8220;\u00c9 uma vida dif\u00edcil e elas merecem respeito&#8221;. A iniciativa, liderada por figuras como Cleide Almeida, assistente social e presidente do bloco, busca transformar a vis\u00e3o negativa que a sociedade ainda mant\u00e9m sobre a Vila Mimosa. &#8220;As pessoas precisam conhecer a hist\u00f3ria dessas mulheres, n\u00e3o as julgar. O bloco \u00e9 para derrubar tabus&#8221;, afirmou Cleide durante a concentra\u00e7\u00e3o.<\/p>\n\n\n\n<h3 class=\"wp-block-heading\">\u200bDesafios da visibilidade e o medo da exposi\u00e7\u00e3o<\/h3>\n\n\n\n<p class=\"wp-block-paragraph\">\u200bApesar do acolhimento, a integra\u00e7\u00e3o plena ainda enfrenta barreiras complexas. Muitas trabalhadoras, como Estrela, de 58 anos, preferem observar a festa \u00e0 dist\u00e2ncia, das cal\u00e7adas ou do interior dos bares. O medo de serem filmadas e o receio da exposi\u00e7\u00e3o midi\u00e1tica \u2014 que pode gerar repres\u00e1lias em seus c\u00edrculos familiares ou sociais \u2014 ainda mant\u00eam muitas profissionais afastadas do centro do cortejo.<\/p>\n\n\n\n<p class=\"wp-block-paragraph\">\u200bAl\u00e9m do estigma, fatores socioecon\u00f4micos pesam na aus\u00eancia: jornadas exaustivas, a necessidade de cuidar dos filhos e a falta de apoio financeiro para projetos sociais cont\u00ednuos na regi\u00e3o dificultam a participa\u00e7\u00e3o em atividades como oficinas de percuss\u00e3o.<\/p>\n\n\n\n<h3 class=\"wp-block-heading\">\u200bO tema ganha for\u00e7a na Sapuca\u00ed em 2026<\/h3>\n\n\n\n<p class=\"wp-block-paragraph\">\u200bA pauta da dignidade das trabalhadoras do sexo n\u00e3o ficar\u00e1 restrita aos blocos de rua. A escola de samba <strong>Unidos do Porto da Pedra<\/strong> j\u00e1 anunciou que levar\u00e1 a hist\u00f3ria da prostitui\u00e7\u00e3o para a Marqu\u00eas de Sapuca\u00ed no Carnaval de 2026. Com o enredo desenvolvido pelo carnavalesco Mauro Quintaes, a escola pretende homenagear ativistas hist\u00f3ricas como Gabriela Leite e figuras emblem\u00e1ticas como Dona Beija e Hilda Furac\u00e3o.<\/p>\n\n\n\n<p class=\"wp-block-paragraph\">\u200bO objetivo da agremia\u00e7\u00e3o de S\u00e3o Gon\u00e7alo \u00e9 mesclar informa\u00e7\u00e3o hist\u00f3rica com a luta pol\u00edtica pelos direitos das mulheres, consolidando 2026 como um ano de debate intenso sobre a regulamenta\u00e7\u00e3o e o respeito \u00e0 categoria.<\/p>\n\n\n\n<h3 class=\"wp-block-heading\">\u200bRedes de prote\u00e7\u00e3o e campanhas oficiais<\/h3>\n\n\n\n<p class=\"wp-block-paragraph\">\u200bA mobiliza\u00e7\u00e3o das trabalhadoras ocorre em paralelo a campanhas governamentais de prote\u00e7\u00e3o \u00e0 mulher. O Minist\u00e9rio das Mulheres lan\u00e7ou para este Carnaval a campanha nacional &#8220;Se liga ou eu ligo 180&#8221;, focada no enfrentamento \u00e0 viol\u00eancia e ao ass\u00e9dio. No Rio, a articula\u00e7\u00e3o entre blocos de tem\u00e1tica social e a prefeitura busca garantir que a festa seja, acima de tudo, um ambiente seguro para todas as mulheres, independentemente de sua profiss\u00e3o.<\/p>\n\n\n\n<p class=\"wp-block-paragraph\">\u200bPara os organizadores do Zona do Mangue, o desfile deste ano \u00e9 mais um passo na luta para que a Vila Mimosa seja vista n\u00e3o apenas como um ponto de prostitui\u00e7\u00e3o, mas como um territ\u00f3rio de cidadania, onde m\u00e3es, irm\u00e3s e av\u00f3s buscam sustento e, agora, o direito de tamb\u00e9m serem foli\u00e3s.<\/p>\n","protected":false},"excerpt":{"rendered":"<p>RIO DE JANEIRO \u2013 Sob o som de marchinhas e versos que exaltam a &#8220;pot\u00eancia da regi\u00e3o&#8221;, o tradicional Bloco Zona do Mangue desfilou pelas [&#8230;]<\/p>\n","protected":false},"author":1,"featured_media":3564,"comment_status":"open","ping_status":"open","sticky":false,"template":"","format":"standard","meta":{"_crdt_document":"","_jetpack_memberships_contains_paid_content":false,"footnotes":"","jetpack_publicize_message":"","jetpack_publicize_feature_enabled":true,"jetpack_social_post_already_shared":true,"jetpack_social_options":{"image_generator_settings":{"template":"highway","default_image_id":0,"font":"","enabled":false},"version":2}},"categories":[1],"tags":[],"class_list":["post-3563","post","type-post","status-publish","format-standard","has-post-thumbnail","hentry","category-geral"],"jetpack_publicize_connections":[],"jetpack_featured_media_url":"https:\/\/i0.wp.com\/oexpressobr.com.br\/wp-content\/uploads\/2026\/02\/d6a6987.webp?fit=1170%2C700&ssl=1","jetpack_likes_enabled":true,"jetpack_sharing_enabled":true,"_links":{"self":[{"href":"https:\/\/oexpressobr.com.br\/index.php?rest_route=\/wp\/v2\/posts\/3563","targetHints":{"allow":["GET"]}}],"collection":[{"href":"https:\/\/oexpressobr.com.br\/index.php?rest_route=\/wp\/v2\/posts"}],"about":[{"href":"https:\/\/oexpressobr.com.br\/index.php?rest_route=\/wp\/v2\/types\/post"}],"author":[{"embeddable":true,"href":"https:\/\/oexpressobr.com.br\/index.php?rest_route=\/wp\/v2\/users\/1"}],"replies":[{"embeddable":true,"href":"https:\/\/oexpressobr.com.br\/index.php?rest_route=%2Fwp%2Fv2%2Fcomments&post=3563"}],"version-history":[{"count":1,"href":"https:\/\/oexpressobr.com.br\/index.php?rest_route=\/wp\/v2\/posts\/3563\/revisions"}],"predecessor-version":[{"id":3565,"href":"https:\/\/oexpressobr.com.br\/index.php?rest_route=\/wp\/v2\/posts\/3563\/revisions\/3565"}],"wp:featuredmedia":[{"embeddable":true,"href":"https:\/\/oexpressobr.com.br\/index.php?rest_route=\/wp\/v2\/media\/3564"}],"wp:attachment":[{"href":"https:\/\/oexpressobr.com.br\/index.php?rest_route=%2Fwp%2Fv2%2Fmedia&parent=3563"}],"wp:term":[{"taxonomy":"category","embeddable":true,"href":"https:\/\/oexpressobr.com.br\/index.php?rest_route=%2Fwp%2Fv2%2Fcategories&post=3563"},{"taxonomy":"post_tag","embeddable":true,"href":"https:\/\/oexpressobr.com.br\/index.php?rest_route=%2Fwp%2Fv2%2Ftags&post=3563"}],"curies":[{"name":"wp","href":"https:\/\/api.w.org\/{rel}","templated":true}]}}