{"id":3569,"date":"2026-02-10T20:32:57","date_gmt":"2026-02-10T23:32:57","guid":{"rendered":"https:\/\/oexpressobr.com.br\/?p=3569"},"modified":"2026-02-10T20:32:59","modified_gmt":"2026-02-10T23:32:59","slug":"policia-federal-e-marinha-francesa-apreendem-13-tonelada-de-cocaina-e-prendem-brasileiros-em-alto-mar","status":"publish","type":"post","link":"https:\/\/oexpressobr.com.br\/?p=3569","title":{"rendered":"Pol\u00edcia Federal e Marinha Francesa apreendem 1,3 tonelada de coca\u00edna e prendem brasileiros em alto-mar"},"content":{"rendered":"\n<p class=\"wp-block-paragraph\">Uma a\u00e7\u00e3o conjunta de intelig\u00eancia internacional resultou na intercepta\u00e7\u00e3o de uma embarca\u00e7\u00e3o brasileira carregada com 1,3 tonelada de coca\u00edna no Oceano Atl\u00e2ntico. A opera\u00e7\u00e3o, detalhada nesta semana pelas autoridades, contou com a participa\u00e7\u00e3o estrat\u00e9gica da Pol\u00edcia Federal (PF) do Brasil, da Marinha Nacional da Fran\u00e7a e de ag\u00eancias de combate ao crime organizado do Reino Unido e dos Estados Unidos.<\/p>\n\n\n\n<p class=\"wp-block-paragraph\">\u200b<strong>A intercepta\u00e7\u00e3o e o preju\u00edzo ao tr\u00e1fico<\/strong><\/p>\n\n\n\n<p class=\"wp-block-paragraph\">A apreens\u00e3o ocorreu no dia 1\u00ba de fevereiro de 2026, em uma \u00e1rea mar\u00edtima externa \u00e0 costa brasileira. A carga il\u00edcita, avaliada em aproximadamente 41 milh\u00f5es de euros (cerca de R$ 253 milh\u00f5es), estava sendo transportada em uma embarca\u00e7\u00e3o de pesca. A abordagem foi executada por uma fragata da Marinha francesa, que contou com dados de intelig\u00eancia fornecidos pela PF brasileira sobre rotas mar\u00edtimas, padr\u00f5es de navega\u00e7\u00e3o e log\u00edstica criminosa.<\/p>\n\n\n\n<p class=\"wp-block-paragraph\">\u200bAl\u00e9m da Fran\u00e7a e do Brasil, colaboraram na ofensiva a ag\u00eancia brit\u00e2nica <em>National Crime Agency<\/em> (NCA) e a <em>Drug Enforcement Administration<\/em> (DEA), dos Estados Unidos. O sucesso da miss\u00e3o refor\u00e7a a import\u00e2ncia da coopera\u00e7\u00e3o transnacional para asfixiar as rotas de escoamento de drogas que utilizam o Atl\u00e2ntico como ponte para o continente europeu.<\/p>\n\n\n\n<p class=\"wp-block-paragraph\">\u200b<strong>Pris\u00f5es e desdobramentos no Cear\u00e1<\/strong><\/p>\n\n\n\n<p class=\"wp-block-paragraph\">Tr\u00eas tripulantes brasileiros que estavam a bordo foram detidos em flagrante. Ap\u00f3s a captura em alto-mar, eles foram conduzidos pela Marinha francesa e entregues \u00e0s autoridades brasileiras no Porto de Mucuripe, em Fortaleza, no \u00faltimo dia 5 de fevereiro.<\/p>\n\n\n\n<p class=\"wp-block-paragraph\">\u200bOs suspeitos foram encaminhados \u00e0 Superintend\u00eancia Regional da Pol\u00edcia Federal no Cear\u00e1, onde foram realizados os procedimentos de Pol\u00edcia Judici\u00e1ria. Os detidos devem responder pelo crime de tr\u00e1fico internacional de drogas e permanecem \u00e0 disposi\u00e7\u00e3o da Justi\u00e7a.<\/p>\n\n\n\n<p class=\"wp-block-paragraph\">\u200b<strong>Monitoramento constante<\/strong><\/p>\n\n\n\n<p class=\"wp-block-paragraph\">De acordo com notas emitidas pelos \u00f3rg\u00e3os envolvidos, o resultado desta opera\u00e7\u00e3o evidencia a vigil\u00e2ncia permanente sobre a &#8220;Amaz\u00f4nia Azul&#8221; e as \u00e1guas internacionais adjacentes. Em 2025, a Pol\u00edcia Federal j\u00e1 havia registrado um recorde de apreens\u00f5es de ativos do crime organizado, somando mais de R$ 9,5 bilh\u00f5es, e o in\u00edcio de 2026 mant\u00e9m o ritmo de repress\u00e3o ao tr\u00e1fico transnacional com grandes apreens\u00f5es como esta de 1,3 tonelada.<\/p>\n","protected":false},"excerpt":{"rendered":"<p>Uma a\u00e7\u00e3o conjunta de intelig\u00eancia internacional resultou na intercepta\u00e7\u00e3o de uma embarca\u00e7\u00e3o brasileira carregada com 1,3 tonelada de coca\u00edna no Oceano Atl\u00e2ntico. A opera\u00e7\u00e3o, detalhada [&#8230;]<\/p>\n","protected":false},"author":1,"featured_media":3570,"comment_status":"open","ping_status":"open","sticky":false,"template":"","format":"standard","meta":{"_crdt_document":"","_jetpack_memberships_contains_paid_content":false,"footnotes":"","jetpack_publicize_message":"","jetpack_publicize_feature_enabled":true,"jetpack_social_post_already_shared":true,"jetpack_social_options":{"image_generator_settings":{"template":"highway","default_image_id":0,"font":"","enabled":false},"version":2}},"categories":[9],"tags":[],"class_list":["post-3569","post","type-post","status-publish","format-standard","has-post-thumbnail","hentry","category-policia"],"jetpack_publicize_connections":[],"jetpack_featured_media_url":"https:\/\/i0.wp.com\/oexpressobr.com.br\/wp-content\/uploads\/2026\/02\/whatsapp_image_2024-09-18_at_11.21.22.webp?fit=1170%2C700&ssl=1","jetpack_likes_enabled":true,"jetpack_sharing_enabled":true,"_links":{"self":[{"href":"https:\/\/oexpressobr.com.br\/index.php?rest_route=\/wp\/v2\/posts\/3569","targetHints":{"allow":["GET"]}}],"collection":[{"href":"https:\/\/oexpressobr.com.br\/index.php?rest_route=\/wp\/v2\/posts"}],"about":[{"href":"https:\/\/oexpressobr.com.br\/index.php?rest_route=\/wp\/v2\/types\/post"}],"author":[{"embeddable":true,"href":"https:\/\/oexpressobr.com.br\/index.php?rest_route=\/wp\/v2\/users\/1"}],"replies":[{"embeddable":true,"href":"https:\/\/oexpressobr.com.br\/index.php?rest_route=%2Fwp%2Fv2%2Fcomments&post=3569"}],"version-history":[{"count":1,"href":"https:\/\/oexpressobr.com.br\/index.php?rest_route=\/wp\/v2\/posts\/3569\/revisions"}],"predecessor-version":[{"id":3571,"href":"https:\/\/oexpressobr.com.br\/index.php?rest_route=\/wp\/v2\/posts\/3569\/revisions\/3571"}],"wp:featuredmedia":[{"embeddable":true,"href":"https:\/\/oexpressobr.com.br\/index.php?rest_route=\/wp\/v2\/media\/3570"}],"wp:attachment":[{"href":"https:\/\/oexpressobr.com.br\/index.php?rest_route=%2Fwp%2Fv2%2Fmedia&parent=3569"}],"wp:term":[{"taxonomy":"category","embeddable":true,"href":"https:\/\/oexpressobr.com.br\/index.php?rest_route=%2Fwp%2Fv2%2Fcategories&post=3569"},{"taxonomy":"post_tag","embeddable":true,"href":"https:\/\/oexpressobr.com.br\/index.php?rest_route=%2Fwp%2Fv2%2Ftags&post=3569"}],"curies":[{"name":"wp","href":"https:\/\/api.w.org\/{rel}","templated":true}]}}