{"id":3572,"date":"2026-02-10T20:38:04","date_gmt":"2026-02-10T23:38:04","guid":{"rendered":"https:\/\/oexpressobr.com.br\/?p=3572"},"modified":"2026-02-10T20:38:05","modified_gmt":"2026-02-10T23:38:05","slug":"ministro-marco-buzzi-nega-importunacao-sexual-e-e-afastado-do-stj-por-unanimidade","status":"publish","type":"post","link":"https:\/\/oexpressobr.com.br\/?p=3572","title":{"rendered":"MINISTRO Marco Buzzi nega importuna\u00e7\u00e3o sexual e \u00e9 afastado do STJ por unanimidade"},"content":{"rendered":"\n<p class=\"wp-block-paragraph\"><strong>Bras\u00edlia<\/strong> \u2013 O plen\u00e1rio do Superior Tribunal de Justi\u00e7a (STJ) decidiu, em sess\u00e3o extraordin\u00e1ria realizada nesta ter\u00e7a-feira (10), pelo afastamento cautelar e imediato do ministro Marco Aur\u00e9lio Buzzi. A decis\u00e3o un\u00e2nime ocorre em meio a graves acusa\u00e7\u00f5es de importuna\u00e7\u00e3o sexual e um novo pedido de licen\u00e7a m\u00e9dica apresentado pela defesa do magistrado, que nega veementemente as irregularidades.<\/p>\n\n\n\n<p class=\"wp-block-paragraph\">\u200bO afastamento, classificado pela Corte como &#8220;tempor\u00e1rio e excepcional&#8221;, impede que o ministro utilize seu gabinete, ve\u00edculos oficiais ou exer\u00e7a qualquer prerrogativa do cargo enquanto durarem as investiga\u00e7\u00f5es. Apesar da suspens\u00e3o das fun\u00e7\u00f5es, Buzzi continuar\u00e1 recebendo o subs\u00eddio mensal integral de R$ 44.047,88, conforme prev\u00ea a Lei Org\u00e2nica da Magistratura (Loman) para casos de afastamento preventivo.<\/p>\n\n\n\n<h3 class=\"wp-block-heading\">\u200bNovos desdobramentos e licen\u00e7a m\u00e9dica<\/h3>\n\n\n\n<p class=\"wp-block-paragraph\">\u200bPouco antes da decis\u00e3o do pleno, a defesa de Buzzi apresentou um novo atestado psiqui\u00e1trico recomendando o afastamento por 90 dias. O magistrado, de 68 anos, j\u00e1 estava em licen\u00e7a m\u00e9dica desde o dia 5 de fevereiro, ap\u00f3s ser internado em Bras\u00edlia com dores no peito. Recentemente, ele passou por uma cirurgia para a coloca\u00e7\u00e3o de um marca-passo.<\/p>\n\n\n\n<p class=\"wp-block-paragraph\">\u200bEm carta enviada aos colegas de tribunal, o ministro afirmou estar &#8220;impactado&#8221; com as not\u00edcias e reiterou sua inoc\u00eancia. &#8220;Confio que, por meio de apura\u00e7\u00e3o t\u00e9cnica e imparcial, os fatos ser\u00e3o plenamente esclarecidos&#8221;, escreveu o magistrado.<\/p>\n\n\n\n<h3 class=\"wp-block-heading\">\u200bSegunda den\u00fancia no CNJ<\/h3>\n\n\n\n<p class=\"wp-block-paragraph\">\u200bO cen\u00e1rio para o ministro se agravou nesta segunda-feira (9), quando o Conselho Nacional de Justi\u00e7a (CNJ) recebeu uma segunda den\u00fancia de importuna\u00e7\u00e3o sexual contra ele. Os detalhes deste novo caso est\u00e3o sob sigilo.<\/p>\n\n\n\n<p class=\"wp-block-paragraph\">\u200bA primeira acusa\u00e7\u00e3o, que deu origem \u00e0 crise, foi feita por uma jovem de 18 anos. Segundo o relato, o epis\u00f3dio teria ocorrido em janeiro, em Balne\u00e1rio Cambori\u00fa (SC), onde a fam\u00edlia da jovem \u2014 amiga de longa data do ministro \u2014 estava hospedada na casa de praia de Buzzi. A v\u00edtima afirma que o magistrado tentou agarr\u00e1-la \u00e0 for\u00e7a em tr\u00eas ocasi\u00f5es.<\/p>\n\n\n\n<h3 class=\"wp-block-heading\">\u200bInvestiga\u00e7\u00e3o em m\u00faltiplas frentes<\/h3>\n\n\n\n<p class=\"wp-block-paragraph\">\u200bAtualmente, o caso tramita em tr\u00eas esferas distintas:<\/p>\n\n\n\n<ol class=\"wp-block-list\">\n<li>\u200b<strong>STJ:<\/strong> Uma sindic\u00e2ncia interna foi aberta para apurar a conduta \u00e9tica e administrativa. Uma nova sess\u00e3o est\u00e1 marcada para 10 de mar\u00e7o para deliberar sobre as conclus\u00f5es da comiss\u00e3o.<\/li>\n\n\n\n<li>\u200b<strong>CNJ:<\/strong> O Conselho Nacional de Justi\u00e7a conduz um procedimento administrativo que pode levar \u00e0 aposentadoria compuls\u00f3ria.<\/li>\n\n\n\n<li>\u200b<strong>STF:<\/strong> No Supremo Tribunal Federal, o ministro Nunes Marques \u00e9 o relator de uma investiga\u00e7\u00e3o criminal, necess\u00e1ria devido ao foro privilegiado de Buzzi.<\/li>\n<\/ol>\n\n\n\n<p class=\"wp-block-paragraph\">\u200bA defesa do ministro critica o que chama de &#8220;vazamentos antecipados&#8221; e afirma que o hist\u00f3rico biogr\u00e1fico de Buzzi clama por cautela na aprecia\u00e7\u00e3o das den\u00fancias. Caso as acusa\u00e7\u00f5es sejam comprovadas, o magistrado poder\u00e1 enfrentar desde a perda do cargo at\u00e9 condena\u00e7\u00f5es criminais.<\/p>\n\n\n\n<p class=\"wp-block-paragraph\"><\/p>\n","protected":false},"excerpt":{"rendered":"<p>Bras\u00edlia \u2013 O plen\u00e1rio do Superior Tribunal de Justi\u00e7a (STJ) decidiu, em sess\u00e3o extraordin\u00e1ria realizada nesta ter\u00e7a-feira (10), pelo afastamento cautelar e imediato do ministro [&#8230;]<\/p>\n","protected":false},"author":1,"featured_media":3573,"comment_status":"open","ping_status":"open","sticky":false,"template":"","format":"standard","meta":{"_crdt_document":"","_jetpack_memberships_contains_paid_content":false,"footnotes":"","jetpack_publicize_message":"","jetpack_publicize_feature_enabled":true,"jetpack_social_post_already_shared":true,"jetpack_social_options":{"image_generator_settings":{"template":"highway","default_image_id":0,"font":"","enabled":false},"version":2}},"categories":[8],"tags":[],"class_list":["post-3572","post","type-post","status-publish","format-standard","has-post-thumbnail","hentry","category-judiciario"],"jetpack_publicize_connections":[],"jetpack_featured_media_url":"https:\/\/i0.wp.com\/oexpressobr.com.br\/wp-content\/uploads\/2026\/02\/ministro_marco_buzzi_05092021.jpg_-_sergio_amaral_-_stj.webp?fit=1170%2C700&ssl=1","jetpack_likes_enabled":true,"jetpack_sharing_enabled":true,"_links":{"self":[{"href":"https:\/\/oexpressobr.com.br\/index.php?rest_route=\/wp\/v2\/posts\/3572","targetHints":{"allow":["GET"]}}],"collection":[{"href":"https:\/\/oexpressobr.com.br\/index.php?rest_route=\/wp\/v2\/posts"}],"about":[{"href":"https:\/\/oexpressobr.com.br\/index.php?rest_route=\/wp\/v2\/types\/post"}],"author":[{"embeddable":true,"href":"https:\/\/oexpressobr.com.br\/index.php?rest_route=\/wp\/v2\/users\/1"}],"replies":[{"embeddable":true,"href":"https:\/\/oexpressobr.com.br\/index.php?rest_route=%2Fwp%2Fv2%2Fcomments&post=3572"}],"version-history":[{"count":1,"href":"https:\/\/oexpressobr.com.br\/index.php?rest_route=\/wp\/v2\/posts\/3572\/revisions"}],"predecessor-version":[{"id":3574,"href":"https:\/\/oexpressobr.com.br\/index.php?rest_route=\/wp\/v2\/posts\/3572\/revisions\/3574"}],"wp:featuredmedia":[{"embeddable":true,"href":"https:\/\/oexpressobr.com.br\/index.php?rest_route=\/wp\/v2\/media\/3573"}],"wp:attachment":[{"href":"https:\/\/oexpressobr.com.br\/index.php?rest_route=%2Fwp%2Fv2%2Fmedia&parent=3572"}],"wp:term":[{"taxonomy":"category","embeddable":true,"href":"https:\/\/oexpressobr.com.br\/index.php?rest_route=%2Fwp%2Fv2%2Fcategories&post=3572"},{"taxonomy":"post_tag","embeddable":true,"href":"https:\/\/oexpressobr.com.br\/index.php?rest_route=%2Fwp%2Fv2%2Ftags&post=3572"}],"curies":[{"name":"wp","href":"https:\/\/api.w.org\/{rel}","templated":true}]}}