{"id":3575,"date":"2026-02-10T20:44:07","date_gmt":"2026-02-10T23:44:07","guid":{"rendered":"https:\/\/oexpressobr.com.br\/?p=3575"},"modified":"2026-02-10T20:44:09","modified_gmt":"2026-02-10T23:44:09","slug":"policia-federal-e-andrei-rodrigues-sufocam-o-crime-organizado-com-apreensao-recorde-de-r-95-bilhoes-em-2025","status":"publish","type":"post","link":"https:\/\/oexpressobr.com.br\/?p=3575","title":{"rendered":"Pol\u00edcia Federal e Andrei Rodrigues sufocam o crime organizado com apreens\u00e3o recorde de R$ 9,5 bilh\u00f5es em 2025"},"content":{"rendered":"\n<p class=\"wp-block-paragraph\"><strong>BRAS\u00cdLIA<\/strong> \u2013 A Pol\u00edcia Federal (PF) encerrou o ano de 2025 com um balan\u00e7o hist\u00f3rico no combate \u00e0s estruturas financeiras das fac\u00e7\u00f5es criminosas. Sob a gest\u00e3o do diretor-geral Andrei Rodrigues, a corpora\u00e7\u00e3o efetuou a apreens\u00e3o de ao menos <strong>R$ 9,5 bilh\u00f5es<\/strong> em bens e ativos, um salto significativo em rela\u00e7\u00e3o aos R$ 6,5 bilh\u00f5es registrados em 2024 e aos R$ 3 bilh\u00f5es de 2023.<\/p>\n\n\n\n<p class=\"wp-block-paragraph\">\u200bO montante bilion\u00e1rio retirado das m\u00e3os de criminosos inclui uma vasta lista de patrim\u00f4nio: im\u00f3veis de luxo, ve\u00edculos, aeronaves, embarca\u00e7\u00f5es, joias e vultosas quantias em dinheiro vivo. A estrat\u00e9gia da atual gest\u00e3o foca na &#8220;descapitaliza\u00e7\u00e3o&#8221; \u2014 o sufocamento econ\u00f4mico \u2014 como forma mais eficaz de enfraquecer o poder de influ\u00eancia e a capacidade operacional das grandes quadrilhas que atuam no Brasil e no exterior.<\/p>\n\n\n\n<h3 class=\"wp-block-heading\">\u200bOpera\u00e7\u00f5es de destaque e preju\u00edzo \u00e0s fac\u00e7\u00f5es<\/h3>\n\n\n\n<p class=\"wp-block-paragraph\">\u200bEntre os destaques do ano, as opera\u00e7\u00f5es <strong>Quasar, Tank e Carbono Oculto<\/strong>, deflagradas em agosto de 2025, foram fundamentais para atingir essa marca. As a\u00e7\u00f5es miraram esquemas sofisticados de lavagem de dinheiro e fraudes no setor de combust\u00edveis, envolvendo at\u00e9 o uso de <em>fintechs<\/em> e fundos de investimento para ocultar patrim\u00f4nio ligado ao Primeiro Comando da Capital (PCC). Apenas nessa ofensiva, movimenta\u00e7\u00f5es il\u00edcitas bilion\u00e1rias foram desarticuladas, revelando a infiltra\u00e7\u00e3o do crime na economia formal.<\/p>\n\n\n\n<h3 class=\"wp-block-heading\">\u200bRaio-X da produtividade em 2025<\/h3>\n\n\n\n<p class=\"wp-block-paragraph\">\u200bAl\u00e9m do impacto financeiro, o balan\u00e7o anual da PF detalhou outros n\u00fameros da repress\u00e3o \u00e0 criminalidade:<\/p>\n\n\n\n<ul class=\"wp-block-list\">\n<li>\u200b<strong>Apreens\u00f5es de drogas:<\/strong> Cerca de 73,1 toneladas de coca\u00edna e mais de 721 toneladas de maconha foram retiradas de circula\u00e7\u00e3o (al\u00e9m de 562 toneladas erradicadas).<\/li>\n\n\n\n<li>\u200b<strong>Pris\u00f5es:<\/strong> A corpora\u00e7\u00e3o efetuou quase 26 mil pris\u00f5es ao longo do ano.<\/li>\n\n\n\n<li>\u200b<strong>Combate a crimes ambientais:<\/strong> Houve uma redu\u00e7\u00e3o de aproximadamente 11% no desmatamento tanto na Amaz\u00f4nia Legal quanto no Cerrado, fruto de opera\u00e7\u00f5es intensivas e da inaugura\u00e7\u00e3o do Centro de Coopera\u00e7\u00e3o Policial Internacional (CCPI) da Amaz\u00f4nia.<\/li>\n\n\n\n<li>\u200b<strong>Investiga\u00e7\u00f5es:<\/strong> Foram instaurados 44.091 novos inqu\u00e9ritos, com um \u00edndice de solu\u00e7\u00e3o de casos batendo a marca de 85,25%.<\/li>\n<\/ul>\n\n\n\n<h3 class=\"wp-block-heading\">\u200bO foco no poder econ\u00f4mico<\/h3>\n\n\n\n<p class=\"wp-block-paragraph\">\u200bPara o diretor-geral Andrei Rodrigues, os resultados refletem um esfor\u00e7o integrado e o uso crescente de tecnologia. &#8220;Estamos vindo em uma crescente neste grande esfor\u00e7o para tirar poder do crime organizado, enfrentando seu poder econ\u00f4mico&#8221;, afirmou Rodrigues durante a apresenta\u00e7\u00e3o dos dados.<\/p>\n\n\n\n<p class=\"wp-block-paragraph\">\u200bA corpora\u00e7\u00e3o contou com um or\u00e7amento discricion\u00e1rio de R$ 1,93 bilh\u00e3o em 2025, com investimentos pesados em Tecnologia da Informa\u00e7\u00e3o (cerca de R$ 749 milh\u00f5es), o que permitiu rastrear transa\u00e7\u00f5es financeiras complexas que anteriormente passavam despercebidas pelo radar das autoridades.<\/p>\n\n\n\n<p class=\"wp-block-paragraph\">\u200bCom a consolida\u00e7\u00e3o dessas estrat\u00e9gias, a Pol\u00edcia Federal projeta para 2026 uma intensifica\u00e7\u00e3o ainda maior nas a\u00e7\u00f5es de intelig\u00eancia financeira e na coopera\u00e7\u00e3o internacional para captura de foragidos e recupera\u00e7\u00e3o de ativos desviados para o exterior.<\/p>\n\n\n\n<p class=\"wp-block-paragraph\"><\/p>\n","protected":false},"excerpt":{"rendered":"<p>BRAS\u00cdLIA \u2013 A Pol\u00edcia Federal (PF) encerrou o ano de 2025 com um balan\u00e7o hist\u00f3rico no combate \u00e0s estruturas financeiras das fac\u00e7\u00f5es criminosas. Sob a [&#8230;]<\/p>\n","protected":false},"author":1,"featured_media":3576,"comment_status":"open","ping_status":"open","sticky":false,"template":"","format":"standard","meta":{"_crdt_document":"","_jetpack_memberships_contains_paid_content":false,"footnotes":"","jetpack_publicize_message":"","jetpack_publicize_feature_enabled":true,"jetpack_social_post_already_shared":true,"jetpack_social_options":{"image_generator_settings":{"template":"highway","default_image_id":0,"font":"","enabled":false},"version":2}},"categories":[9],"tags":[],"class_list":["post-3575","post","type-post","status-publish","format-standard","has-post-thumbnail","hentry","category-policia"],"jetpack_publicize_connections":[],"jetpack_featured_media_url":"https:\/\/i0.wp.com\/oexpressobr.com.br\/wp-content\/uploads\/2026\/02\/e8e869bd-164b-4222-ae7a-096498629ae9.webp?fit=1170%2C700&ssl=1","jetpack_likes_enabled":true,"jetpack_sharing_enabled":true,"_links":{"self":[{"href":"https:\/\/oexpressobr.com.br\/index.php?rest_route=\/wp\/v2\/posts\/3575","targetHints":{"allow":["GET"]}}],"collection":[{"href":"https:\/\/oexpressobr.com.br\/index.php?rest_route=\/wp\/v2\/posts"}],"about":[{"href":"https:\/\/oexpressobr.com.br\/index.php?rest_route=\/wp\/v2\/types\/post"}],"author":[{"embeddable":true,"href":"https:\/\/oexpressobr.com.br\/index.php?rest_route=\/wp\/v2\/users\/1"}],"replies":[{"embeddable":true,"href":"https:\/\/oexpressobr.com.br\/index.php?rest_route=%2Fwp%2Fv2%2Fcomments&post=3575"}],"version-history":[{"count":1,"href":"https:\/\/oexpressobr.com.br\/index.php?rest_route=\/wp\/v2\/posts\/3575\/revisions"}],"predecessor-version":[{"id":3577,"href":"https:\/\/oexpressobr.com.br\/index.php?rest_route=\/wp\/v2\/posts\/3575\/revisions\/3577"}],"wp:featuredmedia":[{"embeddable":true,"href":"https:\/\/oexpressobr.com.br\/index.php?rest_route=\/wp\/v2\/media\/3576"}],"wp:attachment":[{"href":"https:\/\/oexpressobr.com.br\/index.php?rest_route=%2Fwp%2Fv2%2Fmedia&parent=3575"}],"wp:term":[{"taxonomy":"category","embeddable":true,"href":"https:\/\/oexpressobr.com.br\/index.php?rest_route=%2Fwp%2Fv2%2Fcategories&post=3575"},{"taxonomy":"post_tag","embeddable":true,"href":"https:\/\/oexpressobr.com.br\/index.php?rest_route=%2Fwp%2Fv2%2Ftags&post=3575"}],"curies":[{"name":"wp","href":"https:\/\/api.w.org\/{rel}","templated":true}]}}