{"id":3578,"date":"2026-02-10T20:49:15","date_gmt":"2026-02-10T23:49:15","guid":{"rendered":"https:\/\/oexpressobr.com.br\/?p=3578"},"modified":"2026-02-10T20:49:16","modified_gmt":"2026-02-10T23:49:16","slug":"moro-insiste-em-candidatura-ao-governo-do-parana-e-desafia-veto-do-pp-na-federacao","status":"publish","type":"post","link":"https:\/\/oexpressobr.com.br\/?p=3578","title":{"rendered":"MORO insiste em candidatura ao governo do Paran\u00e1 e desafia veto do PP na federa\u00e7\u00e3o"},"content":{"rendered":"\n<p class=\"wp-block-paragraph\"><strong>CURITIBA<\/strong> \u2013 O cen\u00e1rio pol\u00edtico paranaense subiu de temperatura nesta semana com o endurecimento do embate entre o senador <strong>Sergio Moro (Uni\u00e3o-PR)<\/strong> e a c\u00fapula do <strong>Progressistas (PP)<\/strong>. Mesmo ap\u00f3s o diret\u00f3rio estadual do PP ratificar, por unanimidade, o veto ao seu nome, Moro declarou que sua pr\u00e9-candidatura ao Pal\u00e1cio Igua\u00e7u \u00e9 &#8220;irrevers\u00edvel&#8221; dentro da federa\u00e7\u00e3o <strong>Uni\u00e3o Progressista<\/strong>.<\/p>\n\n\n\n<p class=\"wp-block-paragraph\">\u200bO impasse coloca em xeque a estabilidade da rec\u00e9m-formada &#8220;superfedera\u00e7\u00e3o&#8221; entre Uni\u00e3o Brasil e PP, que projeta ser a maior for\u00e7a pol\u00edtica do pa\u00eds em 2026. Enquanto Moro se ampara na lideran\u00e7a das pesquisas de inten\u00e7\u00e3o de voto e no respaldo de <strong>Antonio Rueda<\/strong>, presidente nacional do Uni\u00e3o Brasil, as lideran\u00e7as do PP no Paran\u00e1, capitaneadas pelo deputado federal <strong>Ricardo Barros<\/strong>, mant\u00eam o bloqueio.<\/p>\n\n\n\n<h3 class=\"wp-block-heading\">\u200bOs pontos centrais do conflito<\/h3>\n\n\n\n<p class=\"wp-block-paragraph\">\u200bA resist\u00eancia do PP n\u00e3o \u00e9 apenas protocolar, mas estrat\u00e9gica. O partido est\u00e1 profundamente alinhado \u00e0 base de apoio do atual governador <strong>Ratinho J\u00fanior (PSD)<\/strong>, que planeja lan\u00e7ar um sucessor pr\u00f3prio \u2014 nomes como <strong>Alexandre Curi<\/strong> e <strong>Rafael Greca<\/strong> (que estaria em conversas com o PP) aparecem no radar.<\/p>\n\n\n\n<ul class=\"wp-block-list\">\n<li>\u200b<strong>Argumento do PP:<\/strong> Ricardo Barros afirma que Moro possui uma &#8220;incapacidade de articula\u00e7\u00e3o pol\u00edtica&#8221; e que n\u00e3o conseguiu atrair a milit\u00e2ncia progressista. A legenda teme que a imposi\u00e7\u00e3o do nome de Moro cause uma debandada de deputados estaduais e federais.<\/li>\n\n\n\n<li>\u200b<strong>Argumento de Moro:<\/strong> O senador classifica os vetos como &#8220;arbitr\u00e1rios&#8221; e sustenta que a federa\u00e7\u00e3o deve priorizar nomes competitivos. Ele aposta na press\u00e3o da c\u00fapula nacional para dobrar o diret\u00f3rio estadual.<\/li>\n<\/ul>\n\n\n\n<h3 class=\"wp-block-heading\">\u200bRegras do jogo e poss\u00edveis sa\u00eddas<\/h3>\n\n\n\n<p class=\"wp-block-paragraph\">\u200bPelo estatuto das federa\u00e7\u00f5es, o registro de candidaturas majorit\u00e1rias exige consenso entre os partidos integrantes. Sem a assinatura de <strong>Ciro Nogueira<\/strong>, presidente nacional do PP, Moro ficaria impedido legalmente de disputar o governo pela coliga\u00e7\u00e3o.<\/p>\n\n\n\n<blockquote class=\"wp-block-quote is-layout-flow wp-block-quote-is-layout-flow\">\n<p class=\"wp-block-paragraph\">\u200b&#8221;Se n\u00e3o tiver consenso, n\u00e3o tem candidatura. O senador ter\u00e1 que procurar outro partido se quiser manter o projeto&#8221;, disparou Ricardo Barros em declara\u00e7\u00f5es recentes.<\/p>\n<\/blockquote>\n\n\n\n<p class=\"wp-block-paragraph\">\u200bAnalistas pol\u00edticos apontam que, caso o isolamento persista, Moro poder\u00e1 ser for\u00e7ado a uma <strong>mudan\u00e7a de legenda<\/strong> durante a janela partid\u00e1ria ou focar na manuten\u00e7\u00e3o de seu mandato no Senado, onde ainda possui quatro anos de estabilidade.<\/p>\n\n\n\n<h3 class=\"wp-block-heading\">\u200bO que esperar a seguir?<\/h3>\n\n\n\n<p class=\"wp-block-paragraph\">\u200bAs pr\u00f3ximas semanas ser\u00e3o de intensas reuni\u00f5es em Bras\u00edlia. O presidente do Uni\u00e3o Brasil, Antonio Rueda, prometeu mediar o conflito, mas o PP paranaense j\u00e1 avisou que n\u00e3o aceitar\u00e1 interven\u00e7\u00e3o nacional em uma decis\u00e3o que consideram soberana do diret\u00f3rio estadual.<\/p>\n\n\n\n<p class=\"wp-block-paragraph\"><\/p>\n","protected":false},"excerpt":{"rendered":"<p>CURITIBA \u2013 O cen\u00e1rio pol\u00edtico paranaense subiu de temperatura nesta semana com o endurecimento do embate entre o senador Sergio Moro (Uni\u00e3o-PR) e a c\u00fapula [&#8230;]<\/p>\n","protected":false},"author":1,"featured_media":3579,"comment_status":"open","ping_status":"open","sticky":false,"template":"","format":"standard","meta":{"_crdt_document":"","_jetpack_memberships_contains_paid_content":false,"footnotes":"","jetpack_publicize_message":"","jetpack_publicize_feature_enabled":true,"jetpack_social_post_already_shared":true,"jetpack_social_options":{"image_generator_settings":{"template":"highway","default_image_id":0,"font":"","enabled":false},"version":2}},"categories":[5],"tags":[],"class_list":["post-3578","post","type-post","status-publish","format-standard","has-post-thumbnail","hentry","category-parana"],"jetpack_publicize_connections":[],"jetpack_featured_media_url":"https:\/\/i0.wp.com\/oexpressobr.com.br\/wp-content\/uploads\/2026\/02\/IMG-20260210-WA0222.jpg?fit=800%2C1000&ssl=1","jetpack_likes_enabled":true,"jetpack_sharing_enabled":true,"_links":{"self":[{"href":"https:\/\/oexpressobr.com.br\/index.php?rest_route=\/wp\/v2\/posts\/3578","targetHints":{"allow":["GET"]}}],"collection":[{"href":"https:\/\/oexpressobr.com.br\/index.php?rest_route=\/wp\/v2\/posts"}],"about":[{"href":"https:\/\/oexpressobr.com.br\/index.php?rest_route=\/wp\/v2\/types\/post"}],"author":[{"embeddable":true,"href":"https:\/\/oexpressobr.com.br\/index.php?rest_route=\/wp\/v2\/users\/1"}],"replies":[{"embeddable":true,"href":"https:\/\/oexpressobr.com.br\/index.php?rest_route=%2Fwp%2Fv2%2Fcomments&post=3578"}],"version-history":[{"count":1,"href":"https:\/\/oexpressobr.com.br\/index.php?rest_route=\/wp\/v2\/posts\/3578\/revisions"}],"predecessor-version":[{"id":3580,"href":"https:\/\/oexpressobr.com.br\/index.php?rest_route=\/wp\/v2\/posts\/3578\/revisions\/3580"}],"wp:featuredmedia":[{"embeddable":true,"href":"https:\/\/oexpressobr.com.br\/index.php?rest_route=\/wp\/v2\/media\/3579"}],"wp:attachment":[{"href":"https:\/\/oexpressobr.com.br\/index.php?rest_route=%2Fwp%2Fv2%2Fmedia&parent=3578"}],"wp:term":[{"taxonomy":"category","embeddable":true,"href":"https:\/\/oexpressobr.com.br\/index.php?rest_route=%2Fwp%2Fv2%2Fcategories&post=3578"},{"taxonomy":"post_tag","embeddable":true,"href":"https:\/\/oexpressobr.com.br\/index.php?rest_route=%2Fwp%2Fv2%2Ftags&post=3578"}],"curies":[{"name":"wp","href":"https:\/\/api.w.org\/{rel}","templated":true}]}}