{"id":3588,"date":"2026-02-10T21:03:07","date_gmt":"2026-02-11T00:03:07","guid":{"rendered":"https:\/\/oexpressobr.com.br\/?p=3588"},"modified":"2026-02-10T21:03:08","modified_gmt":"2026-02-11T00:03:08","slug":"policia-civil-prende-nove-pessoas-e-desarticula-esquema-de-trafico-liderado-por-idosa-de-69-anos-em-curitiba-e-regiao","status":"publish","type":"post","link":"https:\/\/oexpressobr.com.br\/?p=3588","title":{"rendered":"Pol\u00edcia Civil prende nove pessoas e desarticula esquema de tr\u00e1fico liderado por idosa de 69 anos em Curitiba e Regi\u00e3o"},"content":{"rendered":"\n<p class=\"wp-block-paragraph\">Uma opera\u00e7\u00e3o deflagrada pela Pol\u00edcia Civil do Paran\u00e1 (PC-PR) nesta ter\u00e7a-feira (10) revelou uma estrutura criminosa surpreendente operando na capital e em Fazenda Rio Grande. A a\u00e7\u00e3o, que visava combater o tr\u00e1fico de drogas e a lavagem de dinheiro, resultou na pris\u00e3o de nove suspeitos, mas o que chamou a aten\u00e7\u00e3o das autoridades foi o perfil da lideran\u00e7a: uma <strong>idosa de 69 anos<\/strong>, apontada como a mentora do grupo.<\/p>\n\n\n\n<h3 class=\"wp-block-heading\">\u200bO esquema e as investiga\u00e7\u00f5es<\/h3>\n\n\n\n<p class=\"wp-block-paragraph\">\u200bSegundo as investiga\u00e7\u00f5es, que duraram meses, o grupo operava de forma organizada, utilizando contas banc\u00e1rias e possivelmente empresas de fachada para ocultar a origem il\u00edcita dos recursos obtidos com a venda de entorpecentes.<\/p>\n\n\n\n<p class=\"wp-block-paragraph\">\u200bA PC-PR informou que a opera\u00e7\u00e3o \u00e9 um desdobramento de monitoramentos cont\u00ednuos contra o crime organizado na Regi\u00e3o Metropolitana de Curitiba. Durante o cumprimento dos mandados de pris\u00e3o e de busca e apreens\u00e3o, foram confiscados materiais que comprovam a movimenta\u00e7\u00e3o financeira do bando.<\/p>\n\n\n\n<ul class=\"wp-block-list\">\n<li>\u200b<strong>Locais da Opera\u00e7\u00e3o:<\/strong> Curitiba e Fazenda Rio Grande.<\/li>\n\n\n\n<li>\u200b<strong>Total de Presos:<\/strong> 9 pessoas.<\/li>\n\n\n\n<li>\u200b<strong>Perfil da L\u00edder:<\/strong> Mulher, 69 anos, respons\u00e1vel pela coordena\u00e7\u00e3o log\u00edstica e financeira.<\/li>\n<\/ul>\n\n\n\n<h3 class=\"wp-block-heading\">\u200b&#8221;Vov\u00f3 do Crime&#8221;<\/h3>\n\n\n\n<p class=\"wp-block-paragraph\">\u200bA participa\u00e7\u00e3o de uma idosa no topo da hierarquia refor\u00e7a uma tend\u00eancia que as autoridades t\u00eam observado: o uso de perfis &#8220;insuspeitos&#8221; para gerir o caixa das organiza\u00e7\u00f5es criminosas, tentando evitar a aten\u00e7\u00e3o direta das for\u00e7as de seguran\u00e7a. No entanto, o servi\u00e7o de intelig\u00eancia conseguiu rastrear o fluxo do dinheiro at\u00e9 a resid\u00eancia da suspeita.<\/p>\n\n\n\n<blockquote class=\"wp-block-quote is-layout-flow wp-block-quote-is-layout-flow\">\n<p class=\"wp-block-paragraph\">\u200b&#8221;A lavagem de dinheiro \u00e9 o bra\u00e7o que mant\u00e9m o tr\u00e1fico vivo. Cortar o fluxo financeiro e prender quem coordena essas contas \u00e9 o nosso principal objetivo&#8221;, destacou a equipe de investiga\u00e7\u00e3o.<\/p>\n<\/blockquote>\n\n\n\n<p class=\"wp-block-paragraph\">\u200bOs detidos foram encaminhados ao sistema prisional e devem responder pelos crimes de <strong>tr\u00e1fico de drogas<\/strong>, <strong>associa\u00e7\u00e3o para o tr\u00e1fico<\/strong> e <strong>lavagem de dinheiro<\/strong>. A pol\u00edcia agora trabalha para identificar outros membros da rede e poss\u00edveis bens adquiridos com o lucro do crime.<\/p>\n","protected":false},"excerpt":{"rendered":"<p>Uma opera\u00e7\u00e3o deflagrada pela Pol\u00edcia Civil do Paran\u00e1 (PC-PR) nesta ter\u00e7a-feira (10) revelou uma estrutura criminosa surpreendente operando na capital e em Fazenda Rio Grande. [&#8230;]<\/p>\n","protected":false},"author":1,"featured_media":3589,"comment_status":"open","ping_status":"open","sticky":false,"template":"","format":"standard","meta":{"_crdt_document":"","_jetpack_memberships_contains_paid_content":false,"footnotes":"","jetpack_publicize_message":"","jetpack_publicize_feature_enabled":true,"jetpack_social_post_already_shared":true,"jetpack_social_options":{"image_generator_settings":{"template":"highway","default_image_id":0,"font":"","enabled":false},"version":2}},"categories":[9],"tags":[],"class_list":["post-3588","post","type-post","status-publish","format-standard","has-post-thumbnail","hentry","category-policia"],"jetpack_publicize_connections":[],"jetpack_featured_media_url":"https:\/\/i0.wp.com\/oexpressobr.com.br\/wp-content\/uploads\/2026\/02\/whatsapp-image-2026-02-10-at-10.31.34.jpeg?fit=984%2C554&ssl=1","jetpack_likes_enabled":true,"jetpack_sharing_enabled":true,"_links":{"self":[{"href":"https:\/\/oexpressobr.com.br\/index.php?rest_route=\/wp\/v2\/posts\/3588","targetHints":{"allow":["GET"]}}],"collection":[{"href":"https:\/\/oexpressobr.com.br\/index.php?rest_route=\/wp\/v2\/posts"}],"about":[{"href":"https:\/\/oexpressobr.com.br\/index.php?rest_route=\/wp\/v2\/types\/post"}],"author":[{"embeddable":true,"href":"https:\/\/oexpressobr.com.br\/index.php?rest_route=\/wp\/v2\/users\/1"}],"replies":[{"embeddable":true,"href":"https:\/\/oexpressobr.com.br\/index.php?rest_route=%2Fwp%2Fv2%2Fcomments&post=3588"}],"version-history":[{"count":1,"href":"https:\/\/oexpressobr.com.br\/index.php?rest_route=\/wp\/v2\/posts\/3588\/revisions"}],"predecessor-version":[{"id":3590,"href":"https:\/\/oexpressobr.com.br\/index.php?rest_route=\/wp\/v2\/posts\/3588\/revisions\/3590"}],"wp:featuredmedia":[{"embeddable":true,"href":"https:\/\/oexpressobr.com.br\/index.php?rest_route=\/wp\/v2\/media\/3589"}],"wp:attachment":[{"href":"https:\/\/oexpressobr.com.br\/index.php?rest_route=%2Fwp%2Fv2%2Fmedia&parent=3588"}],"wp:term":[{"taxonomy":"category","embeddable":true,"href":"https:\/\/oexpressobr.com.br\/index.php?rest_route=%2Fwp%2Fv2%2Fcategories&post=3588"},{"taxonomy":"post_tag","embeddable":true,"href":"https:\/\/oexpressobr.com.br\/index.php?rest_route=%2Fwp%2Fv2%2Ftags&post=3588"}],"curies":[{"name":"wp","href":"https:\/\/api.w.org\/{rel}","templated":true}]}}