{"id":3591,"date":"2026-02-10T21:08:27","date_gmt":"2026-02-11T00:08:27","guid":{"rendered":"https:\/\/oexpressobr.com.br\/?p=3591"},"modified":"2026-02-10T21:08:28","modified_gmt":"2026-02-11T00:08:28","slug":"governo-lula-libera-recorde-de-r-15-bi-em-emendas-no-inicio-de-2026-para-estreitar-lacos-com-o-congresso","status":"publish","type":"post","link":"https:\/\/oexpressobr.com.br\/?p=3591","title":{"rendered":"Governo Lula libera recorde de R$ 1,5 bi em emendas no in\u00edcio de 2026 para estreitar la\u00e7os com o Congresso"},"content":{"rendered":"\n<p class=\"wp-block-paragraph\"><strong>BRAS\u00cdLIA<\/strong> \u2013 Em um movimento estrat\u00e9gico para garantir governabilidade e evitar atritos com o Legislativo, o governo do presidente <strong>Luiz In\u00e1cio Lula da Silva<\/strong> atingiu um volume recorde de libera\u00e7\u00e3o de emendas parlamentares no primeiro bimestre de 2026. Segundo dados do portal <strong>Siga Brasil<\/strong>, o montante pago at\u00e9 a primeira semana de fevereiro somou <strong>R$ 1,5 bilh\u00e3o<\/strong>, o maior valor registrado para o per\u00edodo desde o in\u00edcio da s\u00e9rie hist\u00f3rica em 2016.<\/p>\n\n\n\n<p class=\"wp-block-paragraph\">\u200bO desempenho impressiona pela velocidade: a cifra \u00e9 mais que o dobro dos <strong>R$ 634,5 milh\u00f5es<\/strong> liberados no mesmo intervalo de 2025. O recorde anterior para o in\u00edcio de ano pertencia a 2021, quando o ent\u00e3o governo desembolsou cerca de R$ 770 milh\u00f5es.<\/p>\n\n\n\n<h3 class=\"wp-block-heading\">\u200bBlindagem pol\u00edtica em ano eleitoral<\/h3>\n\n\n\n<p class=\"wp-block-paragraph\">\u200bA acelera\u00e7\u00e3o nos pagamentos ocorre em um momento crucial. Com as <strong>elei\u00e7\u00f5es de 2026<\/strong> no horizonte, o Pal\u00e1cio do Planalto busca pacificar sua base e atrair o apoio do Centr\u00e3o para pautas econ\u00f4micas priorit\u00e1rias.<\/p>\n\n\n\n<ul class=\"wp-block-list\">\n<li>\u200b<strong>Fim da indisposi\u00e7\u00e3o:<\/strong> Ap\u00f3s cr\u00edticas severas em 2025 sobre a lentid\u00e3o na execu\u00e7\u00e3o das verbas, a equipe de articula\u00e7\u00e3o pol\u00edtica mudou a estrat\u00e9gia.<\/li>\n\n\n\n<li>\u200b<strong>Cumprimento de acordos:<\/strong> O governo empenhou cerca de 97% das emendas de 2025 at\u00e9 o fim de dezembro, o que permitiu que o fluxo de pagamentos (restos a pagar) ganhasse tra\u00e7\u00e3o imediata neste ano.<\/li>\n\n\n\n<li>\u200b<strong>Legisla\u00e7\u00e3o rigorosa:<\/strong> A Lei de Diretrizes Or\u00e7ament\u00e1rias (LDO) de 2026 imp\u00f5e que ao menos <strong>65% das emendas impositivas<\/strong> sejam quitadas at\u00e9 junho, antes do in\u00edcio das restri\u00e7\u00f5es do per\u00edodo eleitoral.<\/li>\n<\/ul>\n\n\n\n<h3 class=\"wp-block-heading\">\u200bImpacto nos minist\u00e9rios<\/h3>\n\n\n\n<p class=\"wp-block-paragraph\">\u200bA depend\u00eancia das emendas parlamentares para a execu\u00e7\u00e3o de pol\u00edticas p\u00fablicas atingiu n\u00edveis in\u00e9ditos. Em cinco pastas, as emendas j\u00e1 respondem por mais de um ter\u00e7o do or\u00e7amento discricion\u00e1rio (verba para investimentos).<\/p>\n\n\n\n<p class=\"wp-block-paragraph\">\u200bNo <strong>Minist\u00e9rio do Turismo<\/strong>, por exemplo, o controle parlamentar sobre os recursos \u00e9 quase absoluto, chegando a <strong>68,7%<\/strong> da verba livre da pasta. Outros setores como Cidades e Integra\u00e7\u00e3o Nacional tamb\u00e9m apresentam alta concentra\u00e7\u00e3o de recursos carimbados por deputados e senadores.<\/p>\n\n\n\n<blockquote class=\"wp-block-quote is-layout-flow wp-block-quote-is-layout-flow\">\n<p class=\"wp-block-paragraph\">\u200b&#8221;A libera\u00e7\u00e3o recorde busca recompor a rela\u00e7\u00e3o com o Congresso e garantir que obras nos munic\u00edpios n\u00e3o fiquem paradas durante o ano de sucess\u00e3o eleitoral&#8221;, afirmam integrantes da articula\u00e7\u00e3o governista.<\/p>\n<\/blockquote>\n\n\n\n<h3 class=\"wp-block-heading\">\u200bTranspar\u00eancia e fiscaliza\u00e7\u00e3o<\/h3>\n\n\n\n<p class=\"wp-block-paragraph\">\u200bApesar da agilidade, o processo segue sob a lupa do <strong>Supremo Tribunal Federal (STF)<\/strong> e do <strong>Tribunal de Contas da Uni\u00e3o (TCU)<\/strong>. Recentemente, o TCU apontou desafios na execu\u00e7\u00e3o, citando que a volatilidade or\u00e7ament\u00e1ria causada pelas emendas pode prejudicar o planejamento de longo prazo dos minist\u00e9rios. Em resposta, o Planalto tem refor\u00e7ado crit\u00e9rios t\u00e9cnicos e exig\u00eancias de transpar\u00eancia para evitar novos bloqueios judiciais.<\/p>\n","protected":false},"excerpt":{"rendered":"<p>BRAS\u00cdLIA \u2013 Em um movimento estrat\u00e9gico para garantir governabilidade e evitar atritos com o Legislativo, o governo do presidente Luiz In\u00e1cio Lula da Silva atingiu [&#8230;]<\/p>\n","protected":false},"author":1,"featured_media":3592,"comment_status":"open","ping_status":"open","sticky":false,"template":"","format":"standard","meta":{"_crdt_document":"","_jetpack_memberships_contains_paid_content":false,"footnotes":"","jetpack_publicize_message":"","jetpack_publicize_feature_enabled":true,"jetpack_social_post_already_shared":true,"jetpack_social_options":{"image_generator_settings":{"template":"highway","default_image_id":0,"font":"","enabled":false},"version":2}},"categories":[3],"tags":[],"class_list":["post-3591","post","type-post","status-publish","format-standard","has-post-thumbnail","hentry","category-brasil"],"jetpack_publicize_connections":[],"jetpack_featured_media_url":"https:\/\/i0.wp.com\/oexpressobr.com.br\/wp-content\/uploads\/2026\/02\/17705839286988f7780932b_1770583928_3x2_xl.jpg?fit=1200%2C800&ssl=1","jetpack_likes_enabled":true,"jetpack_sharing_enabled":true,"_links":{"self":[{"href":"https:\/\/oexpressobr.com.br\/index.php?rest_route=\/wp\/v2\/posts\/3591","targetHints":{"allow":["GET"]}}],"collection":[{"href":"https:\/\/oexpressobr.com.br\/index.php?rest_route=\/wp\/v2\/posts"}],"about":[{"href":"https:\/\/oexpressobr.com.br\/index.php?rest_route=\/wp\/v2\/types\/post"}],"author":[{"embeddable":true,"href":"https:\/\/oexpressobr.com.br\/index.php?rest_route=\/wp\/v2\/users\/1"}],"replies":[{"embeddable":true,"href":"https:\/\/oexpressobr.com.br\/index.php?rest_route=%2Fwp%2Fv2%2Fcomments&post=3591"}],"version-history":[{"count":1,"href":"https:\/\/oexpressobr.com.br\/index.php?rest_route=\/wp\/v2\/posts\/3591\/revisions"}],"predecessor-version":[{"id":3593,"href":"https:\/\/oexpressobr.com.br\/index.php?rest_route=\/wp\/v2\/posts\/3591\/revisions\/3593"}],"wp:featuredmedia":[{"embeddable":true,"href":"https:\/\/oexpressobr.com.br\/index.php?rest_route=\/wp\/v2\/media\/3592"}],"wp:attachment":[{"href":"https:\/\/oexpressobr.com.br\/index.php?rest_route=%2Fwp%2Fv2%2Fmedia&parent=3591"}],"wp:term":[{"taxonomy":"category","embeddable":true,"href":"https:\/\/oexpressobr.com.br\/index.php?rest_route=%2Fwp%2Fv2%2Fcategories&post=3591"},{"taxonomy":"post_tag","embeddable":true,"href":"https:\/\/oexpressobr.com.br\/index.php?rest_route=%2Fwp%2Fv2%2Ftags&post=3591"}],"curies":[{"name":"wp","href":"https:\/\/api.w.org\/{rel}","templated":true}]}}