{"id":3597,"date":"2026-02-11T11:50:20","date_gmt":"2026-02-11T14:50:20","guid":{"rendered":"https:\/\/oexpressobr.com.br\/?p=3597"},"modified":"2026-02-11T11:50:21","modified_gmt":"2026-02-11T14:50:21","slug":"sergio-moro-lidera-pesquisas-e-impoe-impasse-a-ricardo-barros-na-disputa-pelo-governo-do-parana","status":"publish","type":"post","link":"https:\/\/oexpressobr.com.br\/?p=3597","title":{"rendered":"S\u00e9rgio Moro lidera pesquisas e imp\u00f5e impasse a Ricardo Barros na disputa pelo Governo do Paran\u00e1"},"content":{"rendered":"\n<p class=\"wp-block-paragraph\"><strong>CURITIBA<\/strong> \u2013 O cen\u00e1rio pol\u00edtico paranaense para 2026 registra uma temperatura elevada nos bastidores, com o senador S\u00e9rgio Moro (Uni\u00e3o Brasil) consolidando sua posi\u00e7\u00e3o como favorito nas pesquisas de inten\u00e7\u00e3o de voto, enquanto trava um bra\u00e7o de ferro com o deputado federal Ricardo Barros (PP). A principal queda de bra\u00e7o gira em torno do controle da Federa\u00e7\u00e3o Progressista (formada por Uni\u00e3o Brasil e PP), onde Moro busca viabilizar sua candidatura ao Pal\u00e1cio Igua\u00e7u, atropelando as pretens\u00f5es de Barros de lan\u00e7ar sua esposa, a ex-governadora Cida Borghetti, ao cargo.<\/p>\n\n\n\n<p class=\"wp-block-paragraph\">\u200bDe acordo com os levantamentos mais recentes do instituto Paran\u00e1 Pesquisas, divulgados entre o final de janeiro e o in\u00edcio de fevereiro de 2026, S\u00e9rgio Moro aparece com ampla vantagem em todos os cen\u00e1rios simulados, atingindo marcas superiores a 40% das inten\u00e7\u00f5es de voto. Em embates diretos no segundo turno, o ex-juiz da Lava Jato chega a ultrapassar os 50%, superando nomes como Alvaro Dias e Requi\u00e3o Filho.<\/p>\n\n\n\n<h3 class=\"wp-block-heading\">\u200bO &#8220;tapete&#8221; e a resist\u00eancia de Ricardo Barros<\/h3>\n\n\n\n<p class=\"wp-block-paragraph\">\u200bApesar do desempenho nas ruas, Moro enfrenta uma barreira institucional. Ricardo Barros, cacique do Progressistas e atual secret\u00e1rio de Ind\u00fastria, Com\u00e9rcio e Servi\u00e7os do Paran\u00e1, tem articulado uma resist\u00eancia ferrenha dentro da federa\u00e7\u00e3o. Informa\u00e7\u00f5es de bastidores indicam que o grupo de Barros tenta &#8220;puxar o tapete&#8221; de Moro, utilizando o veto do diret\u00f3rio estadual do PP como principal obst\u00e1culo jur\u00eddico para o registro da candidatura na chapa unificada.<\/p>\n\n\n\n<p class=\"wp-block-paragraph\">\u200bA estrat\u00e9gia de Barros visa garantir espa\u00e7o para Cida Borghetti, que j\u00e1 governou o estado e \u00e9 vista pelo PP como a representante natural do partido. Recentemente, Barros subiu o tom das cr\u00edticas, afirmando que Moro &#8220;n\u00e3o atrai pessoas&#8221; e sugerindo que o senador deveria buscar outra legenda caso n\u00e3o consiga converter os aliados do Progressistas.<\/p>\n\n\n\n<h3 class=\"wp-block-heading\">\u200bNegocia\u00e7\u00f5es travadas e o fator Alep<\/h3>\n\n\n\n<p class=\"wp-block-paragraph\">\u200bFontes ligadas ao Pal\u00e1cio Igua\u00e7u e \u00e0 Assembleia Legislativa do Paran\u00e1 (Alep) revelam que houve tentativas de di\u00e1logo sobre a distribui\u00e7\u00e3o de espa\u00e7os em um eventual governo Moro. Estariam na mesa de negocia\u00e7\u00f5es:<\/p>\n\n\n\n<ul class=\"wp-block-list\">\n<li>\u200b<strong>Cargos de primeiro escal\u00e3o:<\/strong> Secretarias estrat\u00e9gicas para o grupo de Barros.<\/li>\n\n\n\n<li>\u200b<strong>Tribunal de Contas (TC-PR):<\/strong> Indica\u00e7\u00f5es para futuras vagas de conselheiro.<\/li>\n\n\n\n<li>\u200b<strong>Comando da Alep:<\/strong> O controle da Presid\u00eancia e da Primeira Secretaria da Assembleia.<\/li>\n<\/ul>\n\n\n\n<p class=\"wp-block-paragraph\">\u200bEntretanto, at\u00e9 o momento, as conversas n\u00e3o flu\u00edram. Moro tem demonstrado intransig\u00eancia em ceder o protagonismo da chapa, apoiado pela c\u00fapula nacional do Uni\u00e3o Brasil, que considera sua candidatura irrevers\u00edvel e estrat\u00e9gica para o partido.<\/p>\n\n\n\n<h3 class=\"wp-block-heading\">\u200bCen\u00e1rio de incerteza jur\u00eddica<\/h3>\n\n\n\n<p class=\"wp-block-paragraph\">\u200bA crise na Federa\u00e7\u00e3o Progressista no Paran\u00e1 reflete um dilema nacional. Enquanto o presidente do Uni\u00e3o Brasil, Ant\u00f4nio Rueda, insiste na candidatura de Moro, o presidente nacional do PP, Ciro Nogueira, declarou que respeitar\u00e1 a decis\u00e3o do diret\u00f3rio estadual comandado por Barros.<\/p>\n\n\n\n<p class=\"wp-block-paragraph\">\u200bSe o impasse persistir, Moro poder\u00e1 ser for\u00e7ado a uma decis\u00e3o dr\u00e1stica: manter a queda de bra\u00e7o jur\u00eddica para garantir a legenda pela federa\u00e7\u00e3o ou migrar para outro partido para assegurar sua presen\u00e7a na urna. Enquanto isso, Ricardo Barros segue tentando pavimentar o caminho para Cida Borghetti, apostando que a m\u00e1quina partid\u00e1ria prevalecer\u00e1 sobre a popularidade das pesquisas.<\/p>\n\n\n\n<p class=\"wp-block-paragraph\"><\/p>\n","protected":false},"excerpt":{"rendered":"<p>CURITIBA \u2013 O cen\u00e1rio pol\u00edtico paranaense para 2026 registra uma temperatura elevada nos bastidores, com o senador S\u00e9rgio Moro (Uni\u00e3o Brasil) consolidando sua posi\u00e7\u00e3o como [&#8230;]<\/p>\n","protected":false},"author":1,"featured_media":3598,"comment_status":"open","ping_status":"open","sticky":false,"template":"","format":"standard","meta":{"_crdt_document":"","_jetpack_memberships_contains_paid_content":false,"footnotes":"","jetpack_publicize_message":"","jetpack_publicize_feature_enabled":true,"jetpack_social_post_already_shared":true,"jetpack_social_options":{"image_generator_settings":{"template":"highway","default_image_id":0,"font":"","enabled":false},"version":2}},"categories":[7],"tags":[],"class_list":["post-3597","post","type-post","status-publish","format-standard","has-post-thumbnail","hentry","category-politica"],"jetpack_publicize_connections":[],"jetpack_featured_media_url":"https:\/\/i0.wp.com\/oexpressobr.com.br\/wp-content\/uploads\/2026\/02\/Ricardo-Barros-Maria-Victoria-e-Sergio-Moro.jpg?fit=700%2C560&ssl=1","jetpack_likes_enabled":true,"jetpack_sharing_enabled":true,"_links":{"self":[{"href":"https:\/\/oexpressobr.com.br\/index.php?rest_route=\/wp\/v2\/posts\/3597","targetHints":{"allow":["GET"]}}],"collection":[{"href":"https:\/\/oexpressobr.com.br\/index.php?rest_route=\/wp\/v2\/posts"}],"about":[{"href":"https:\/\/oexpressobr.com.br\/index.php?rest_route=\/wp\/v2\/types\/post"}],"author":[{"embeddable":true,"href":"https:\/\/oexpressobr.com.br\/index.php?rest_route=\/wp\/v2\/users\/1"}],"replies":[{"embeddable":true,"href":"https:\/\/oexpressobr.com.br\/index.php?rest_route=%2Fwp%2Fv2%2Fcomments&post=3597"}],"version-history":[{"count":1,"href":"https:\/\/oexpressobr.com.br\/index.php?rest_route=\/wp\/v2\/posts\/3597\/revisions"}],"predecessor-version":[{"id":3599,"href":"https:\/\/oexpressobr.com.br\/index.php?rest_route=\/wp\/v2\/posts\/3597\/revisions\/3599"}],"wp:featuredmedia":[{"embeddable":true,"href":"https:\/\/oexpressobr.com.br\/index.php?rest_route=\/wp\/v2\/media\/3598"}],"wp:attachment":[{"href":"https:\/\/oexpressobr.com.br\/index.php?rest_route=%2Fwp%2Fv2%2Fmedia&parent=3597"}],"wp:term":[{"taxonomy":"category","embeddable":true,"href":"https:\/\/oexpressobr.com.br\/index.php?rest_route=%2Fwp%2Fv2%2Fcategories&post=3597"},{"taxonomy":"post_tag","embeddable":true,"href":"https:\/\/oexpressobr.com.br\/index.php?rest_route=%2Fwp%2Fv2%2Ftags&post=3597"}],"curies":[{"name":"wp","href":"https:\/\/api.w.org\/{rel}","templated":true}]}}