{"id":3600,"date":"2026-02-11T11:55:56","date_gmt":"2026-02-11T14:55:56","guid":{"rendered":"https:\/\/oexpressobr.com.br\/?p=3600"},"modified":"2026-02-11T11:55:59","modified_gmt":"2026-02-11T14:55:59","slug":"tce-pr-veda-pagamento-cumulativo-de-auxilio-alimentacao-e-diarias-a-servidores-de-assis-chateaubriand","status":"publish","type":"post","link":"https:\/\/oexpressobr.com.br\/?p=3600","title":{"rendered":"TCE-PR veda pagamento cumulativo de aux\u00edlio-alimenta\u00e7\u00e3o e di\u00e1rias a servidores de Assis Chateaubriand"},"content":{"rendered":"\n<p class=\"wp-block-paragraph\">\u200bO Tribunal de Contas do Estado do Paran\u00e1 (TCE-PR) fixou um importante entendimento jur\u00eddico que impacta diretamente a gest\u00e3o de pessoal e o pagamento de indeniza\u00e7\u00f5es em todos os munic\u00edpios paranaenses. Em resposta a uma consulta formulada pela Prefeitura de Assis Chateaubriand, a Corte de Contas reafirmou a impossibilidade do pagamento cumulativo de aux\u00edlio-alimenta\u00e7\u00e3o e di\u00e1rias para deslocamento quando ambos se referirem ao mesmo per\u00edodo.<\/p>\n\n\n\n<p class=\"wp-block-paragraph\">\u200bA decis\u00e3o, consubstanciada no <strong>Ac\u00f3rd\u00e3o n\u00ba 3450\/25<\/strong>, relatado pelo conselheiro Jose Durval Mattos do Amaral, esclarece que a pr\u00e1tica caracteriza duplicidade de benef\u00edcio (o chamado <em>bis in idem<\/em>). Segundo o Tribunal, como a di\u00e1ria de viagem j\u00e1 se destina a cobrir despesas com estadia e alimenta\u00e7\u00e3o fora da sede, o recebimento simult\u00e2neo do aux\u00edlio-alimenta\u00e7\u00e3o geraria um enriquecimento sem causa do servidor e um desvio de finalidade da verba p\u00fablica.<\/p>\n\n\n\n<p class=\"wp-block-paragraph\">\u200b<strong>Fundamentos da decis\u00e3o<\/strong><\/p>\n\n\n\n<p class=\"wp-block-paragraph\">A consulta foi motivada por d\u00favidas da administra\u00e7\u00e3o de Assis Chateaubriand sobre a legalidade de manter o cr\u00e9dito do cart\u00e3o-alimenta\u00e7\u00e3o nos dias em que o servidor estivesse em miss\u00e3o oficial recebendo di\u00e1rias. Ao analisar o caso, o TCE-PR destacou que a cumula\u00e7\u00e3o afronta tr\u00eas pilares da administra\u00e7\u00e3o p\u00fablica:<\/p>\n\n\n\n<ul class=\"wp-block-list\">\n<li>\u200b<strong>Legalidade:<\/strong> A norma deve prever a indeniza\u00e7\u00e3o para gastos reais, n\u00e3o para sobreposi\u00e7\u00e3o de valores.<\/li>\n\n\n\n<li>\u200b<strong>Moralidade:<\/strong> O pagamento duplo pelo mesmo fato gerador (a refei\u00e7\u00e3o) fere a \u00e9tica administrativa.<\/li>\n\n\n\n<li>\u200b<strong>Economicidade:<\/strong> O er\u00e1rio n\u00e3o pode ser onerado duas vezes para atender a uma \u00fanica necessidade do servidor.<\/li>\n<\/ul>\n\n\n\n<p class=\"wp-block-paragraph\">\u200b<strong>Impacto e jurisprud\u00eancia<\/strong><\/p>\n\n\n\n<p class=\"wp-block-paragraph\">A orienta\u00e7\u00e3o tem for\u00e7a normativa e deve servir de baliza para as prefeituras de todo o estado. O entendimento \u00e9 de que o aux\u00edlio-alimenta\u00e7\u00e3o pressup\u00f5e o exerc\u00edcio das fun\u00e7\u00f5es na unidade habitual. Quando h\u00e1 o deslocamento, a di\u00e1ria &#8220;substitui&#8221; a necessidade do aux\u00edlio para aquele per\u00edodo espec\u00edfico.<\/p>\n\n\n\n<p class=\"wp-block-paragraph\">\u200bRecentemente, em mar\u00e7o de 2025, o TCE-PR j\u00e1 havia esclarecido que tais verbas, por terem natureza estritamente indenizat\u00f3ria, n\u00e3o incidem no c\u00e1lculo do teto constitucional nem no limite de gastos com pessoal da Lei de Responsabilidade Fiscal (LRF). No entanto, essa natureza indenizat\u00f3ria exige que o pagamento seja rigorosamente vinculado \u00e0 efetiva despesa ou \u00e0 necessidade do servi\u00e7o, refor\u00e7ando a proibi\u00e7\u00e3o de ac\u00famulos indevidos.<\/p>\n\n\n\n<p class=\"wp-block-paragraph\">\u200bCom essa decis\u00e3o, os munic\u00edpios que eventualmente realizam o pagamento dobrado dever\u00e3o adequar suas legisla\u00e7\u00f5es e fluxos de pagamento para evitar san\u00e7\u00f5es e pedidos de devolu\u00e7\u00e3o de valores por parte dos \u00f3rg\u00e3os de controle.<\/p>\n","protected":false},"excerpt":{"rendered":"<p>\u200bO Tribunal de Contas do Estado do Paran\u00e1 (TCE-PR) fixou um importante entendimento jur\u00eddico que impacta diretamente a gest\u00e3o de pessoal e o pagamento de [&#8230;]<\/p>\n","protected":false},"author":1,"featured_media":3601,"comment_status":"open","ping_status":"open","sticky":false,"template":"","format":"standard","meta":{"_crdt_document":"","_jetpack_memberships_contains_paid_content":false,"footnotes":"","jetpack_publicize_message":"","jetpack_publicize_feature_enabled":true,"jetpack_social_post_already_shared":true,"jetpack_social_options":{"image_generator_settings":{"template":"highway","default_image_id":0,"font":"","enabled":false},"version":2}},"categories":[46],"tags":[],"class_list":["post-3600","post","type-post","status-publish","format-standard","has-post-thumbnail","hentry","category-cidades"],"jetpack_publicize_connections":[],"jetpack_featured_media_url":"https:\/\/i0.wp.com\/oexpressobr.com.br\/wp-content\/uploads\/2026\/02\/cartaoalimentacao.webp?fit=950%2C631&ssl=1","jetpack_likes_enabled":true,"jetpack_sharing_enabled":true,"_links":{"self":[{"href":"https:\/\/oexpressobr.com.br\/index.php?rest_route=\/wp\/v2\/posts\/3600","targetHints":{"allow":["GET"]}}],"collection":[{"href":"https:\/\/oexpressobr.com.br\/index.php?rest_route=\/wp\/v2\/posts"}],"about":[{"href":"https:\/\/oexpressobr.com.br\/index.php?rest_route=\/wp\/v2\/types\/post"}],"author":[{"embeddable":true,"href":"https:\/\/oexpressobr.com.br\/index.php?rest_route=\/wp\/v2\/users\/1"}],"replies":[{"embeddable":true,"href":"https:\/\/oexpressobr.com.br\/index.php?rest_route=%2Fwp%2Fv2%2Fcomments&post=3600"}],"version-history":[{"count":1,"href":"https:\/\/oexpressobr.com.br\/index.php?rest_route=\/wp\/v2\/posts\/3600\/revisions"}],"predecessor-version":[{"id":3602,"href":"https:\/\/oexpressobr.com.br\/index.php?rest_route=\/wp\/v2\/posts\/3600\/revisions\/3602"}],"wp:featuredmedia":[{"embeddable":true,"href":"https:\/\/oexpressobr.com.br\/index.php?rest_route=\/wp\/v2\/media\/3601"}],"wp:attachment":[{"href":"https:\/\/oexpressobr.com.br\/index.php?rest_route=%2Fwp%2Fv2%2Fmedia&parent=3600"}],"wp:term":[{"taxonomy":"category","embeddable":true,"href":"https:\/\/oexpressobr.com.br\/index.php?rest_route=%2Fwp%2Fv2%2Fcategories&post=3600"},{"taxonomy":"post_tag","embeddable":true,"href":"https:\/\/oexpressobr.com.br\/index.php?rest_route=%2Fwp%2Fv2%2Ftags&post=3600"}],"curies":[{"name":"wp","href":"https:\/\/api.w.org\/{rel}","templated":true}]}}