{"id":3604,"date":"2026-02-11T20:33:58","date_gmt":"2026-02-11T23:33:58","guid":{"rendered":"https:\/\/oexpressobr.com.br\/?p=3604"},"modified":"2026-02-11T20:38:07","modified_gmt":"2026-02-11T23:38:07","slug":"justica-italiana-nega-troca-de-juizes-e-mantem-processo-de-extradicao-de-carla-zambelli","status":"publish","type":"post","link":"https:\/\/oexpressobr.com.br\/?p=3604","title":{"rendered":"Justi\u00e7a italiana nega troca de ju\u00edzes e mant\u00e9m processo de extradi\u00e7\u00e3o de Carla Zambelli"},"content":{"rendered":"\n<p class=\"wp-block-paragraph\">A Justi\u00e7a da It\u00e1lia deu um passo decisivo nesta quarta-feira (11) ao rejeitar o pedido da defesa da ex-deputada federal <strong>Carla Zambelli<\/strong> para a substitui\u00e7\u00e3o dos magistrados respons\u00e1veis por analisar seu processo de extradi\u00e7\u00e3o. Com a negativa, o Tribunal de Apela\u00e7\u00f5es de Roma mant\u00e9m o rito processual que pode resultar no retorno da brasileira ao pa\u00eds para o cumprimento de sua pena.<\/p>\n\n\n\n<h3 class=\"wp-block-heading\">\u200bO Cen\u00e1rio Atual em Roma<\/h3>\n\n\n\n<p class=\"wp-block-paragraph\">\u200bZambelli, que est\u00e1 detida na <strong>penitenci\u00e1ria feminina de Rebibbia<\/strong>, em Roma, acompanhou a audi\u00eancia de forma virtual. A defesa da ex-parlamentar alegava suspei\u00e7\u00e3o do colegiado, na tentativa de transferir o caso para outros ju\u00edzes, estrat\u00e9gia que foi prontamente barrada pela corte italiana.<\/p>\n\n\n\n<p class=\"wp-block-paragraph\">\u200b<strong>Pontos-chave do julgamento:<\/strong><\/p>\n\n\n\n<ul class=\"wp-block-list\">\n<li>\u200b<strong>Decis\u00e3o:<\/strong> O pedido de troca de ju\u00edzes foi considerado improcedente.<\/li>\n\n\n\n<li>\u200b<strong>Prazo:<\/strong> A defesa possui agora <strong>15 dias<\/strong> para apresentar novos recursos contra essa decis\u00e3o espec\u00edfica.<\/li>\n\n\n\n<li>\u200b<strong>Pr\u00f3ximos passos:<\/strong> Caso os recursos sejam esgotados, o tribunal passar\u00e1 a analisar o m\u00e9rito do pedido de extradi\u00e7\u00e3o enviado pelo governo brasileiro.<\/li>\n<\/ul>\n\n\n\n<h3 class=\"wp-block-heading\">\u200bEntenda o Caso<\/h3>\n\n\n\n<p class=\"wp-block-paragraph\">\u200bA ex-deputada foi condenada pelo <strong>Supremo Tribunal Federal (STF)<\/strong> a uma pena de <strong>10 anos de pris\u00e3o<\/strong>. A condena\u00e7\u00e3o refere-se \u00e0 invas\u00e3o do sistema do Conselho Nacional de Justi\u00e7a (CNJ), epis\u00f3dio em que foram inseridos documentos falsos, incluindo um mandado de pris\u00e3o fict\u00edcio contra o ministro Alexandre de Moraes.<\/p>\n\n\n\n<p class=\"wp-block-paragraph\">\u200bAp\u00f3s a senten\u00e7a, Zambelli deixou o Brasil, sendo posteriormente localizada e detida pelas autoridades italianas em cumprimento a um mandado de captura internacional.<\/p>\n\n\n\n<h3 class=\"wp-block-heading\">\u200bContexto Diplom\u00e1tico e Jur\u00eddico<\/h3>\n\n\n\n<p class=\"wp-block-paragraph\">\u200bEmbora Zambelli possua cidadania italiana, o tratado de extradi\u00e7\u00e3o entre Brasil e It\u00e1lia permite o envio de cidad\u00e3os em casos de crimes comuns, desde que respeitados os requisitos de dupla tipicidade (quando o ato \u00e9 crime em ambos os pa\u00edses). A defesa aposta na tese de &#8220;persegui\u00e7\u00e3o pol\u00edtica&#8221; para evitar a extradi\u00e7\u00e3o, argumento que ser\u00e1 o centro da pr\u00f3xima fase do julgamento.<\/p>\n\n\n\n<blockquote class=\"wp-block-quote is-layout-flow wp-block-quote-is-layout-flow\">\n<p class=\"wp-block-paragraph\">\u200b<strong>Nota:<\/strong> A an\u00e1lise do m\u00e9rito da extradi\u00e7\u00e3o deve ser retomada assim que os prazos recursais da decis\u00e3o de hoje forem conclu\u00eddos.<\/p>\n<\/blockquote>\n","protected":false},"excerpt":{"rendered":"<p>A Justi\u00e7a da It\u00e1lia deu um passo decisivo nesta quarta-feira (11) ao rejeitar o pedido da defesa da ex-deputada federal Carla Zambelli para a substitui\u00e7\u00e3o [&#8230;]<\/p>\n","protected":false},"author":1,"featured_media":3605,"comment_status":"open","ping_status":"open","sticky":false,"template":"","format":"standard","meta":{"_crdt_document":"","_jetpack_memberships_contains_paid_content":false,"footnotes":"","jetpack_publicize_message":"","jetpack_publicize_feature_enabled":true,"jetpack_social_post_already_shared":true,"jetpack_social_options":{"image_generator_settings":{"template":"highway","default_image_id":0,"font":"","enabled":false},"version":2}},"categories":[8],"tags":[],"class_list":["post-3604","post","type-post","status-publish","format-standard","has-post-thumbnail","hentry","category-judiciario"],"jetpack_publicize_connections":[],"jetpack_featured_media_url":"https:\/\/i0.wp.com\/oexpressobr.com.br\/wp-content\/uploads\/2026\/02\/images28.jpg?fit=390%2C512&ssl=1","jetpack_likes_enabled":true,"jetpack_sharing_enabled":true,"_links":{"self":[{"href":"https:\/\/oexpressobr.com.br\/index.php?rest_route=\/wp\/v2\/posts\/3604","targetHints":{"allow":["GET"]}}],"collection":[{"href":"https:\/\/oexpressobr.com.br\/index.php?rest_route=\/wp\/v2\/posts"}],"about":[{"href":"https:\/\/oexpressobr.com.br\/index.php?rest_route=\/wp\/v2\/types\/post"}],"author":[{"embeddable":true,"href":"https:\/\/oexpressobr.com.br\/index.php?rest_route=\/wp\/v2\/users\/1"}],"replies":[{"embeddable":true,"href":"https:\/\/oexpressobr.com.br\/index.php?rest_route=%2Fwp%2Fv2%2Fcomments&post=3604"}],"version-history":[{"count":1,"href":"https:\/\/oexpressobr.com.br\/index.php?rest_route=\/wp\/v2\/posts\/3604\/revisions"}],"predecessor-version":[{"id":3606,"href":"https:\/\/oexpressobr.com.br\/index.php?rest_route=\/wp\/v2\/posts\/3604\/revisions\/3606"}],"wp:featuredmedia":[{"embeddable":true,"href":"https:\/\/oexpressobr.com.br\/index.php?rest_route=\/wp\/v2\/media\/3605"}],"wp:attachment":[{"href":"https:\/\/oexpressobr.com.br\/index.php?rest_route=%2Fwp%2Fv2%2Fmedia&parent=3604"}],"wp:term":[{"taxonomy":"category","embeddable":true,"href":"https:\/\/oexpressobr.com.br\/index.php?rest_route=%2Fwp%2Fv2%2Fcategories&post=3604"},{"taxonomy":"post_tag","embeddable":true,"href":"https:\/\/oexpressobr.com.br\/index.php?rest_route=%2Fwp%2Fv2%2Ftags&post=3604"}],"curies":[{"name":"wp","href":"https:\/\/api.w.org\/{rel}","templated":true}]}}