{"id":3608,"date":"2026-02-11T20:42:41","date_gmt":"2026-02-11T23:42:41","guid":{"rendered":"https:\/\/oexpressobr.com.br\/?p=3608"},"modified":"2026-02-11T20:42:43","modified_gmt":"2026-02-11T23:42:43","slug":"wagner-moura-e-kleber-mendonca-filho-celebram-indicacoes-de-o-agente-secreto-no-tradicional-almoco-do-oscar","status":"publish","type":"post","link":"https:\/\/oexpressobr.com.br\/?p=3608","title":{"rendered":"Wagner Moura e Kleber Mendon\u00e7a Filho celebram indica\u00e7\u00f5es de &#8220;O Agente Secreto&#8221; no tradicional almo\u00e7o do Oscar"},"content":{"rendered":"\n<p class=\"wp-block-paragraph\">\u200bO clima de prest\u00edgio e celebra\u00e7\u00e3o tomou conta de Los Angeles nesta segunda-feira, durante o tradicional almo\u00e7o dos indicados ao <strong>Oscar 2026<\/strong>. O evento, marcado pela famosa &#8220;foto de formatura&#8221; que re\u00fane os maiores nomes do cinema mundial, teve um brilho especial para o Brasil com a presen\u00e7a da comitiva de <strong>&#8220;O Agente Secreto&#8221;<\/strong> e o reconhecimento do talento t\u00e9cnico nacional em produ\u00e7\u00f5es internacionais.<\/p>\n\n\n\n<h3 class=\"wp-block-heading\">\u200bO Brasil no centro dos holofotes<\/h3>\n\n\n\n<p class=\"wp-block-paragraph\">\u200bO diretor <strong>Kleber Mendon\u00e7a Filho<\/strong>, a produtora <strong>Emilie Lesclaux<\/strong> e o ator <strong>Wagner Moura<\/strong> representaram o longa brasileiro que conquistou a Academia, garantindo <strong>quatro indica\u00e7\u00f5es<\/strong> cruciais na premia\u00e7\u00e3o deste ano.<\/p>\n\n\n\n<p class=\"wp-block-paragraph\">\u200bA produ\u00e7\u00e3o, que marca o retorno de Kleber \u00e0 fic\u00e7\u00e3o de \u00e9poca com um suspense pol\u00edtico ambientado no Recife dos anos 70, consolidou-se como um dos favoritos da temporada. Nas redes sociais, o diretor n\u00e3o escondeu o entusiasmo:<\/p>\n\n\n\n<blockquote class=\"wp-block-quote is-layout-flow wp-block-quote-is-layout-flow\">\n<p class=\"wp-block-paragraph\">\u200b&#8221;De longe a melhor festa de formatura que eu j\u00e1 fui&#8221;, brincou Kleber em sua conta oficial, compartilhando bastidores do evento.<\/p>\n<\/blockquote>\n\n\n\n<h3 class=\"wp-block-heading\">\u200bFotografia brasileira em dose dupla<\/h3>\n\n\n\n<p class=\"wp-block-paragraph\">\u200bAl\u00e9m da equipe de &#8220;O Agente Secreto&#8221;, o Brasil marcou presen\u00e7a na categoria de <strong>Melhor Fotografia<\/strong>. O diretor de fotografia <strong>Adolpho Veloso<\/strong> compareceu ao almo\u00e7o como indicado pelo seu trabalho em <strong>\u201cSonhos de Trem&#8221;<\/strong>, refor\u00e7ando a fase de ouro dos profissionais brasileiros no exterior.<\/p>\n\n\n\n<p class=\"wp-block-paragraph\">\u200bA intera\u00e7\u00e3o entre os indicados brasileiros durante o evento foi um dos pontos altos para a imprensa nacional, simbolizando um dos anos mais vitoriosos para o cinema do pa\u00eds desde a virada do mil\u00eanio.<\/p>\n\n\n\n<h3 class=\"wp-block-heading\">\u200bExpectativas para a grande noite<\/h3>\n\n\n\n<p class=\"wp-block-paragraph\">\u200bCom o encerramento do almo\u00e7o, come\u00e7a a contagem regressiva para a cerim\u00f4nia oficial. &#8220;O Agente Secreto&#8221; chega \u00e0 reta final com forte apoio da cr\u00edtica internacional, especialmente pelo desempenho de Wagner Moura, que figura entre os favoritos nas bolsas de apostas.<\/p>\n\n\n\n<p class=\"wp-block-paragraph\">\u200b<strong>Principais indica\u00e7\u00f5es de &#8220;O Agente Secreto&#8221;:<\/strong><\/p>\n\n\n\n<ul class=\"wp-block-list\">\n<li>\u200bMelhor Filme Internacional<\/li>\n\n\n\n<li>\u200bMelhor Dire\u00e7\u00e3o (Kleber Mendon\u00e7a Filho)<\/li>\n\n\n\n<li>\u200bMelhor Ator (Wagner Moura)<\/li>\n\n\n\n<li>\u200bMelhor Roteiro Original<\/li>\n<\/ul>\n","protected":false},"excerpt":{"rendered":"<p>\u200bO clima de prest\u00edgio e celebra\u00e7\u00e3o tomou conta de Los Angeles nesta segunda-feira, durante o tradicional almo\u00e7o dos indicados ao Oscar 2026. O evento, marcado [&#8230;]<\/p>\n","protected":false},"author":1,"featured_media":3609,"comment_status":"open","ping_status":"open","sticky":false,"template":"","format":"standard","meta":{"_crdt_document":"","_jetpack_memberships_contains_paid_content":false,"footnotes":"","jetpack_publicize_message":"","jetpack_publicize_feature_enabled":true,"jetpack_social_post_already_shared":true,"jetpack_social_options":{"image_generator_settings":{"template":"highway","default_image_id":0,"font":"","enabled":false},"version":2}},"categories":[31],"tags":[],"class_list":["post-3608","post","type-post","status-publish","format-standard","has-post-thumbnail","hentry","category-entretenimento"],"jetpack_publicize_connections":[],"jetpack_featured_media_url":"https:\/\/i0.wp.com\/oexpressobr.com.br\/wp-content\/uploads\/2026\/02\/IMG-20260211-WA0201.jpg?fit=1600%2C905&ssl=1","jetpack_likes_enabled":true,"jetpack_sharing_enabled":true,"_links":{"self":[{"href":"https:\/\/oexpressobr.com.br\/index.php?rest_route=\/wp\/v2\/posts\/3608","targetHints":{"allow":["GET"]}}],"collection":[{"href":"https:\/\/oexpressobr.com.br\/index.php?rest_route=\/wp\/v2\/posts"}],"about":[{"href":"https:\/\/oexpressobr.com.br\/index.php?rest_route=\/wp\/v2\/types\/post"}],"author":[{"embeddable":true,"href":"https:\/\/oexpressobr.com.br\/index.php?rest_route=\/wp\/v2\/users\/1"}],"replies":[{"embeddable":true,"href":"https:\/\/oexpressobr.com.br\/index.php?rest_route=%2Fwp%2Fv2%2Fcomments&post=3608"}],"version-history":[{"count":1,"href":"https:\/\/oexpressobr.com.br\/index.php?rest_route=\/wp\/v2\/posts\/3608\/revisions"}],"predecessor-version":[{"id":3610,"href":"https:\/\/oexpressobr.com.br\/index.php?rest_route=\/wp\/v2\/posts\/3608\/revisions\/3610"}],"wp:featuredmedia":[{"embeddable":true,"href":"https:\/\/oexpressobr.com.br\/index.php?rest_route=\/wp\/v2\/media\/3609"}],"wp:attachment":[{"href":"https:\/\/oexpressobr.com.br\/index.php?rest_route=%2Fwp%2Fv2%2Fmedia&parent=3608"}],"wp:term":[{"taxonomy":"category","embeddable":true,"href":"https:\/\/oexpressobr.com.br\/index.php?rest_route=%2Fwp%2Fv2%2Fcategories&post=3608"},{"taxonomy":"post_tag","embeddable":true,"href":"https:\/\/oexpressobr.com.br\/index.php?rest_route=%2Fwp%2Fv2%2Ftags&post=3608"}],"curies":[{"name":"wp","href":"https:\/\/api.w.org\/{rel}","templated":true}]}}