{"id":3611,"date":"2026-02-11T20:47:56","date_gmt":"2026-02-11T23:47:56","guid":{"rendered":"https:\/\/oexpressobr.com.br\/?p=3611"},"modified":"2026-02-11T20:47:57","modified_gmt":"2026-02-11T23:47:57","slug":"shakira-e-confirmada-para-megashow-gratuito-na-praia-de-copacabana-em-maio-de-2026","status":"publish","type":"post","link":"https:\/\/oexpressobr.com.br\/?p=3611","title":{"rendered":"Shakira \u00e9 confirmada para megashow gratuito na Praia de Copacabana em maio de 2026"},"content":{"rendered":"\n<p class=\"wp-block-paragraph\">\u200bA espera acabou para os f\u00e3s da m\u00fasica latina. A cantora colombiana <strong>Shakira<\/strong> ser\u00e1 a grande estrela da terceira edi\u00e7\u00e3o do evento <strong>&#8220;Todo Mundo no Rio&#8221;<\/strong>, que acontece na Praia de Copacabana. A confirma\u00e7\u00e3o oficial foi feita nesta quarta-feira (11) pelo prefeito do Rio de Janeiro, Eduardo Paes, e pela produtora <strong>Bonus Track<\/strong>, ap\u00f3s meses de especula\u00e7\u00f5es que envolveram nomes como Britney Spears e Justin Bieber.<\/p>\n\n\n\n<p class=\"wp-block-paragraph\">\u200bO espet\u00e1culo est\u00e1 marcado para o dia <strong>2 de maio de 2026<\/strong>, com in\u00edcio previsto para as <strong>21h45<\/strong>. O contrato foi assinado na \u00faltima ter\u00e7a-feira (10) pelo empres\u00e1rio Luiz Oscar Niemeyer, consolidando Shakira como a sucessora de Madonna (2024) e Lady Gaga (2025) no palco das areias cariocas.<\/p>\n\n\n\n<h3 class=\"wp-block-heading\">\u200bDetalhes do evento e transmiss\u00e3o<\/h3>\n\n\n\n<p class=\"wp-block-paragraph\">\u200bO show gratuito promete repetir o impacto das edi\u00e7\u00f5es anteriores, que mobilizaram milh\u00f5es de pessoas na orla. Al\u00e9m do p\u00fablico presencial, a apresenta\u00e7\u00e3o ter\u00e1 ampla cobertura midi\u00e1tica:<\/p>\n\n\n\n<ul class=\"wp-block-list\">\n<li>\u200b<strong>Transmiss\u00e3o ao vivo:<\/strong> TV Globo, Multishow e Globoplay.<\/li>\n\n\n\n<li>\u200b<strong>Patroc\u00ednio:<\/strong> O evento conta com o apoio de marcas como Corona e Santander.<\/li>\n\n\n\n<li>\u200b<strong>Abertura:<\/strong> Haver\u00e1 um show de abertura antes da entrada da colombiana, mas o nome do artista convidado ainda \u00e9 mantido em sigilo.<\/li>\n<\/ul>\n\n\n\n<h3 class=\"wp-block-heading\">\u200bO retorno da loba ao Brasil<\/h3>\n\n\n\n<p class=\"wp-block-paragraph\">\u200bA apresenta\u00e7\u00e3o em Copacabana far\u00e1 parte da aclamada turn\u00ea <strong>&#8220;Las Mujeres Ya No Lloram World Tour&#8221;<\/strong>. Curiosamente, a rela\u00e7\u00e3o de Shakira com o Rio de Janeiro nesta fase \u00e9 marcante: a turn\u00ea global teve seu pontap\u00e9 inicial justamente na capital fluminense, no Est\u00e1dio Nilton Santos, exatamente um ano antes da data marcada para o show em Copacabana.<\/p>\n\n\n\n<blockquote class=\"wp-block-quote is-layout-flow wp-block-quote-is-layout-flow\">\n<p class=\"wp-block-paragraph\">\u200b&#8221;Confirmo! De agora em diante cobrem do [vice-prefeito] Eduardo Cavaliere!&#8221;, brincou o prefeito Eduardo Paes em suas redes sociais ao anunciar a vinda da artista.<\/p>\n<\/blockquote>\n\n\n\n<p class=\"wp-block-paragraph\">\u200bCom um repert\u00f3rio que deve mesclar hits hist\u00f3ricos como <em>&#8220;Hips Don\u2019t Lie&#8221;<\/em> e <em>&#8220;Waka Waka&#8221;<\/em> com os novos sucessos de seu \u00faltimo \u00e1lbum, a expectativa \u00e9 que o &#8220;Shakicabana&#8221; atraia cerca de <strong>1,5 milh\u00e3o de pessoas<\/strong>, movimentando intensamente o setor de turismo e hotelaria da cidade.<\/p>\n\n\n\n<h3 class=\"wp-block-heading\">\u200bPr\u00f3ximos passos<\/h3>\n\n\n\n<p class=\"wp-block-paragraph\">\u200bUma coletiva de imprensa est\u00e1 agendada para esta quinta-feira (12), \u00e0s 15h, no Rio de Janeiro, onde a Prefeitura e a Bonus Track devem detalhar o esquema de seguran\u00e7a, log\u00edstica de transporte e poss\u00edveis participa\u00e7\u00f5es especiais.<\/p>\n","protected":false},"excerpt":{"rendered":"<p>\u200bA espera acabou para os f\u00e3s da m\u00fasica latina. A cantora colombiana Shakira ser\u00e1 a grande estrela da terceira edi\u00e7\u00e3o do evento &#8220;Todo Mundo no [&#8230;]<\/p>\n","protected":false},"author":1,"featured_media":3612,"comment_status":"open","ping_status":"open","sticky":false,"template":"","format":"standard","meta":{"_crdt_document":"","_jetpack_memberships_contains_paid_content":false,"footnotes":"","jetpack_publicize_message":"","jetpack_publicize_feature_enabled":true,"jetpack_social_post_already_shared":true,"jetpack_social_options":{"image_generator_settings":{"template":"highway","default_image_id":0,"font":"","enabled":false},"version":2}},"categories":[31],"tags":[],"class_list":["post-3611","post","type-post","status-publish","format-standard","has-post-thumbnail","hentry","category-entretenimento"],"jetpack_publicize_connections":[],"jetpack_featured_media_url":"https:\/\/i0.wp.com\/oexpressobr.com.br\/wp-content\/uploads\/2026\/02\/images29.jpg?fit=576%2C384&ssl=1","jetpack_likes_enabled":true,"jetpack_sharing_enabled":true,"_links":{"self":[{"href":"https:\/\/oexpressobr.com.br\/index.php?rest_route=\/wp\/v2\/posts\/3611","targetHints":{"allow":["GET"]}}],"collection":[{"href":"https:\/\/oexpressobr.com.br\/index.php?rest_route=\/wp\/v2\/posts"}],"about":[{"href":"https:\/\/oexpressobr.com.br\/index.php?rest_route=\/wp\/v2\/types\/post"}],"author":[{"embeddable":true,"href":"https:\/\/oexpressobr.com.br\/index.php?rest_route=\/wp\/v2\/users\/1"}],"replies":[{"embeddable":true,"href":"https:\/\/oexpressobr.com.br\/index.php?rest_route=%2Fwp%2Fv2%2Fcomments&post=3611"}],"version-history":[{"count":1,"href":"https:\/\/oexpressobr.com.br\/index.php?rest_route=\/wp\/v2\/posts\/3611\/revisions"}],"predecessor-version":[{"id":3613,"href":"https:\/\/oexpressobr.com.br\/index.php?rest_route=\/wp\/v2\/posts\/3611\/revisions\/3613"}],"wp:featuredmedia":[{"embeddable":true,"href":"https:\/\/oexpressobr.com.br\/index.php?rest_route=\/wp\/v2\/media\/3612"}],"wp:attachment":[{"href":"https:\/\/oexpressobr.com.br\/index.php?rest_route=%2Fwp%2Fv2%2Fmedia&parent=3611"}],"wp:term":[{"taxonomy":"category","embeddable":true,"href":"https:\/\/oexpressobr.com.br\/index.php?rest_route=%2Fwp%2Fv2%2Fcategories&post=3611"},{"taxonomy":"post_tag","embeddable":true,"href":"https:\/\/oexpressobr.com.br\/index.php?rest_route=%2Fwp%2Fv2%2Ftags&post=3611"}],"curies":[{"name":"wp","href":"https:\/\/api.w.org\/{rel}","templated":true}]}}